{"id":1305,"date":"2020-09-02T15:49:24","date_gmt":"2020-09-02T15:49:24","guid":{"rendered":"https:\/\/metodoformacion.com\/blog\/?p=1305"},"modified":"2021-12-31T11:23:17","modified_gmt":"2021-12-31T11:23:17","slug":"cursos-certificado-profesionalidad-vigo","status":"publish","type":"post","link":"https:\/\/metodoformacion.com\/blog\/cursos-certificado-profesionalidad-vigo\/","title":{"rendered":"Certificados de profesionalidad en Vigo"},"content":{"rendered":"<p>Vigo por la inserci\u00f3n laboral es un proyecto promovido por el Ayuntamiento de Vigo que se desarrolla en el \u00e1mbito de la inclusi\u00f3n social, lucha contra la pobreza y la discriminaci\u00f3n\u00a0 a trav\u00e9s de la mejora de la inserci\u00f3n socio-laboral de personas en situaci\u00f3n o riesgo de exclusi\u00f3n social; para conseguirlo, se ofrecen itinerarios integrados y personalizados de contenido formativo en los que se incluyen certificados de profesionalidad. El proyecto se enmarca dentro del \u00a0Programa Operativo de Empleo, Formaci\u00f3n y Educaci\u00f3n (POEFE) financiado por el Fondo Social Europeo (FSE)\u00a0 de la Uni\u00f3n Europea.<\/p>\n<p><span style=\"color: #383434;\"><strong>\u00a0<\/strong><\/span><\/p>\n<div id=\"ez-toc-container\" class=\"ez-toc-v2_0_62 counter-hierarchy ez-toc-counter ez-toc-custom ez-toc-container-direction\">\n<p class=\"ez-toc-title\">Hablamos sobre...<\/p>\n<label for=\"ez-toc-cssicon-toggle-item-69f277df1c5bd\" class=\"ez-toc-cssicon-toggle-label\"><span class=\"\"><span class=\"eztoc-hide\" style=\"display:none;\">Toggle<\/span><span class=\"ez-toc-icon-toggle-span\"><svg style=\"fill: #000000;color:#000000\" xmlns=\"http:\/\/www.w3.org\/2000\/svg\" class=\"list-377408\" width=\"20px\" height=\"20px\" viewBox=\"0 0 24 24\" fill=\"none\"><path d=\"M6 6H4v2h2V6zm14 0H8v2h12V6zM4 11h2v2H4v-2zm16 0H8v2h12v-2zM4 16h2v2H4v-2zm16 0H8v2h12v-2z\" fill=\"currentColor\"><\/path><\/svg><svg style=\"fill: #000000;color:#000000\" class=\"arrow-unsorted-368013\" xmlns=\"http:\/\/www.w3.org\/2000\/svg\" width=\"10px\" height=\"10px\" viewBox=\"0 0 24 24\" version=\"1.2\" baseProfile=\"tiny\"><path d=\"M18.2 9.3l-6.2-6.3-6.2 6.3c-.2.2-.3.4-.3.7s.1.5.3.7c.2.2.4.3.7.3h11c.3 0 .5-.1.7-.3.2-.2.3-.5.3-.7s-.1-.5-.3-.7zM5.8 14.7l6.2 6.3 6.2-6.3c.2-.2.3-.5.3-.7s-.1-.5-.3-.7c-.2-.2-.4-.3-.7-.3h-11c-.3 0-.5.1-.7.3-.2.2-.3.5-.3.7s.1.5.3.7z\"\/><\/svg><\/span><\/span><\/label><input type=\"checkbox\"  id=\"ez-toc-cssicon-toggle-item-69f277df1c5bd\" checked aria-label=\"Toggle\" \/><nav><ul class='ez-toc-list ez-toc-list-level-1 ' ><li class='ez-toc-page-1 ez-toc-heading-level-2'><a class=\"ez-toc-link ez-toc-heading-1\" href=\"https:\/\/metodoformacion.com\/blog\/cursos-certificado-profesionalidad-vigo\/#El_Fondo_Social_Europeo_invierte_en_tu_futuro\" title=\"El Fondo Social Europeo invierte en tu futuro\">El Fondo Social Europeo invierte en tu futuro<\/a><\/li><li class='ez-toc-page-1 ez-toc-heading-level-2'><a class=\"ez-toc-link ez-toc-heading-2\" href=\"https:\/\/metodoformacion.com\/blog\/cursos-certificado-profesionalidad-vigo\/#%C2%BFQue_son_los_certificados_de_profesionalidad\" title=\"\u00bfQu\u00e9 son los certificados de profesionalidad?\">\u00bfQu\u00e9 son los certificados de profesionalidad?<\/a><ul class='ez-toc-list-level-3' ><li class='ez-toc-heading-level-3'><a class=\"ez-toc-link ez-toc-heading-3\" href=\"https:\/\/metodoformacion.com\/blog\/cursos-certificado-profesionalidad-vigo\/#Como_conseguir_un_certificado_de_profesionalidad\" title=\"C\u00f3mo conseguir un certificado de profesionalidad\">C\u00f3mo conseguir un certificado de profesionalidad<\/a><\/li><li class='ez-toc-page-1 ez-toc-heading-level-3'><a class=\"ez-toc-link ez-toc-heading-4\" href=\"https:\/\/metodoformacion.com\/blog\/cursos-certificado-profesionalidad-vigo\/#4_razones_para_hacer_un_certificado_de_profesionalidad\" title=\"4 razones para hacer un certificado de profesionalidad\">4 razones para hacer un certificado de profesionalidad<\/a><\/li><li class='ez-toc-page-1 ez-toc-heading-level-3'><a class=\"ez-toc-link ez-toc-heading-5\" href=\"https:\/\/metodoformacion.com\/blog\/cursos-certificado-profesionalidad-vigo\/#Requisitos_de_los_certificados_de_profesionalidad\" title=\"Requisitos de los certificados de profesionalidad\">Requisitos de los certificados de profesionalidad<\/a><ul class='ez-toc-list-level-4' ><li class='ez-toc-heading-level-4'><a class=\"ez-toc-link ez-toc-heading-6\" href=\"https:\/\/metodoformacion.com\/blog\/cursos-certificado-profesionalidad-vigo\/#Certificados_de_nivel_1\" title=\"Certificados de nivel 1\">Certificados de nivel 1<\/a><\/li><li class='ez-toc-page-1 ez-toc-heading-level-4'><a class=\"ez-toc-link ez-toc-heading-7\" href=\"https:\/\/metodoformacion.com\/blog\/cursos-certificado-profesionalidad-vigo\/#Certificados_de_nivel_2\" title=\"Certificados de nivel 2\">Certificados de nivel 2<\/a><\/li><li class='ez-toc-page-1 ez-toc-heading-level-4'><a class=\"ez-toc-link ez-toc-heading-8\" href=\"https:\/\/metodoformacion.com\/blog\/cursos-certificado-profesionalidad-vigo\/#Certificados_de_nivel_3\" title=\"Certificados de nivel 3\">Certificados de nivel 3<\/a><\/li><\/ul><\/li><li class='ez-toc-page-1 ez-toc-heading-level-3'><a class=\"ez-toc-link ez-toc-heading-9\" href=\"https:\/\/metodoformacion.com\/blog\/cursos-certificado-profesionalidad-vigo\/#Grupo_Metodo_colabora_con_el_Ayuntamiento_de_Vigo_por_la_insercion_laboral\" title=\"Grupo M\u00e9todo colabora con el Ayuntamiento de Vigo por la inserci\u00f3n laboral\">Grupo M\u00e9todo colabora con el Ayuntamiento de Vigo por la inserci\u00f3n laboral<\/a><ul class='ez-toc-list-level-4' ><li class='ez-toc-heading-level-4'><a class=\"ez-toc-link ez-toc-heading-10\" href=\"https:\/\/metodoformacion.com\/blog\/cursos-certificado-profesionalidad-vigo\/#Organizacion_y_gestion_de_almacenes_COML0309\" title=\"Organizaci\u00f3n y gesti\u00f3n de almacenes (COML0309)\">Organizaci\u00f3n y gesti\u00f3n de almacenes (COML0309)<\/a><\/li><li class='ez-toc-page-1 ez-toc-heading-level-4'><a class=\"ez-toc-link ez-toc-heading-11\" href=\"https:\/\/metodoformacion.com\/blog\/cursos-certificado-profesionalidad-vigo\/#Actividades_de_gestion_del_pequeno_comercio_COMT0112\" title=\"Actividades de gesti\u00f3n del peque\u00f1o comercio (COMT0112)\">Actividades de gesti\u00f3n del peque\u00f1o comercio (COMT0112)<\/a><\/li><\/ul><\/li><li class='ez-toc-page-1 ez-toc-heading-level-3'><a class=\"ez-toc-link ez-toc-heading-12\" href=\"https:\/\/metodoformacion.com\/blog\/cursos-certificado-profesionalidad-vigo\/#Inscripciones_e_informacion\" title=\"Inscripciones e informaci\u00f3n\">Inscripciones e informaci\u00f3n<\/a><\/li><\/ul><\/li><\/ul><\/nav><\/div>\n<h2><span class=\"ez-toc-section\" id=\"El_Fondo_Social_Europeo_invierte_en_tu_futuro\"><\/span>El Fondo Social Europeo invierte en tu futuro<span class=\"ez-toc-section-end\"><\/span><\/h2>\n<p>Los itinerarios formativos de este proyecto contienen formaci\u00f3n espec\u00edfica acreditada, que son los certificados de profesionalidad, y tambi\u00e9n contiene formaci\u00f3n transversal y complementaria en materia empleabilidad, b\u00fasqueda de empleo, habilidades comunicativas, etc.<\/p>\n<p><img loading=\"lazy\" class=\"wp-image-1318 aligncenter\" src=\"https:\/\/metodoformacion.com\/blog\/wp-content\/uploads\/2020\/09\/fse-ue-1024x256.jpg\" alt=\"Fondo Social Europeo\" width=\"486\" height=\"124\" \/><\/p>\n<p>Este proyecto de formaci\u00f3n est\u00e1 destinado a personas dadas de alta como demandantes de empleo en Vigo y que pertenecen a los colectivos vulnerables que detalla la Resoluci\u00f3n de la convocatoria de ayudas del Fondo Social Europeo.<\/p>\n<p>Estos colectivos son aquellos formados por personas:<\/p>\n<ul style=\"list-style-type: square;\">\n<li>Desempleadas de larga duraci\u00f3n<\/li>\n<li>J\u00f3venes menores de 30 a\u00f1os no atendidos por el \u201cproyecto Operativo de Empleo Juvenil\u201d<\/li>\n<li>Mayores de 55 a\u00f1os<\/li>\n<li>Con discapacidad<\/li>\n<li>Inmigrantes<\/li>\n<li>De minor\u00edas \u00e9tnicas y de comunidades marginadas<\/li>\n<li>Pertenecientes a otros colectivos desfavorecidos en situaci\u00f3n de vulnerabilidad, acreditada por un informe de los servicios sociales<\/li>\n<\/ul>\n<p>Inicialmente, Vigo por la inserci\u00f3n laboral se llevar\u00e1 a cabo en lo que queda de 2020 y a lo largo del a\u00f1o 2021. Los itinerarios formativos ser\u00e1n ejecutados por entidades especializadas \u00a0 en Formaci\u00f3n para el Empleo, acreditadas para la impartici\u00f3n de los respectivos\u00a0certificados de profesionalidad en Vigo, como es el caso de Grupo M\u00e9todo, consultora de formaci\u00f3n que forma parte del tejido empresarial de la ciudad.<\/p>\n<p>Si no est\u00e1s al d\u00eda seguro que te interesa saber qu\u00e9 son los certificados de profesionalidad, para qu\u00e9 sirven y c\u00f3mo acceder a ellos. \u00a1Acomp\u00e1\u00f1ame y te lo cuento todo!<\/p>\n<h2><span class=\"ez-toc-section\" id=\"%C2%BFQue_son_los_certificados_de_profesionalidad\"><\/span>\u00bfQu\u00e9 son los certificados de profesionalidad?<span class=\"ez-toc-section-end\"><\/span><\/h2>\n<p>Los certificados de profesionalidad, regulados por el Real Decreto 34\/2008, de 18 de enero, acreditan la cualificaci\u00f3n-competencia profesional siguiendo el Cat\u00e1logo Nacional de Cualificaciones profesionales; los certificados de profesionalidad hacen referencia a 26 familias profesionales y contemplan 3 niveles de cualificaci\u00f3n, habiendo, para un certificado profesional, el nivel 1, el nivel 2 y el nivel 3.<\/p>\n<p>Los certificados de profesionalidad se componen de m\u00f3dulos, de tal forma que puedes realizarlos de forma independiente. Cada m\u00f3dulo equivale a una competencia-cualificaci\u00f3n profesional. Puedes ver todas las cualificaciones en el <span style=\"color: #000000;\"><a style=\"color: #000000;\" href=\"https:\/\/incual.mecd.es\/documents\/35348\/80300\/CNCP_listadoQ.pdf\/\" target=\"_blank\" rel=\"noopener noreferrer\">Cat\u00e1logo Nacional de Cualificaciones profesionales<\/a><\/span>.<\/p>\n<p>Actualmente hay 583 certificados de profesionalidad. Si quieres ver todos los certificados que ofrece el Servicio P\u00fablico de Empleo Estatal aqu\u00ed puedes descargar el <a href=\"https:\/\/www.sepe.es\/HomeSepe\/que-es-el-sepe\/comunicacion-institucional\/publicaciones\/publicaciones-oficiales\/listado-pub-formacion\/repertorio-certificados-profesionalidad.html\" target=\"_blank\" rel=\"noopener noreferrer\"><span style=\"color: #0093d1;\"><span style=\"color: #000000;\">Repertorio Nacional de Certificados de Profesionalidad<\/span><\/span><\/a>, como ves en la imagen:<\/p>\n<p><img loading=\"lazy\" class=\"aligncenter wp-image-1314 \" src=\"https:\/\/metodoformacion.com\/blog\/wp-content\/uploads\/2020\/09\/reportorio-nacional.png\" alt=\"cursos con certificado de profesionalidad\" width=\"894\" height=\"446\" \/><\/p>\n<p>Son acreditaciones oficiales, es decir, tienen validez en todo el territorio nacional, y son expedidos por el SEPE y los \u00f3rganos competentes de las Comunidades Aut\u00f3nomas. Si haces alguno de los certificados de profesionalidad en Vigo que promueve el Ayuntamiento con el proyecto Vigo por la inserci\u00f3n laboral, obtendr\u00e1s un t\u00edtulo oficial que enriquecer\u00e1 tu curr\u00edculum.<\/p>\n<h3><span class=\"ez-toc-section\" id=\"Como_conseguir_un_certificado_de_profesionalidad\"><\/span><span style=\"color: #0093d1;\">C\u00f3mo conseguir un certificado de profesionalidad<\/span><span class=\"ez-toc-section-end\"><\/span><\/h3>\n<p>Hay dos formas de conseguir un certificado de profesionalidad:<\/p>\n<ul style=\"list-style-type: square;\">\n<li>Haciendo la formaci\u00f3n y completando exitosamente los m\u00f3dulos del certificado<\/li>\n<li>Por reconocimiento de la experiencia laboral o por v\u00edas no formales de formaci\u00f3n<\/li>\n<\/ul>\n<p>Sigue este enlace si quieres saber <span style=\"color: #000000;\"><a style=\"color: #000000;\" href=\"http:\/\/sepe.es\/HomeSepe\/Personas\/formacion\/certifica-tu-experiencia-laboral.html\" target=\"_blank\" rel=\"noopener noreferrer\">c\u00f3mo certificar tu experiencia laboral<\/a><\/span>.<\/p>\n<h3><span class=\"ez-toc-section\" id=\"4_razones_para_hacer_un_certificado_de_profesionalidad\"><\/span><span style=\"color: #0093d1;\">4 razones para hacer un certificado de profesionalidad<\/span><span class=\"ez-toc-section-end\"><\/span><\/h3>\n<p><span style=\"color: #000000; font-size: 14pt;\"><span style=\"color: #333333;\">#1.<\/span> <\/span>Son titulaciones oficiales, con validez nacional, que nos permiten acreditar nuestras competencias profesionales. \u00a1Ten en cuenta que puedes <span style=\"color: #000000;\"><a style=\"color: #000000;\" href=\"https:\/\/www.sepe.es\/HomeSepe\/Personas\/formacion\/certificados-profesionalidad\/suplementoseuropass.html\" target=\"_blank\" rel=\"noopener noreferrer\">descargar el suplemento Europass a los certificados de profesionalidad<\/a><\/span>!<\/p>\n<p>\u00bfQu\u00e9 es el suplemento Europass a los certificados de profesionalidad? El suplemento Eropass es el documento que informa sobre tu certificado en otros idiomas, con el objetivo de facilitar la comprensi\u00f3n sobre tus competencias adquiridas a instituciones y empleadores de otros pa\u00edses.<\/p>\n<p><span style=\"color: #000000; font-size: 14pt;\"><span style=\"color: #333333;\">#2.<\/span> <\/span>Un certificado de profesionalidad incluye pr\u00e1cticas en empresas<\/p>\n<p><span style=\"color: #333333;\"><span style=\"font-size: 14pt;\">#3<\/span>. <\/span>Hacer un certificado de profesionalidad mejora nuestro CV. Los certificados de profesionalidad son un escaparate perfecto de nuestras competencias profesionales y sin duda favorecen la inserci\u00f3n laboral. \u00a1Un CV con un certificado de profesionalidad es un CV mejor!<\/p>\n<p><span style=\"color: #000000;\"><span style=\"color: #333333;\"><span style=\"font-size: 14pt;\">#4<\/span>.<\/span> <\/span>Porque es parte de tu crecimiento profesional. En un mercado laboral en constante cambio, conviene que estemos actualizados.<\/p>\n<p>Es importante destacar que todas las ciudadanas y todos los ciudadanos pueden acceder a los cursos con certificado de profesionalidad con independencia de su situaci\u00f3n laboral y de su edad, siempre y cuando se cumplan los requisitos de acceso seg\u00fan el nivel del certificado:<\/p>\n<h3><span class=\"ez-toc-section\" id=\"Requisitos_de_los_certificados_de_profesionalidad\"><\/span><span style=\"color: #0093d1;\">Requisitos de los certificados de profesionalidad<\/span><span class=\"ez-toc-section-end\"><\/span><\/h3>\n<p>Los requisitos de los certificados de profesionalidad est\u00e1n recogidos en el <span style=\"color: #000000;\"><a style=\"color: #000000;\" href=\"https:\/\/www.boe.es\/buscar\/pdf\/2008\/BOE-A-2008-1628-consolidado.pdf\" target=\"_blank\" rel=\"noopener noreferrer\">Art\u00edculo 20 del Real Decreto 34\/2008, de 18 de enero,<\/a><\/span> por el que se regulan los certificados de profesionalidad.<\/p>\n<p><img loading=\"lazy\" class=\"aligncenter wp-image-1315\" src=\"https:\/\/metodoformacion.com\/blog\/wp-content\/uploads\/2020\/09\/real-decreto-certifiacdos-de-profesionalidad.png\" alt=\"certificados de profesionalidad\" width=\"804\" height=\"456\" \/><\/p>\n<h4><span class=\"ez-toc-section\" id=\"Certificados_de_nivel_1\"><\/span>Certificados de nivel 1<span class=\"ez-toc-section-end\"><\/span><\/h4>\n<p>Para acceder a los certificados de profesionalidad de nivel 1 no hay requisitos acad\u00e9micos ni profesionales, si bien es imprescindible que la persona est\u00e9 alfabetizada para que pueda aprovechar la formaci\u00f3n.<\/p>\n<h4><span class=\"ez-toc-section\" id=\"Certificados_de_nivel_2\"><\/span>Certificados de nivel 2<span class=\"ez-toc-section-end\"><\/span><\/h4>\n<p>El certificado de profesionalidad de nivel 2 s\u00ed contempla una serie de requisitos de acceso.<\/p>\n<p>Basta con cumplir una de estas condiciones:<\/p>\n<ul style=\"list-style-type: square;\">\n<li>Tener el t\u00edtulo de la ESO<\/li>\n<li>Tener un certificado de profesionalidad de nivel 2<\/li>\n<li>Tener el certificado de profesionalidad de nivel 1 de la misma familia y \u00e1rea profesional<\/li>\n<li>Cumplir el requisito acad\u00e9mico de acceso a los ciclos de FP de grado medio o haber superado las pruebas de acceso<\/li>\n<li>Tener superada la prueba de acceso a la Universidad para mayores de 25 a\u00f1os y\/o de 45 a\u00f1os<\/li>\n<li>Tener las competencias clave necesarias para el correcto aprovechamiento del curso, verificadas a trav\u00e9s de unas pruebas de competencia matem\u00e1tica y de comunicaci\u00f3n en lengua castellana y en la lengua cooficial, si corresponde<\/li>\n<\/ul>\n<h4><span class=\"ez-toc-section\" id=\"Certificados_de_nivel_3\"><\/span>Certificados de nivel 3<span class=\"ez-toc-section-end\"><\/span><\/h4>\n<p>Para acceder a las formaciones con certificado de profesionalidad de nivel 3 se debe cumplir uno de los siguientes requisitos:<\/p>\n<ul style=\"list-style-type: square;\">\n<li>Tener el t\u00edtulo de Bachiller<\/li>\n<li>Tener un certificado de profesionalidad de nivel 3<\/li>\n<li>Tener un certificado de profesionalidad de nivel 2 de la misma familia y \u00e1rea profesional<\/li>\n<li>Cumplir el requisito acad\u00e9mico de acceso a los ciclos formativos de grado superior o bien haber superado las correspondientes pruebas de acceso reguladas por las administraciones educativas<\/li>\n<li>Tener superada la prueba de acceso a la universidad para mayores de 25 a\u00f1os y\/o de 45 a\u00f1os<\/li>\n<li>Tener las competencias clave necesarias, de acuerdo con lo recogido en el anexo IV del real decreto 34\/2008, para cursar con aprovechamiento la formaci\u00f3n correspondiente al certificado de profesionalidad<\/li>\n<\/ul>\n<h3><span class=\"ez-toc-section\" id=\"Grupo_Metodo_colabora_con_el_Ayuntamiento_de_Vigo_por_la_insercion_laboral\"><\/span><span style=\"color: #0093d1;\">Grupo M\u00e9todo colabora con el Ayuntamiento de Vigo por la inserci\u00f3n laboral<\/span><span class=\"ez-toc-section-end\"><\/span><\/h3>\n<p><img loading=\"lazy\" class=\"alignleft wp-image-1319 size-thumbnail\" src=\"https:\/\/metodoformacion.com\/blog\/wp-content\/uploads\/2020\/09\/Logo-VIGO-POLA-INSERCION-LABORAL-150x150.png\" alt=\"vigo por la inserci\u00f3n laboral cursos con certificado de profesionalidad\" width=\"150\" height=\"150\" srcset=\"https:\/\/metodoformacion.com\/blog\/wp-content\/uploads\/2020\/09\/Logo-VIGO-POLA-INSERCION-LABORAL-150x150.png 150w, https:\/\/metodoformacion.com\/blog\/wp-content\/uploads\/2020\/09\/Logo-VIGO-POLA-INSERCION-LABORAL-144x144.png 144w\" sizes=\"(max-width: 150px) 100vw, 150px\" \/><\/p>\n<p>Grupo M\u00e9todo colabora con el Ayuntamiento de <span style=\"color: #000000;\">Vigo por la inserci\u00f3n laboral<\/span> con tres itinerarios de formaci\u00f3n que incluyen certificados de profesionalidad de nivel 2 y 3, por lo que es requisito cumplir con los requerimientos de acceso que coment\u00e9 arriba y que ver\u00e1s detallados tambi\u00e9n haciendo clic en el enlace de cada uno de los <span style=\"color: #333333;\">certificados.<\/span><\/p>\n<h4><\/h4>\n<h4><\/h4>\n<h4><\/h4>\n<p><span style=\"font-size: 14pt;\"><strong>Actividades de Venta (COMV0108)<\/strong><\/span><\/p>\n<p>Objetivo del curso: aprender t\u00e9cnicas de venta de productos y\/o servicios<br \/>\n590 horas<br \/>\n<span style=\"color: #0093d1;\">Certificado de profesionalidad de nivel 2<\/span><\/p>\n<h4><span class=\"ez-toc-section\" id=\"Organizacion_y_gestion_de_almacenes_COML0309\"><\/span><strong><span style=\"font-size: 14pt;\">Organizaci\u00f3n y gesti\u00f3n de almacenes (COML0309)<\/span><\/strong><span class=\"ez-toc-section-end\"><\/span><\/h4>\n<p>Objetivo de la formaci\u00f3n: aprender a organizar y controlar las operaciones y los flujos de mercanc\u00edas<br \/>\nde almac\u00e9n.<br \/>\n390 horas<br \/>\n<span style=\"color: #0093d1;\">Certificado de profesionalidad de nivel 3<\/span><\/p>\n<h4><span class=\"ez-toc-section\" id=\"Actividades_de_gestion_del_pequeno_comercio_COMT0112\"><\/span><strong><span style=\"font-size: 14pt;\">Actividades de gesti\u00f3n del peque\u00f1o comercio (COMT0112)<\/span><\/strong><span class=\"ez-toc-section-end\"><\/span><\/h4>\n<p>Objetivo del curso: aprender a implantar y dirigir un peque\u00f1o comercio o una tienda<br \/>\nindependiente<br \/>\n530 horas<br \/>\n<span style=\"color: #0093d1;\">Certificado de profesionalidad de nivel 2<\/span><\/p>\n<p>\ud83d\udca1 Todos los itinerarios del proyecto Vigo por la inserci\u00f3n laboral cuentan con 15 horas de formaci\u00f3n transversal, 30 de formaci\u00f3n complementaria y, finalmente, 12 horas de tutor\u00edas.<\/p>\n<p>&nbsp;<\/p>\n<h3><span class=\"ez-toc-section\" id=\"Inscripciones_e_informacion\"><\/span>Inscripciones e informaci\u00f3n<span class=\"ez-toc-section-end\"><\/span><\/h3>\n<p><img loading=\"lazy\" class=\"wp-image-1324 size-full alignleft\" src=\"https:\/\/metodoformacion.com\/blog\/wp-content\/uploads\/2020\/09\/logo-concello.png\" alt=\"ayuntamiento de vigo\" width=\"190\" height=\"66\" \/><\/p>\n<ul style=\"list-style-type: square;\">\n<li>Si tienes el alta como demandante de empleo en el Ayuntamiento de Vigo<\/li>\n<li>Si perteneces a uno de los colectivos vulnerables detallados<\/li>\n<li>Si cumples los requisitos de acceso exigidos para los cetificados de profesionalidad seg\u00fan el nivel<\/li>\n<\/ul>\n<p>Si cumples estas tres condiciones puedes solicitar tu plaza en alguna de las formaciones del proyecto <a href=\"https:\/\/vigopolainsercionlaboral.org\" target=\"_blank\" rel=\"noopener noreferrer\"><span style=\"color: #000000;\">Vigo por la inserci\u00f3n laboral<\/span><\/a>, <strong>acudiendo a tu oficina de empleo<\/strong>.<\/p>\n<p>Para solicitar m\u00e1s informaci\u00f3n sobre el proyecto puedes llamar a los n\u00fameros de tel\u00e9fono que el Ayuntamiento pone a tu disposici\u00f3n: <span style=\"color: #000000; font-family: tahoma, arial, helvetica, sans-serif;\">986 616 368\/67 &#8211; 986 810 232 <\/span><\/p>\n<p>\ud83d\udca1 \u00bfTe interesa alguno de los itinearios de <strong><span style=\"color: #0093d1;\">Grupo M\u00e9todo<\/span><\/strong>? Puedes llamarnos al n\u00famero gratuito <span style=\"color: #000000; font-family: tahoma, arial, helvetica, sans-serif;\">900 812 902 <\/span><span style=\"font-family: georgia, palatino, serif;\">para recibir m\u00e1s informaci\u00f3n.<\/span><strong><span style=\"color: #000000;\"><span style=\"font-family: courier new, courier, monospace;\"><br \/>\n<\/span><\/span><\/strong><\/p>\n<p>Aprovecha la oportunidad de obtener certificados de profesionalidad en Vigo, \u00a1inf\u00f3rmate!<\/p>\n","protected":false},"excerpt":{"rendered":"<p>Vigo por la inserci\u00f3n laboral es un proyecto promovido por el Ayuntamiento de Vigo que se desarrolla en el \u00e1mbito de la inclusi\u00f3n social, lucha contra la pobreza y la discriminaci\u00f3n\u00a0 a trav\u00e9s de la mejora de la inserci\u00f3n socio-laboral de personas en situaci\u00f3n o riesgo de exclusi\u00f3n social; para conseguirlo, se ofrecen itinerarios integrados [&hellip;]<\/p>\n","protected":false},"author":2,"featured_media":1338,"comment_status":"open","ping_status":"open","sticky":false,"template":"","format":"standard","meta":{"_monsterinsights_skip_tracking":false,"_monsterinsights_sitenote_active":false,"_monsterinsights_sitenote_note":"","_monsterinsights_sitenote_category":0},"categories":[29],"tags":[],"yoast_head":"<!-- This site is optimized with the Yoast SEO plugin v19.14 - https:\/\/yoast.com\/wordpress\/plugins\/seo\/ -->\n<title>Certificados de profesionalidad en Vigo<\/title>\n<meta name=\"description\" content=\"Grupo M\u00e9todo colabora en el proyecto Vigo por la inserci\u00f3n laboral el Ayuntamiento de Vigo ofreciendo certificados de profesionalidad en Vigo.\" \/>\n<meta name=\"robots\" content=\"index, follow, max-snippet:-1, max-image-preview:large, max-video-preview:-1\" \/>\n<link rel=\"canonical\" href=\"https:\/\/metodoformacion.com\/blog\/cursos-certificado-profesionalidad-vigo\/\" \/>\n<meta property=\"og:locale\" content=\"es_ES\" \/>\n<meta property=\"og:type\" content=\"article\" \/>\n<meta property=\"og:title\" content=\"Certificados de profesionalidad en Vigo\" \/>\n<meta property=\"og:description\" content=\"Grupo M\u00e9todo colabora en el proyecto Vigo por la inserci\u00f3n laboral el Ayuntamiento de Vigo ofreciendo certificados de profesionalidad en Vigo.\" \/>\n<meta property=\"og:url\" content=\"https:\/\/metodoformacion.com\/blog\/cursos-certificado-profesionalidad-vigo\/\" \/>\n<meta property=\"og:site_name\" content=\"Blog sobre formaci\u00f3n subvencionada y empleo\" \/>\n<meta property=\"article:published_time\" content=\"2020-09-02T15:49:24+00:00\" \/>\n<meta property=\"article:modified_time\" content=\"2021-12-31T11:23:17+00:00\" \/>\n<meta property=\"og:image\" content=\"https:\/\/metodoformacion.com\/blog\/wp-content\/uploads\/2020\/09\/CERTIFICADO-DE.png\" \/>\n\t<meta property=\"og:image:width\" content=\"650\" \/>\n\t<meta property=\"og:image:height\" content=\"325\" \/>\n\t<meta property=\"og:image:type\" content=\"image\/png\" \/>\n<meta name=\"author\" content=\"Arantxa Lamas\" \/>\n<meta name=\"twitter:card\" content=\"summary_large_image\" \/>\n<meta name=\"twitter:label1\" content=\"Escrito por\" \/>\n\t<meta name=\"twitter:data1\" content=\"Arantxa Lamas\" \/>\n\t<meta name=\"twitter:label2\" content=\"Tiempo de lectura\" \/>\n\t<meta name=\"twitter:data2\" content=\"7 minutos\" \/>\n<script type=\"application\/ld+json\" class=\"yoast-schema-graph\">{\"@context\":\"https:\/\/schema.org\",\"@graph\":[{\"@type\":\"Article\",\"@id\":\"https:\/\/metodoformacion.com\/blog\/cursos-certificado-profesionalidad-vigo\/#article\",\"isPartOf\":{\"@id\":\"https:\/\/metodoformacion.com\/blog\/cursos-certificado-profesionalidad-vigo\/\"},\"author\":{\"name\":\"Arantxa Lamas\",\"@id\":\"https:\/\/metodoformacion.com\/blog\/#\/schema\/person\/24dae8e4739a10c242abb3f3bdc6ca2a\"},\"headline\":\"Certificados de profesionalidad en Vigo\",\"datePublished\":\"2020-09-02T15:49:24+00:00\",\"dateModified\":\"2021-12-31T11:23:17+00:00\",\"mainEntityOfPage\":{\"@id\":\"https:\/\/metodoformacion.com\/blog\/cursos-certificado-profesionalidad-vigo\/\"},\"wordCount\":1446,\"commentCount\":0,\"publisher\":{\"@id\":\"https:\/\/metodoformacion.com\/blog\/#organization\"},\"articleSection\":[\"Noticias\"],\"inLanguage\":\"es\",\"potentialAction\":[{\"@type\":\"CommentAction\",\"name\":\"Comment\",\"target\":[\"https:\/\/metodoformacion.com\/blog\/cursos-certificado-profesionalidad-vigo\/#respond\"]}]},{\"@type\":\"WebPage\",\"@id\":\"https:\/\/metodoformacion.com\/blog\/cursos-certificado-profesionalidad-vigo\/\",\"url\":\"https:\/\/metodoformacion.com\/blog\/cursos-certificado-profesionalidad-vigo\/\",\"name\":\"Certificados de profesionalidad en Vigo\",\"isPartOf\":{\"@id\":\"https:\/\/metodoformacion.com\/blog\/#website\"},\"datePublished\":\"2020-09-02T15:49:24+00:00\",\"dateModified\":\"2021-12-31T11:23:17+00:00\",\"description\":\"Grupo M\u00e9todo colabora en el proyecto Vigo por la inserci\u00f3n laboral el Ayuntamiento de Vigo ofreciendo certificados de profesionalidad en Vigo.\",\"breadcrumb\":{\"@id\":\"https:\/\/metodoformacion.com\/blog\/cursos-certificado-profesionalidad-vigo\/#breadcrumb\"},\"inLanguage\":\"es\",\"potentialAction\":[{\"@type\":\"ReadAction\",\"target\":[\"https:\/\/metodoformacion.com\/blog\/cursos-certificado-profesionalidad-vigo\/\"]}]},{\"@type\":\"BreadcrumbList\",\"@id\":\"https:\/\/metodoformacion.com\/blog\/cursos-certificado-profesionalidad-vigo\/#breadcrumb\",\"itemListElement\":[{\"@type\":\"ListItem\",\"position\":1,\"name\":\"Inicio\",\"item\":\"https:\/\/metodoformacion.com\/blog\/\"},{\"@type\":\"ListItem\",\"position\":2,\"name\":\"Certificados de profesionalidad en Vigo\"}]},{\"@type\":\"WebSite\",\"@id\":\"https:\/\/metodoformacion.com\/blog\/#website\",\"url\":\"https:\/\/metodoformacion.com\/blog\/\",\"name\":\"Blog sobre formaci\u00f3n subvencionada y empleo\",\"description\":\"\",\"publisher\":{\"@id\":\"https:\/\/metodoformacion.com\/blog\/#organization\"},\"potentialAction\":[{\"@type\":\"SearchAction\",\"target\":{\"@type\":\"EntryPoint\",\"urlTemplate\":\"https:\/\/metodoformacion.com\/blog\/?s={search_term_string}\"},\"query-input\":\"required name=search_term_string\"}],\"inLanguage\":\"es\"},{\"@type\":\"Organization\",\"@id\":\"https:\/\/metodoformacion.com\/blog\/#organization\",\"name\":\"Grupo M\u00e9todo\",\"url\":\"https:\/\/metodoformacion.com\/blog\/\",\"logo\":{\"@type\":\"ImageObject\",\"inLanguage\":\"es\",\"@id\":\"https:\/\/metodoformacion.com\/blog\/#\/schema\/logo\/image\/\",\"url\":\"https:\/\/metodoformacion.com\/blog\/wp-content\/uploads\/2019\/12\/logo-transparente.png\",\"contentUrl\":\"https:\/\/metodoformacion.com\/blog\/wp-content\/uploads\/2019\/12\/logo-transparente.png\",\"width\":160,\"height\":70,\"caption\":\"Grupo M\u00e9todo\"},\"image\":{\"@id\":\"https:\/\/metodoformacion.com\/blog\/#\/schema\/logo\/image\/\"}},{\"@type\":\"Person\",\"@id\":\"https:\/\/metodoformacion.com\/blog\/#\/schema\/person\/24dae8e4739a10c242abb3f3bdc6ca2a\",\"name\":\"Arantxa Lamas\",\"image\":{\"@type\":\"ImageObject\",\"inLanguage\":\"es\",\"@id\":\"https:\/\/metodoformacion.com\/blog\/#\/schema\/person\/image\/\",\"url\":\"https:\/\/secure.gravatar.com\/avatar\/26efd1f655893e370678c140563554cb?s=96&r=g\",\"contentUrl\":\"https:\/\/secure.gravatar.com\/avatar\/26efd1f655893e370678c140563554cb?s=96&r=g\",\"caption\":\"Arantxa Lamas\"},\"description\":\"Departamento de Marketing y Comunicaci\u00f3n de Grupo M\u00e9todo: responsable de contenidos y medios digitales.\",\"url\":\"https:\/\/metodoformacion.com\/blog\/author\/arantxa-lamas\/\"}]}<\/script>\n<!-- \/ Yoast SEO plugin. -->","yoast_head_json":{"title":"Certificados de profesionalidad en Vigo","description":"Grupo M\u00e9todo colabora en el proyecto Vigo por la inserci\u00f3n laboral el Ayuntamiento de Vigo ofreciendo certificados de profesionalidad en Vigo.","robots":{"index":"index","follow":"follow","max-snippet":"max-snippet:-1","max-image-preview":"max-image-preview:large","max-video-preview":"max-video-preview:-1"},"canonical":"https:\/\/metodoformacion.com\/blog\/cursos-certificado-profesionalidad-vigo\/","og_locale":"es_ES","og_type":"article","og_title":"Certificados de profesionalidad en Vigo","og_description":"Grupo M\u00e9todo colabora en el proyecto Vigo por la inserci\u00f3n laboral el Ayuntamiento de Vigo ofreciendo certificados de profesionalidad en Vigo.","og_url":"https:\/\/metodoformacion.com\/blog\/cursos-certificado-profesionalidad-vigo\/","og_site_name":"Blog sobre formaci\u00f3n subvencionada y empleo","article_published_time":"2020-09-02T15:49:24+00:00","article_modified_time":"2021-12-31T11:23:17+00:00","og_image":[{"width":650,"height":325,"url":"https:\/\/metodoformacion.com\/blog\/wp-content\/uploads\/2020\/09\/CERTIFICADO-DE.png","type":"image\/png"}],"author":"Arantxa Lamas","twitter_card":"summary_large_image","twitter_misc":{"Escrito por":"Arantxa Lamas","Tiempo de lectura":"7 minutos"},"schema":{"@context":"https:\/\/schema.org","@graph":[{"@type":"Article","@id":"https:\/\/metodoformacion.com\/blog\/cursos-certificado-profesionalidad-vigo\/#article","isPartOf":{"@id":"https:\/\/metodoformacion.com\/blog\/cursos-certificado-profesionalidad-vigo\/"},"author":{"name":"Arantxa Lamas","@id":"https:\/\/metodoformacion.com\/blog\/#\/schema\/person\/24dae8e4739a10c242abb3f3bdc6ca2a"},"headline":"Certificados de profesionalidad en Vigo","datePublished":"2020-09-02T15:49:24+00:00","dateModified":"2021-12-31T11:23:17+00:00","mainEntityOfPage":{"@id":"https:\/\/metodoformacion.com\/blog\/cursos-certificado-profesionalidad-vigo\/"},"wordCount":1446,"commentCount":0,"publisher":{"@id":"https:\/\/metodoformacion.com\/blog\/#organization"},"articleSection":["Noticias"],"inLanguage":"es","potentialAction":[{"@type":"CommentAction","name":"Comment","target":["https:\/\/metodoformacion.com\/blog\/cursos-certificado-profesionalidad-vigo\/#respond"]}]},{"@type":"WebPage","@id":"https:\/\/metodoformacion.com\/blog\/cursos-certificado-profesionalidad-vigo\/","url":"https:\/\/metodoformacion.com\/blog\/cursos-certificado-profesionalidad-vigo\/","name":"Certificados de profesionalidad en Vigo","isPartOf":{"@id":"https:\/\/metodoformacion.com\/blog\/#website"},"datePublished":"2020-09-02T15:49:24+00:00","dateModified":"2021-12-31T11:23:17+00:00","description":"Grupo M\u00e9todo colabora en el proyecto Vigo por la inserci\u00f3n laboral el Ayuntamiento de Vigo ofreciendo certificados de profesionalidad en Vigo.","breadcrumb":{"@id":"https:\/\/metodoformacion.com\/blog\/cursos-certificado-profesionalidad-vigo\/#breadcrumb"},"inLanguage":"es","potentialAction":[{"@type":"ReadAction","target":["https:\/\/metodoformacion.com\/blog\/cursos-certificado-profesionalidad-vigo\/"]}]},{"@type":"BreadcrumbList","@id":"https:\/\/metodoformacion.com\/blog\/cursos-certificado-profesionalidad-vigo\/#breadcrumb","itemListElement":[{"@type":"ListItem","position":1,"name":"Inicio","item":"https:\/\/metodoformacion.com\/blog\/"},{"@type":"ListItem","position":2,"name":"Certificados de profesionalidad en Vigo"}]},{"@type":"WebSite","@id":"https:\/\/metodoformacion.com\/blog\/#website","url":"https:\/\/metodoformacion.com\/blog\/","name":"Blog sobre formaci\u00f3n subvencionada y empleo","description":"","publisher":{"@id":"https:\/\/metodoformacion.com\/blog\/#organization"},"potentialAction":[{"@type":"SearchAction","target":{"@type":"EntryPoint","urlTemplate":"https:\/\/metodoformacion.com\/blog\/?s={search_term_string}"},"query-input":"required name=search_term_string"}],"inLanguage":"es"},{"@type":"Organization","@id":"https:\/\/metodoformacion.com\/blog\/#organization","name":"Grupo M\u00e9todo","url":"https:\/\/metodoformacion.com\/blog\/","logo":{"@type":"ImageObject","inLanguage":"es","@id":"https:\/\/metodoformacion.com\/blog\/#\/schema\/logo\/image\/","url":"https:\/\/metodoformacion.com\/blog\/wp-content\/uploads\/2019\/12\/logo-transparente.png","contentUrl":"https:\/\/metodoformacion.com\/blog\/wp-content\/uploads\/2019\/12\/logo-transparente.png","width":160,"height":70,"caption":"Grupo M\u00e9todo"},"image":{"@id":"https:\/\/metodoformacion.com\/blog\/#\/schema\/logo\/image\/"}},{"@type":"Person","@id":"https:\/\/metodoformacion.com\/blog\/#\/schema\/person\/24dae8e4739a10c242abb3f3bdc6ca2a","name":"Arantxa Lamas","image":{"@type":"ImageObject","inLanguage":"es","@id":"https:\/\/metodoformacion.com\/blog\/#\/schema\/person\/image\/","url":"https:\/\/secure.gravatar.com\/avatar\/26efd1f655893e370678c140563554cb?s=96&r=g","contentUrl":"https:\/\/secure.gravatar.com\/avatar\/26efd1f655893e370678c140563554cb?s=96&r=g","caption":"Arantxa Lamas"},"description":"Departamento de Marketing y Comunicaci\u00f3n de Grupo M\u00e9todo: responsable de contenidos y medios digitales.","url":"https:\/\/metodoformacion.com\/blog\/author\/arantxa-lamas\/"}]}},"_links":{"self":[{"href":"https:\/\/metodoformacion.com\/blog\/wp-json\/wp\/v2\/posts\/1305"}],"collection":[{"href":"https:\/\/metodoformacion.com\/blog\/wp-json\/wp\/v2\/posts"}],"about":[{"href":"https:\/\/metodoformacion.com\/blog\/wp-json\/wp\/v2\/types\/post"}],"author":[{"embeddable":true,"href":"https:\/\/metodoformacion.com\/blog\/wp-json\/wp\/v2\/users\/2"}],"replies":[{"embeddable":true,"href":"https:\/\/metodoformacion.com\/blog\/wp-json\/wp\/v2\/comments?post=1305"}],"version-history":[{"count":38,"href":"https:\/\/metodoformacion.com\/blog\/wp-json\/wp\/v2\/posts\/1305\/revisions"}],"predecessor-version":[{"id":2456,"href":"https:\/\/metodoformacion.com\/blog\/wp-json\/wp\/v2\/posts\/1305\/revisions\/2456"}],"wp:featuredmedia":[{"embeddable":true,"href":"https:\/\/metodoformacion.com\/blog\/wp-json\/wp\/v2\/media\/1338"}],"wp:attachment":[{"href":"https:\/\/metodoformacion.com\/blog\/wp-json\/wp\/v2\/media?parent=1305"}],"wp:term":[{"taxonomy":"category","embeddable":true,"href":"https:\/\/metodoformacion.com\/blog\/wp-json\/wp\/v2\/categories?post=1305"},{"taxonomy":"post_tag","embeddable":true,"href":"https:\/\/metodoformacion.com\/blog\/wp-json\/wp\/v2\/tags?post=1305"}],"curies":[{"name":"wp","href":"https:\/\/api.w.org\/{rel}","templated":true}]}}