{"id":1356,"date":"2020-09-09T09:52:10","date_gmt":"2020-09-09T09:52:10","guid":{"rendered":"https:\/\/metodoformacion.com\/blog\/?p=1356"},"modified":"2020-09-09T09:56:40","modified_gmt":"2020-09-09T09:56:40","slug":"cursos-sector-textil","status":"publish","type":"post","link":"https:\/\/metodoformacion.com\/blog\/cursos-sector-textil\/","title":{"rendered":"Cursos del sector textil, \u00a1aumenta tus competencias!"},"content":{"rendered":"<p>Como ya sabr\u00e1s a estas alturas si visitas nuestro blog de vez en cuando, en Grupo M\u00e9todo ofrecemos formaci\u00f3n sectorial. Apoyamos el crecimiento profesional de las trabajadoras y de los trabajadores de distintos sectores, ofreciendo Formaci\u00f3n Profesional para el Empleo. Sectores como el agrario, la econom\u00eda social, el de la hoster\u00eda y el turismo, la construcci\u00f3n o el sector textil, forman parte de nuestra oferta formativa, que es subvencionada por el Servicio P\u00fablico de Empleo Estatal en el \u00e1mbito estatal y en algunos casos por las Comunidades Aut\u00f3nomas, por los organismos competentes en cada caso. Hoy te voy a hablar sobre nuestra oferta de cursos para trabajadoras y trabajadores del sector textil, un sector que ha sido y est\u00e1 siendo ejemplar en la crisis sanitaria que atravesamos.<\/p>\n<div id=\"ez-toc-container\" class=\"ez-toc-v2_0_62 counter-hierarchy ez-toc-counter ez-toc-custom ez-toc-container-direction\">\n<p class=\"ez-toc-title\">Hablamos sobre...<\/p>\n<label for=\"ez-toc-cssicon-toggle-item-69f2792832b02\" class=\"ez-toc-cssicon-toggle-label\"><span class=\"\"><span class=\"eztoc-hide\" style=\"display:none;\">Toggle<\/span><span class=\"ez-toc-icon-toggle-span\"><svg style=\"fill: #000000;color:#000000\" xmlns=\"http:\/\/www.w3.org\/2000\/svg\" class=\"list-377408\" width=\"20px\" height=\"20px\" viewBox=\"0 0 24 24\" fill=\"none\"><path d=\"M6 6H4v2h2V6zm14 0H8v2h12V6zM4 11h2v2H4v-2zm16 0H8v2h12v-2zM4 16h2v2H4v-2zm16 0H8v2h12v-2z\" fill=\"currentColor\"><\/path><\/svg><svg style=\"fill: #000000;color:#000000\" class=\"arrow-unsorted-368013\" xmlns=\"http:\/\/www.w3.org\/2000\/svg\" width=\"10px\" height=\"10px\" viewBox=\"0 0 24 24\" version=\"1.2\" baseProfile=\"tiny\"><path d=\"M18.2 9.3l-6.2-6.3-6.2 6.3c-.2.2-.3.4-.3.7s.1.5.3.7c.2.2.4.3.7.3h11c.3 0 .5-.1.7-.3.2-.2.3-.5.3-.7s-.1-.5-.3-.7zM5.8 14.7l6.2 6.3 6.2-6.3c.2-.2.3-.5.3-.7s-.1-.5-.3-.7c-.2-.2-.4-.3-.7-.3h-11c-.3 0-.5.1-.7.3-.2.2-.3.5-.3.7s.1.5.3.7z\"\/><\/svg><\/span><\/span><\/label><input type=\"checkbox\"  id=\"ez-toc-cssicon-toggle-item-69f2792832b02\" checked aria-label=\"Toggle\" \/><nav><ul class='ez-toc-list ez-toc-list-level-1 ' ><li class='ez-toc-page-1 ez-toc-heading-level-2'><a class=\"ez-toc-link ez-toc-heading-1\" href=\"https:\/\/metodoformacion.com\/blog\/cursos-sector-textil\/#Cursos_del_sector_textil\" title=\"Cursos del sector textil\">Cursos del sector textil<\/a><ul class='ez-toc-list-level-3' ><li class='ez-toc-heading-level-3'><a class=\"ez-toc-link ez-toc-heading-2\" href=\"https:\/\/metodoformacion.com\/blog\/cursos-sector-textil\/#Cursos_del_sector_textil_en_la_convocatoria_estatal\" title=\"Cursos del sector textil en la convocatoria estatal\">Cursos del sector textil en la convocatoria estatal<\/a><ul class='ez-toc-list-level-4' ><li class='ez-toc-heading-level-4'><a class=\"ez-toc-link ez-toc-heading-3\" href=\"https:\/\/metodoformacion.com\/blog\/cursos-sector-textil\/#Cursos_de_competencias_digitales\" title=\"Cursos de competencias digitales\">Cursos de competencias digitales<\/a><\/li><\/ul><\/li><li class='ez-toc-page-1 ez-toc-heading-level-3'><a class=\"ez-toc-link ez-toc-heading-4\" href=\"https:\/\/metodoformacion.com\/blog\/cursos-sector-textil\/#Cursos_del_sector_textil_en_la_convocatoria_de_la_Comunidad_Valenciana\" title=\"Cursos del sector textil en la convocatoria de la Comunidad Valenciana\">Cursos del sector textil en la convocatoria de la Comunidad Valenciana<\/a><\/li><\/ul><\/li><\/ul><\/nav><\/div>\n<h2><span class=\"ez-toc-section\" id=\"Cursos_del_sector_textil\"><\/span><a href=\"https:\/\/metodoformacion.com\/busquedas\/ocupacion=&amp;sectores=28-Textil&amp;comunidad=&amp;palabra=0\" target=\"_blank\" rel=\"noopener noreferrer\"><span style=\"color: #0093d1;\">Cursos del sector textil<\/span><\/a><span class=\"ez-toc-section-end\"><\/span><\/h2>\n<p>Para acceder a nuestra oferta de cursos del sector textil puedes hacer clic arriba, en el t\u00edtulo, o acceder a nuestra web y filtrar por el sector, como puedes ver en esta imagen:<\/p>\n<p><img loading=\"lazy\" class=\"wp-image-1360 aligncenter\" src=\"https:\/\/metodoformacion.com\/blog\/wp-content\/uploads\/2020\/09\/textil-1024x516.png\" alt=\"cursos del sector textil\" width=\"808\" height=\"407\" srcset=\"https:\/\/metodoformacion.com\/blog\/wp-content\/uploads\/2020\/09\/textil-1024x516.png 1024w, https:\/\/metodoformacion.com\/blog\/wp-content\/uploads\/2020\/09\/textil-300x151.png 300w, https:\/\/metodoformacion.com\/blog\/wp-content\/uploads\/2020\/09\/textil-768x387.png 768w, https:\/\/metodoformacion.com\/blog\/wp-content\/uploads\/2020\/09\/textil.png 1366w\" sizes=\"(max-width: 808px) 100vw, 808px\" \/><\/p>\n<p>En nuestra oferta formativa para el sector textil encontramos cursos tanto de la convocatoria estatal, todos ellos en modalidad online, como de la convocatoria de la Comunidad Valenciana, en modalidad presencial y con plazas para personas en situaci\u00f3n de desempleo.<\/p>\n<p>Los cursos del sector textil de la convocatoria estatal los puede realizar cualquier persona del territorio nacional, siempre y cuando cumpla los requisitos de acceso: pertenecer al sector, ser profesional por cuenta propia o estar en ERTE.<\/p>\n<p>Para ver en todo momento la informaci\u00f3n actualizada sobre los cursos de la convocatoria estatal con plazas para demandantes de empleo, por favor, <a href=\"https:\/\/metodoformacion.com\/campa%C3%B1as\/cursos_online_gratuitos_para_desempleados-169\" target=\"_blank\" rel=\"noopener noreferrer\"><span style=\"color: #000000;\"><span style=\"color: #0093d1;\">guarda este enlace en tus favoritos<\/span><\/span><\/a> y vis\u00edtalo una vez a la semana. Puedes hacer lo mismo con la <a href=\"https:\/\/metodoformacion.com\/campa%c3%b1as\/cursos_presenciales_personas_situacion_desempleo-180\" target=\"_blank\" rel=\"noopener noreferrer\"><span style=\"color: #000000;\"><span style=\"color: #0093d1;\">p\u00e1gina de cursos presenciales con plazas para personas en situaci\u00f3n de desempleo<\/span><\/span><\/a>. De este modo estar\u00e1s al tanto de la disponibilidad siempre que quieras. <strong>Solamente tienes que hacer clic en la estrella<\/strong> que est\u00e1 a la derecha de la barra de b\u00fasqueda, despu\u00e9s, tendr\u00e1s el enlace guardado como favorito y podr\u00e1s visitarlo siempre que quieras sin necesidad de recordarlo. Si no lo has hecho nunca aqu\u00ed puedes ver c\u00f3mo ser\u00eda:<\/p>\n<p>&nbsp;<\/p>\n<p><img loading=\"lazy\" class=\"alignnone wp-image-1357\" src=\"https:\/\/metodoformacion.com\/blog\/wp-content\/uploads\/2020\/09\/dsp-web-1024x516.png\" alt=\"cursos para trabajadoras del sector textil\" width=\"739\" height=\"372\" srcset=\"https:\/\/metodoformacion.com\/blog\/wp-content\/uploads\/2020\/09\/dsp-web-1024x516.png 1024w, https:\/\/metodoformacion.com\/blog\/wp-content\/uploads\/2020\/09\/dsp-web-300x151.png 300w, https:\/\/metodoformacion.com\/blog\/wp-content\/uploads\/2020\/09\/dsp-web-768x387.png 768w, https:\/\/metodoformacion.com\/blog\/wp-content\/uploads\/2020\/09\/dsp-web.png 1366w\" sizes=\"(max-width: 739px) 100vw, 739px\" \/> <img loading=\"lazy\" class=\"alignnone wp-image-1358\" src=\"https:\/\/metodoformacion.com\/blog\/wp-content\/uploads\/2020\/09\/dsp-favoritos-1024x516.png\" alt=\"c\u00f3mo a\u00f1adir una p\u00e1gina a favoritos\" width=\"731\" height=\"368\" srcset=\"https:\/\/metodoformacion.com\/blog\/wp-content\/uploads\/2020\/09\/dsp-favoritos-1024x516.png 1024w, https:\/\/metodoformacion.com\/blog\/wp-content\/uploads\/2020\/09\/dsp-favoritos-300x151.png 300w, https:\/\/metodoformacion.com\/blog\/wp-content\/uploads\/2020\/09\/dsp-favoritos-768x387.png 768w, https:\/\/metodoformacion.com\/blog\/wp-content\/uploads\/2020\/09\/dsp-favoritos.png 1366w\" sizes=\"(max-width: 731px) 100vw, 731px\" \/><\/p>\n<h3><span class=\"ez-toc-section\" id=\"Cursos_del_sector_textil_en_la_convocatoria_estatal\"><\/span><span style=\"color: #0093d1;\">Cursos del sector textil en la convocatoria estatal<\/span><span class=\"ez-toc-section-end\"><\/span><\/h3>\n<ul style=\"list-style-type: square;\">\n<li>Revisor de calidad. Materias primas y productos de confecci\u00f3n<\/li>\n<li>Gesti\u00f3n de m\u00e9todos y tiempos en la cadena de producci\u00f3n<\/li>\n<li>Tecnolog\u00eda de las materias textiles<\/li>\n<li>Fichas t\u00e9cnicas de los productos en el sector textil y confecci\u00f3n<\/li>\n<\/ul>\n<h4><span class=\"ez-toc-section\" id=\"Cursos_de_competencias_digitales\"><\/span>Cursos de competencias digitales<span class=\"ez-toc-section-end\"><\/span><\/h4>\n<p>Siendo conscientes de las necesidades del mundo actual en relaci\u00f3n con la tecnolog\u00eda, es importante hoy en d\u00eda que las trabajadoras y los trabajadores de todos los sectores adquieran competencias en materia de Tecnolog\u00edas de la Informaci\u00f3n y la Comunicaci\u00f3n, como un complemento al curr\u00edculum profesional.<\/p>\n<p>Estos son los cursos para trabajadoras y para trabajadores del sector textil de TIC que ofrecemos:<\/p>\n<ul style=\"list-style-type: square;\">\n<li>Cloud Computing<\/li>\n<li>Seguridad inform\u00e1tica y firma digital<\/li>\n<\/ul>\n<h3><span class=\"ez-toc-section\" id=\"Cursos_del_sector_textil_en_la_convocatoria_de_la_Comunidad_Valenciana\"><\/span><span style=\"color: #0093d1;\">Cursos del sector textil en la convocatoria de la Comunidad Valenciana<\/span><span class=\"ez-toc-section-end\"><\/span><\/h3>\n<ul style=\"list-style-type: square;\">\n<li><span class=\"style-scope fragment-curso\">Procesos de producci\u00f3n y materiales en calzado<\/span><\/li>\n<li><span class=\"style-scope fragment-curso\">Patronaje industrial<\/span><\/li>\n<\/ul>\n<p>Esta oferta puede sufrir modifiaciones si se terminan todas las plazas disponibles para un curso en este caso lo que ocurre es que al acceder a nuestra web y filtrar por el scetor textil, no ver\u00e1s ese curso porque lo habremos eliminado de la oferta.<\/p>\n<p>Si quieres m\u00e1s informaci\u00f3n sobre los cursos para trabajadoras y trabajadores del sector textil, o, en general, deseas conocer nuestra oferta formativa, puedes contactar con nosotros en el n\u00famero gratuito 900 812 902 o escribirnos un WhastApp al 604 004 679. Recuerda que tambi\u00e9n podemos estar en contacto en nuestras redes sociale, s\u00edguenos, \u00a1te esperamos!<\/p>\n<p>&nbsp;<\/p>\n<p>&nbsp;<\/p>\n<p>&nbsp;<\/p>\n<p>&nbsp;<\/p>\n<p>&nbsp;<\/p>\n","protected":false},"excerpt":{"rendered":"<p>Como ya sabr\u00e1s a estas alturas si visitas nuestro blog de vez en cuando, en Grupo M\u00e9todo ofrecemos formaci\u00f3n sectorial. Apoyamos el crecimiento profesional de las trabajadoras y de los trabajadores de distintos sectores, ofreciendo Formaci\u00f3n Profesional para el Empleo. Sectores como el agrario, la econom\u00eda social, el de la hoster\u00eda y el turismo, la [&hellip;]<\/p>\n","protected":false},"author":2,"featured_media":1362,"comment_status":"open","ping_status":"open","sticky":false,"template":"","format":"standard","meta":{"_monsterinsights_skip_tracking":false,"_monsterinsights_sitenote_active":false,"_monsterinsights_sitenote_note":"","_monsterinsights_sitenote_category":0},"categories":[31,24],"tags":[],"yoast_head":"<!-- This site is optimized with the Yoast SEO plugin v19.14 - https:\/\/yoast.com\/wordpress\/plugins\/seo\/ -->\n<title>Cursos del sector textil, \u00a1aumenta tus competencias!<\/title>\n<meta name=\"description\" content=\"Entra y conoce nuestra oferta formativa y las ventajas que ofrece. No te pierdas nuestros cursos del sector textil, \u00a1crece profesionalmente con nosotros!\" \/>\n<meta name=\"robots\" content=\"index, follow, max-snippet:-1, max-image-preview:large, max-video-preview:-1\" \/>\n<link rel=\"canonical\" href=\"https:\/\/metodoformacion.com\/blog\/cursos-sector-textil\/\" \/>\n<meta property=\"og:locale\" content=\"es_ES\" \/>\n<meta property=\"og:type\" content=\"article\" \/>\n<meta property=\"og:title\" content=\"Cursos del sector textil, \u00a1aumenta tus competencias!\" \/>\n<meta property=\"og:description\" content=\"Entra y conoce nuestra oferta formativa y las ventajas que ofrece. No te pierdas nuestros cursos del sector textil, \u00a1crece profesionalmente con nosotros!\" \/>\n<meta property=\"og:url\" content=\"https:\/\/metodoformacion.com\/blog\/cursos-sector-textil\/\" \/>\n<meta property=\"og:site_name\" content=\"Blog sobre formaci\u00f3n subvencionada y empleo\" \/>\n<meta property=\"article:published_time\" content=\"2020-09-09T09:52:10+00:00\" \/>\n<meta property=\"article:modified_time\" content=\"2020-09-09T09:56:40+00:00\" \/>\n<meta property=\"og:image\" content=\"https:\/\/metodoformacion.com\/blog\/wp-content\/uploads\/2020\/09\/CRECIENDO-CON-LA-INDUSTRIA-TEXTIL.png\" \/>\n\t<meta property=\"og:image:width\" content=\"650\" \/>\n\t<meta property=\"og:image:height\" content=\"325\" \/>\n\t<meta property=\"og:image:type\" content=\"image\/png\" \/>\n<meta name=\"author\" content=\"Arantxa Lamas\" \/>\n<meta name=\"twitter:card\" content=\"summary_large_image\" \/>\n<meta name=\"twitter:label1\" content=\"Escrito por\" \/>\n\t<meta name=\"twitter:data1\" content=\"Arantxa Lamas\" \/>\n\t<meta name=\"twitter:label2\" content=\"Tiempo de lectura\" \/>\n\t<meta name=\"twitter:data2\" content=\"3 minutos\" \/>\n<script type=\"application\/ld+json\" class=\"yoast-schema-graph\">{\"@context\":\"https:\/\/schema.org\",\"@graph\":[{\"@type\":\"Article\",\"@id\":\"https:\/\/metodoformacion.com\/blog\/cursos-sector-textil\/#article\",\"isPartOf\":{\"@id\":\"https:\/\/metodoformacion.com\/blog\/cursos-sector-textil\/\"},\"author\":{\"name\":\"Arantxa Lamas\",\"@id\":\"https:\/\/metodoformacion.com\/blog\/#\/schema\/person\/24dae8e4739a10c242abb3f3bdc6ca2a\"},\"headline\":\"Cursos del sector textil, \u00a1aumenta tus competencias!\",\"datePublished\":\"2020-09-09T09:52:10+00:00\",\"dateModified\":\"2020-09-09T09:56:40+00:00\",\"mainEntityOfPage\":{\"@id\":\"https:\/\/metodoformacion.com\/blog\/cursos-sector-textil\/\"},\"wordCount\":640,\"commentCount\":0,\"publisher\":{\"@id\":\"https:\/\/metodoformacion.com\/blog\/#organization\"},\"articleSection\":[\"Cursos gratis\",\"Textil\"],\"inLanguage\":\"es\",\"potentialAction\":[{\"@type\":\"CommentAction\",\"name\":\"Comment\",\"target\":[\"https:\/\/metodoformacion.com\/blog\/cursos-sector-textil\/#respond\"]}]},{\"@type\":\"WebPage\",\"@id\":\"https:\/\/metodoformacion.com\/blog\/cursos-sector-textil\/\",\"url\":\"https:\/\/metodoformacion.com\/blog\/cursos-sector-textil\/\",\"name\":\"Cursos del sector textil, \u00a1aumenta tus competencias!\",\"isPartOf\":{\"@id\":\"https:\/\/metodoformacion.com\/blog\/#website\"},\"datePublished\":\"2020-09-09T09:52:10+00:00\",\"dateModified\":\"2020-09-09T09:56:40+00:00\",\"description\":\"Entra y conoce nuestra oferta formativa y las ventajas que ofrece. No te pierdas nuestros cursos del sector textil, \u00a1crece profesionalmente con nosotros!\",\"breadcrumb\":{\"@id\":\"https:\/\/metodoformacion.com\/blog\/cursos-sector-textil\/#breadcrumb\"},\"inLanguage\":\"es\",\"potentialAction\":[{\"@type\":\"ReadAction\",\"target\":[\"https:\/\/metodoformacion.com\/blog\/cursos-sector-textil\/\"]}]},{\"@type\":\"BreadcrumbList\",\"@id\":\"https:\/\/metodoformacion.com\/blog\/cursos-sector-textil\/#breadcrumb\",\"itemListElement\":[{\"@type\":\"ListItem\",\"position\":1,\"name\":\"Inicio\",\"item\":\"https:\/\/metodoformacion.com\/blog\/\"},{\"@type\":\"ListItem\",\"position\":2,\"name\":\"Cursos del sector textil, \u00a1aumenta tus competencias!\"}]},{\"@type\":\"WebSite\",\"@id\":\"https:\/\/metodoformacion.com\/blog\/#website\",\"url\":\"https:\/\/metodoformacion.com\/blog\/\",\"name\":\"Blog sobre formaci\u00f3n subvencionada y empleo\",\"description\":\"\",\"publisher\":{\"@id\":\"https:\/\/metodoformacion.com\/blog\/#organization\"},\"potentialAction\":[{\"@type\":\"SearchAction\",\"target\":{\"@type\":\"EntryPoint\",\"urlTemplate\":\"https:\/\/metodoformacion.com\/blog\/?s={search_term_string}\"},\"query-input\":\"required name=search_term_string\"}],\"inLanguage\":\"es\"},{\"@type\":\"Organization\",\"@id\":\"https:\/\/metodoformacion.com\/blog\/#organization\",\"name\":\"Grupo M\u00e9todo\",\"url\":\"https:\/\/metodoformacion.com\/blog\/\",\"logo\":{\"@type\":\"ImageObject\",\"inLanguage\":\"es\",\"@id\":\"https:\/\/metodoformacion.com\/blog\/#\/schema\/logo\/image\/\",\"url\":\"https:\/\/metodoformacion.com\/blog\/wp-content\/uploads\/2019\/12\/logo-transparente.png\",\"contentUrl\":\"https:\/\/metodoformacion.com\/blog\/wp-content\/uploads\/2019\/12\/logo-transparente.png\",\"width\":160,\"height\":70,\"caption\":\"Grupo M\u00e9todo\"},\"image\":{\"@id\":\"https:\/\/metodoformacion.com\/blog\/#\/schema\/logo\/image\/\"}},{\"@type\":\"Person\",\"@id\":\"https:\/\/metodoformacion.com\/blog\/#\/schema\/person\/24dae8e4739a10c242abb3f3bdc6ca2a\",\"name\":\"Arantxa Lamas\",\"image\":{\"@type\":\"ImageObject\",\"inLanguage\":\"es\",\"@id\":\"https:\/\/metodoformacion.com\/blog\/#\/schema\/person\/image\/\",\"url\":\"https:\/\/secure.gravatar.com\/avatar\/26efd1f655893e370678c140563554cb?s=96&r=g\",\"contentUrl\":\"https:\/\/secure.gravatar.com\/avatar\/26efd1f655893e370678c140563554cb?s=96&r=g\",\"caption\":\"Arantxa Lamas\"},\"description\":\"Departamento de Marketing y Comunicaci\u00f3n de Grupo M\u00e9todo: responsable de contenidos y medios digitales.\",\"url\":\"https:\/\/metodoformacion.com\/blog\/author\/arantxa-lamas\/\"}]}<\/script>\n<!-- \/ Yoast SEO plugin. -->","yoast_head_json":{"title":"Cursos del sector textil, \u00a1aumenta tus competencias!","description":"Entra y conoce nuestra oferta formativa y las ventajas que ofrece. No te pierdas nuestros cursos del sector textil, \u00a1crece profesionalmente con nosotros!","robots":{"index":"index","follow":"follow","max-snippet":"max-snippet:-1","max-image-preview":"max-image-preview:large","max-video-preview":"max-video-preview:-1"},"canonical":"https:\/\/metodoformacion.com\/blog\/cursos-sector-textil\/","og_locale":"es_ES","og_type":"article","og_title":"Cursos del sector textil, \u00a1aumenta tus competencias!","og_description":"Entra y conoce nuestra oferta formativa y las ventajas que ofrece. No te pierdas nuestros cursos del sector textil, \u00a1crece profesionalmente con nosotros!","og_url":"https:\/\/metodoformacion.com\/blog\/cursos-sector-textil\/","og_site_name":"Blog sobre formaci\u00f3n subvencionada y empleo","article_published_time":"2020-09-09T09:52:10+00:00","article_modified_time":"2020-09-09T09:56:40+00:00","og_image":[{"width":650,"height":325,"url":"https:\/\/metodoformacion.com\/blog\/wp-content\/uploads\/2020\/09\/CRECIENDO-CON-LA-INDUSTRIA-TEXTIL.png","type":"image\/png"}],"author":"Arantxa Lamas","twitter_card":"summary_large_image","twitter_misc":{"Escrito por":"Arantxa Lamas","Tiempo de lectura":"3 minutos"},"schema":{"@context":"https:\/\/schema.org","@graph":[{"@type":"Article","@id":"https:\/\/metodoformacion.com\/blog\/cursos-sector-textil\/#article","isPartOf":{"@id":"https:\/\/metodoformacion.com\/blog\/cursos-sector-textil\/"},"author":{"name":"Arantxa Lamas","@id":"https:\/\/metodoformacion.com\/blog\/#\/schema\/person\/24dae8e4739a10c242abb3f3bdc6ca2a"},"headline":"Cursos del sector textil, \u00a1aumenta tus competencias!","datePublished":"2020-09-09T09:52:10+00:00","dateModified":"2020-09-09T09:56:40+00:00","mainEntityOfPage":{"@id":"https:\/\/metodoformacion.com\/blog\/cursos-sector-textil\/"},"wordCount":640,"commentCount":0,"publisher":{"@id":"https:\/\/metodoformacion.com\/blog\/#organization"},"articleSection":["Cursos gratis","Textil"],"inLanguage":"es","potentialAction":[{"@type":"CommentAction","name":"Comment","target":["https:\/\/metodoformacion.com\/blog\/cursos-sector-textil\/#respond"]}]},{"@type":"WebPage","@id":"https:\/\/metodoformacion.com\/blog\/cursos-sector-textil\/","url":"https:\/\/metodoformacion.com\/blog\/cursos-sector-textil\/","name":"Cursos del sector textil, \u00a1aumenta tus competencias!","isPartOf":{"@id":"https:\/\/metodoformacion.com\/blog\/#website"},"datePublished":"2020-09-09T09:52:10+00:00","dateModified":"2020-09-09T09:56:40+00:00","description":"Entra y conoce nuestra oferta formativa y las ventajas que ofrece. No te pierdas nuestros cursos del sector textil, \u00a1crece profesionalmente con nosotros!","breadcrumb":{"@id":"https:\/\/metodoformacion.com\/blog\/cursos-sector-textil\/#breadcrumb"},"inLanguage":"es","potentialAction":[{"@type":"ReadAction","target":["https:\/\/metodoformacion.com\/blog\/cursos-sector-textil\/"]}]},{"@type":"BreadcrumbList","@id":"https:\/\/metodoformacion.com\/blog\/cursos-sector-textil\/#breadcrumb","itemListElement":[{"@type":"ListItem","position":1,"name":"Inicio","item":"https:\/\/metodoformacion.com\/blog\/"},{"@type":"ListItem","position":2,"name":"Cursos del sector textil, \u00a1aumenta tus competencias!"}]},{"@type":"WebSite","@id":"https:\/\/metodoformacion.com\/blog\/#website","url":"https:\/\/metodoformacion.com\/blog\/","name":"Blog sobre formaci\u00f3n subvencionada y empleo","description":"","publisher":{"@id":"https:\/\/metodoformacion.com\/blog\/#organization"},"potentialAction":[{"@type":"SearchAction","target":{"@type":"EntryPoint","urlTemplate":"https:\/\/metodoformacion.com\/blog\/?s={search_term_string}"},"query-input":"required name=search_term_string"}],"inLanguage":"es"},{"@type":"Organization","@id":"https:\/\/metodoformacion.com\/blog\/#organization","name":"Grupo M\u00e9todo","url":"https:\/\/metodoformacion.com\/blog\/","logo":{"@type":"ImageObject","inLanguage":"es","@id":"https:\/\/metodoformacion.com\/blog\/#\/schema\/logo\/image\/","url":"https:\/\/metodoformacion.com\/blog\/wp-content\/uploads\/2019\/12\/logo-transparente.png","contentUrl":"https:\/\/metodoformacion.com\/blog\/wp-content\/uploads\/2019\/12\/logo-transparente.png","width":160,"height":70,"caption":"Grupo M\u00e9todo"},"image":{"@id":"https:\/\/metodoformacion.com\/blog\/#\/schema\/logo\/image\/"}},{"@type":"Person","@id":"https:\/\/metodoformacion.com\/blog\/#\/schema\/person\/24dae8e4739a10c242abb3f3bdc6ca2a","name":"Arantxa Lamas","image":{"@type":"ImageObject","inLanguage":"es","@id":"https:\/\/metodoformacion.com\/blog\/#\/schema\/person\/image\/","url":"https:\/\/secure.gravatar.com\/avatar\/26efd1f655893e370678c140563554cb?s=96&r=g","contentUrl":"https:\/\/secure.gravatar.com\/avatar\/26efd1f655893e370678c140563554cb?s=96&r=g","caption":"Arantxa Lamas"},"description":"Departamento de Marketing y Comunicaci\u00f3n de Grupo M\u00e9todo: responsable de contenidos y medios digitales.","url":"https:\/\/metodoformacion.com\/blog\/author\/arantxa-lamas\/"}]}},"_links":{"self":[{"href":"https:\/\/metodoformacion.com\/blog\/wp-json\/wp\/v2\/posts\/1356"}],"collection":[{"href":"https:\/\/metodoformacion.com\/blog\/wp-json\/wp\/v2\/posts"}],"about":[{"href":"https:\/\/metodoformacion.com\/blog\/wp-json\/wp\/v2\/types\/post"}],"author":[{"embeddable":true,"href":"https:\/\/metodoformacion.com\/blog\/wp-json\/wp\/v2\/users\/2"}],"replies":[{"embeddable":true,"href":"https:\/\/metodoformacion.com\/blog\/wp-json\/wp\/v2\/comments?post=1356"}],"version-history":[{"count":6,"href":"https:\/\/metodoformacion.com\/blog\/wp-json\/wp\/v2\/posts\/1356\/revisions"}],"predecessor-version":[{"id":1366,"href":"https:\/\/metodoformacion.com\/blog\/wp-json\/wp\/v2\/posts\/1356\/revisions\/1366"}],"wp:featuredmedia":[{"embeddable":true,"href":"https:\/\/metodoformacion.com\/blog\/wp-json\/wp\/v2\/media\/1362"}],"wp:attachment":[{"href":"https:\/\/metodoformacion.com\/blog\/wp-json\/wp\/v2\/media?parent=1356"}],"wp:term":[{"taxonomy":"category","embeddable":true,"href":"https:\/\/metodoformacion.com\/blog\/wp-json\/wp\/v2\/categories?post=1356"},{"taxonomy":"post_tag","embeddable":true,"href":"https:\/\/metodoformacion.com\/blog\/wp-json\/wp\/v2\/tags?post=1356"}],"curies":[{"name":"wp","href":"https:\/\/api.w.org\/{rel}","templated":true}]}}