{"id":1369,"date":"2020-09-16T17:01:58","date_gmt":"2020-09-16T17:01:58","guid":{"rendered":"https:\/\/metodoformacion.com\/blog\/?p=1369"},"modified":"2021-03-18T12:00:39","modified_gmt":"2021-03-18T12:00:39","slug":"cursos-situacion-desempleo","status":"publish","type":"post","link":"https:\/\/metodoformacion.com\/blog\/cursos-situacion-desempleo\/","title":{"rendered":"Sobre nuestros cursos: situaci\u00f3n de desempleo"},"content":{"rendered":"<p><span style=\"font-size: 14pt;\">Seg\u00fan los datos recogidos por <span style=\"color: #000000;\"><a style=\"color: #000000;\" href=\"https:\/\/www.epdata.es\/\" target=\"_blank\" rel=\"noopener noreferrer\">epdata<\/a><\/span>, cuya fuente es el Miniterio de Empleo y Seguridad Social, el n\u00famero total de personas en situaci\u00f3n de desempleo en Espa\u00f1a fue de 3.802.814 personas en agosto de 2020. Esto supuso un 0,79% de incremento respecto al mes anterior, que se traduce en 29.780 personas m\u00e1s que se quedaron sin empleo en agosto.<\/span><\/p>\n<p><span style=\"font-size: 14pt;\">En Grupo M\u00e9todo hemos notado este incremento de personas que han perdido su empleo desde marzo hasta ahora, que estamos en septiembre.<\/span><\/p>\n<p><span style=\"font-size: 14pt;\"><img loading=\"lazy\" class=\"size-full wp-image-1372 aligncenter\" src=\"https:\/\/metodoformacion.com\/blog\/wp-content\/uploads\/2020\/09\/Dise\u00f1o-sin-t\u00edtulo24.png\" alt=\"evoluci\u00f3n del paro en Espa\u00f1a\" width=\"650\" height=\"325\" srcset=\"https:\/\/metodoformacion.com\/blog\/wp-content\/uploads\/2020\/09\/Dise\u00f1o-sin-t\u00edtulo24.png 650w, https:\/\/metodoformacion.com\/blog\/wp-content\/uploads\/2020\/09\/Dise\u00f1o-sin-t\u00edtulo24-300x150.png 300w\" sizes=\"(max-width: 650px) 100vw, 650px\" \/><\/span><\/p>\n<p><span style=\"font-size: 14pt;\">Desde entonces, cada vez recibimos m\u00e1s llamadas, m\u00e1s correos electr\u00f3nicos, m\u00e1s comentarios y mensajes en nuestras redes sociales de mujeres y de hombres haci\u00e9ndonos consultas sobre las plazas disponibles para personas en situaci\u00f3n de desempleo. Y aunque atravesamos momentos muy dif\u00edciles socialmente, siempre nos alegra saber que no paramos, que aunque las circunstancias sean adversas buscamos los recursos para aumentar nuestras oportunidades de encontrar un nuevo empleo y de seguir avanzando personalmente.<\/span><\/p>\n<div id=\"ez-toc-container\" class=\"ez-toc-v2_0_62 counter-hierarchy ez-toc-counter ez-toc-custom ez-toc-container-direction\">\n<p class=\"ez-toc-title\">Hablamos sobre...<\/p>\n<label for=\"ez-toc-cssicon-toggle-item-69f5f6a67852d\" class=\"ez-toc-cssicon-toggle-label\"><span class=\"\"><span class=\"eztoc-hide\" style=\"display:none;\">Toggle<\/span><span class=\"ez-toc-icon-toggle-span\"><svg style=\"fill: #000000;color:#000000\" xmlns=\"http:\/\/www.w3.org\/2000\/svg\" class=\"list-377408\" width=\"20px\" height=\"20px\" viewBox=\"0 0 24 24\" fill=\"none\"><path d=\"M6 6H4v2h2V6zm14 0H8v2h12V6zM4 11h2v2H4v-2zm16 0H8v2h12v-2zM4 16h2v2H4v-2zm16 0H8v2h12v-2z\" fill=\"currentColor\"><\/path><\/svg><svg style=\"fill: #000000;color:#000000\" class=\"arrow-unsorted-368013\" xmlns=\"http:\/\/www.w3.org\/2000\/svg\" width=\"10px\" height=\"10px\" viewBox=\"0 0 24 24\" version=\"1.2\" baseProfile=\"tiny\"><path d=\"M18.2 9.3l-6.2-6.3-6.2 6.3c-.2.2-.3.4-.3.7s.1.5.3.7c.2.2.4.3.7.3h11c.3 0 .5-.1.7-.3.2-.2.3-.5.3-.7s-.1-.5-.3-.7zM5.8 14.7l6.2 6.3 6.2-6.3c.2-.2.3-.5.3-.7s-.1-.5-.3-.7c-.2-.2-.4-.3-.7-.3h-11c-.3 0-.5.1-.7.3-.2.2-.3.5-.3.7s.1.5.3.7z\"\/><\/svg><\/span><\/span><\/label><input type=\"checkbox\"  id=\"ez-toc-cssicon-toggle-item-69f5f6a67852d\" checked aria-label=\"Toggle\" \/><nav><ul class='ez-toc-list ez-toc-list-level-1 ' ><li class='ez-toc-page-1 ez-toc-heading-level-2'><a class=\"ez-toc-link ez-toc-heading-1\" href=\"https:\/\/metodoformacion.com\/blog\/cursos-situacion-desempleo\/#Dudas_especialmente_recurrentes\" title=\"Dudas especialmente recurrentes \n\">Dudas especialmente recurrentes \n<\/a><ul class='ez-toc-list-level-3' ><li class='ez-toc-heading-level-3'><a class=\"ez-toc-link ez-toc-heading-2\" href=\"https:\/\/metodoformacion.com\/blog\/cursos-situacion-desempleo\/#1_Los_cursos_para_personas_en_situacion_de_desempleo_son_menos_interesantes_que_los_cursos_para_personas_en_activo\" title=\"1. Los cursos para personas en situaci\u00f3n de desempleo son menos interesantes que los cursos para personas en activo\">1. Los cursos para personas en situaci\u00f3n de desempleo son menos interesantes que los cursos para personas en activo<\/a><\/li><li class='ez-toc-page-1 ez-toc-heading-level-3'><a class=\"ez-toc-link ez-toc-heading-3\" href=\"https:\/\/metodoformacion.com\/blog\/cursos-situacion-desempleo\/#2_No_hay_plazas_para_personas_en_situacion_de_desempleo_en_el_curso_que_quiero\" title=\"2. No hay plazas para personas en situaci\u00f3n de desempleo en el curso que quiero\">2. No hay plazas para personas en situaci\u00f3n de desempleo en el curso que quiero<\/a><\/li><li class='ez-toc-page-1 ez-toc-heading-level-3'><a class=\"ez-toc-link ez-toc-heading-4\" href=\"https:\/\/metodoformacion.com\/blog\/cursos-situacion-desempleo\/#3_Para_personas_en_situacion_de_desempleo_no_hay_nada\" title=\"3. Para personas en situaci\u00f3n de desempleo no hay nada\">3. Para personas en situaci\u00f3n de desempleo no hay nada<\/a><ul class='ez-toc-list-level-4' ><li class='ez-toc-heading-level-4'><a class=\"ez-toc-link ez-toc-heading-5\" href=\"https:\/\/metodoformacion.com\/blog\/cursos-situacion-desempleo\/#Una_anecdota%E2%80%A6\" title=\"Una an\u00e9cdota&#8230;\">Una an\u00e9cdota&#8230;<\/a><\/li><\/ul><\/li><\/ul><\/li><\/ul><\/nav><\/div>\n<h2><span class=\"ez-toc-section\" id=\"Dudas_especialmente_recurrentes\"><\/span><span style=\"font-size: 14pt;\">Dudas especialmente recurrentes<br \/>\n<\/span><span class=\"ez-toc-section-end\"><\/span><\/h2>\n<p><span style=\"font-size: 14pt;\">Despu\u00e9s de estos siete meses he hecho un registro de las consultas m\u00e1s habituales sobre la disponibilidad de plazas para personas en situaci\u00f3n de desempleo en nuestros cursos, con la idea de aclarar algunas dudas que, por el motivo que sea, son especialmente recurrentes.<\/span><\/p>\n<p><span style=\"font-size: 14pt;\">Tras hacer un an\u00e1lisis exhaustivo de toda mi interacci\u00f3n sobre este tema desde marzo, me he dado cuenta de que estas dudas pueden reducirse a tres cuestiones principales:<\/span><\/p>\n<h3><span class=\"ez-toc-section\" id=\"1_Los_cursos_para_personas_en_situacion_de_desempleo_son_menos_interesantes_que_los_cursos_para_personas_en_activo\"><\/span><span style=\"color: #0093d1;\"><strong><span style=\"font-size: 14pt;\">1. Los cursos para personas en situaci\u00f3n de desempleo son menos interesantes que los cursos para personas en activo<\/span><\/strong><\/span><span class=\"ez-toc-section-end\"><\/span><\/h3>\n<p><span style=\"font-size: 14pt;\">En Grupo M\u00e9todo no tenemos cursos para personas en situaci\u00f3n de desempleo y cursos para trabajadoras y trabajadores en activo. \u00a1Los cursos son los mismos para todo el mundo!<\/span><\/p>\n<p><span style=\"font-size: 14pt;\">\u00a1Ser\u00eda el colmo! Ser\u00eda el colmo que ofreci\u00e9ramos cursos menos interesantes a unos u a otros, en funci\u00f3n de su situaci\u00f3n laboral. Este no es un criterio a seguir aceptable para nosotros.<\/span><\/p>\n<p><span style=\"font-size: 14pt;\">\u00bfCu\u00e1l es la diferencia entonces? La diferencia est\u00e1 en el % de plazas que podemos ofrecer para personas en situaci\u00f3n de desempleo y para personas en activo.<\/span><\/p>\n<p><span style=\"font-size: 14pt;\">\u00a1Te lo cuento m\u00e1s detallado justo aqu\u00ed abajo!<\/span><\/p>\n<h3><span class=\"ez-toc-section\" id=\"2_No_hay_plazas_para_personas_en_situacion_de_desempleo_en_el_curso_que_quiero\"><\/span><span style=\"color: #0093d1;\"><strong><span style=\"font-size: 14pt;\">2. No hay plazas para personas en situaci\u00f3n de desempleo en el curso que quiero<\/span><\/strong><\/span><span class=\"ez-toc-section-end\"><\/span><\/h3>\n<p><span style=\"font-size: 14pt;\">En estos planes de formaci\u00f3n el % de plazas para personas en situaci\u00f3n de desempleo es menor que para personas en activo. Esto viene determinado por la convocatoria del Servicio P\u00fablico de Empleo Estatal SEPE y, por tanto, no depende de nosotros.<\/span><\/p>\n<p><span style=\"font-size: 14pt;\">Teniendo en cuenta esto y que esas plazas se agotan muy pero que muy r\u00e1pido, se puede entender que a medida que avanzamos en la convocatoria haya cada vez menos cursos con plazas para personas en situaci\u00f3n de desempleo.<\/span><\/p>\n<p><span style=\"font-size: 14pt;\">Tenemos dos enlaces que actualizamos siempre que hay nuevas plazas para personas en situaci\u00f3n de desempleo:<\/span><\/p>\n<p><span style=\"font-size: 14pt; color: #0093d1;\">\u00a0\ud83d\udca1 <\/span><\/p>\n<p><span style=\"color: #0093d1;\">\u00a0\ud83d\udca1 <\/span><\/p>\n<p><span style=\"font-size: 14pt;\">Si no sabes c\u00f3mo guardar los enlaces en favoritos para consultarlos siempre que quieras, \u00a1d\u00e9janos un comentario y te cuento c\u00f3mo!<br \/>\n<\/span><\/p>\n<h3><span class=\"ez-toc-section\" id=\"3_Para_personas_en_situacion_de_desempleo_no_hay_nada\"><\/span><span style=\"font-size: 14pt; color: #0093d1;\">3. Para personas en situaci\u00f3n de desempleo no hay nada<\/span><span class=\"ez-toc-section-end\"><\/span><\/h3>\n<p><span style=\"font-size: 14pt;\">Si se han agotado las plazas, no podemos ofrecer plazas nuevas. <\/span><\/p>\n<p><span style=\"font-size: 14pt;\">\u00a1No podemos sobrepasar el l\u00edmite de nuestra capacidad, ni ofrecer algo que no tenemos!<\/span><\/p>\n<h4><span class=\"ez-toc-section\" id=\"Una_anecdota%E2%80%A6\"><\/span><span style=\"font-size: 14pt;\">Una an\u00e9cdota&#8230;<\/span><span class=\"ez-toc-section-end\"><\/span><\/h4>\n<p><span style=\"font-size: 14pt;\">Siempre que hay plazas disponibles lo indicamos en los textos de las publicaciones claramente. Por ejemplo:<\/span><\/p>\n<p><img loading=\"lazy\" class=\"wp-image-1373 size-full aligncenter\" src=\"https:\/\/metodoformacion.com\/blog\/wp-content\/uploads\/2020\/09\/CURSOS-FB.png\" alt=\"cursos demandantes de empleo\" width=\"851\" height=\"476\" srcset=\"https:\/\/metodoformacion.com\/blog\/wp-content\/uploads\/2020\/09\/CURSOS-FB.png 851w, https:\/\/metodoformacion.com\/blog\/wp-content\/uploads\/2020\/09\/CURSOS-FB-300x168.png 300w, https:\/\/metodoformacion.com\/blog\/wp-content\/uploads\/2020\/09\/CURSOS-FB-768x430.png 768w\" sizes=\"(max-width: 851px) 100vw, 851px\" \/><\/p>\n<p><span style=\"font-size: 14pt;\">A\u00fan as\u00ed, en esas publicaciones me he encontrado, y me encuentro con frecuencia, el siguiente comentario: <\/span><\/p>\n<p><span style=\"font-size: 14pt;\">\u00abPara desempleados nada, no?\u00bb.<\/span><\/p>\n<p><span style=\"font-size: 14pt;\">Obviamente para eso estamos, para atender todas y cada una de las dudas, a todas y a cada una de las personas que se interesan por lo que hacemos (gracias), pero no deja de ser curioso que habi\u00e9ndolo dejado claro, por escrito, demos por hecho que no hay plazas.<\/span><\/p>\n<hr \/>\n<p><span style=\"font-size: 14pt;\">Atravesamos momentos muy dif\u00edciles. Muchos negocios han tenido que cerrar, muchos otros han tenido que reducir plantilla y muchos a\u00fan est\u00e1n luchando por sobrevivir manteni\u00e9ndose en ERTE. Sin duda atravesamos una situaci\u00f3n excepcional que ha dejado, y dejar\u00e1, una gran huella en nuestra sociedad pero saldremos de esto m\u00e1s fuertes.<\/span><\/p>\n<p>Si est\u00e1s en b\u00fasqueda activa de empleo recuerda que hace poco en este mismo blog te daba algunos <span style=\"color: #0093d1;\"><a style=\"color: #0093d1;\" href=\"https:\/\/metodoformacion.com\/blog\/propuestas-buscar-encontrar-trabajo-internet\/\" target=\"_blank\" rel=\"noopener noreferrer\">consejos para aumentar tus probabilidades de encontrar trabajo<\/a><\/span> en internet. \u00a1No te lo pierdas!<\/p>\n<p style=\"text-align: center;\"><span style=\"font-size: 14pt;\"><strong>Mucho \u00e1nimo y muchas gracias por acompa\u00f1arnos durante todo este tiempo.<\/strong> <\/span><\/p>\n","protected":false},"excerpt":{"rendered":"<p>Seg\u00fan los datos recogidos por epdata, cuya fuente es el Miniterio de Empleo y Seguridad Social, el n\u00famero total de personas en situaci\u00f3n de desempleo en Espa\u00f1a fue de 3.802.814 personas en agosto de 2020. Esto supuso un 0,79% de incremento respecto al mes anterior, que se traduce en 29.780 personas m\u00e1s que se quedaron [&hellip;]<\/p>\n","protected":false},"author":2,"featured_media":1374,"comment_status":"open","ping_status":"open","sticky":false,"template":"","format":"standard","meta":{"_monsterinsights_skip_tracking":false,"_monsterinsights_sitenote_active":false,"_monsterinsights_sitenote_note":"","_monsterinsights_sitenote_category":0},"categories":[40],"tags":[],"yoast_head":"<!-- This site is optimized with the Yoast SEO plugin v19.14 - https:\/\/yoast.com\/wordpress\/plugins\/seo\/ -->\n<title>Sobre nuestros cursos: situaci\u00f3n de desempleo<\/title>\n<meta name=\"description\" content=\"Hablamos sobre las plazas en nuestros cursos para personas en situacion de desempleo, tratando de aclarar algunas dudas habituales. \u00bfNos acompa\u00f1as?\" \/>\n<meta name=\"robots\" content=\"index, follow, max-snippet:-1, max-image-preview:large, max-video-preview:-1\" \/>\n<link rel=\"canonical\" href=\"https:\/\/metodoformacion.com\/blog\/cursos-situacion-desempleo\/\" \/>\n<meta property=\"og:locale\" content=\"es_ES\" \/>\n<meta property=\"og:type\" content=\"article\" \/>\n<meta property=\"og:title\" content=\"Sobre nuestros cursos: situaci\u00f3n de desempleo\" \/>\n<meta property=\"og:description\" content=\"Hablamos sobre las plazas en nuestros cursos para personas en situacion de desempleo, tratando de aclarar algunas dudas habituales. \u00bfNos acompa\u00f1as?\" \/>\n<meta property=\"og:url\" content=\"https:\/\/metodoformacion.com\/blog\/cursos-situacion-desempleo\/\" \/>\n<meta property=\"og:site_name\" content=\"Blog sobre formaci\u00f3n subvencionada y empleo\" \/>\n<meta property=\"article:published_time\" content=\"2020-09-16T17:01:58+00:00\" \/>\n<meta property=\"article:modified_time\" content=\"2021-03-18T12:00:39+00:00\" \/>\n<meta property=\"og:image\" content=\"https:\/\/metodoformacion.com\/blog\/wp-content\/uploads\/2020\/09\/\u00bfPOR-QU\u00c9-SON-M\u00c1S-INTERESANTES-LOS-CURSOS-PARA-PERSONAS-EN-ACTIVO-.png\" \/>\n\t<meta property=\"og:image:width\" content=\"650\" \/>\n\t<meta property=\"og:image:height\" content=\"325\" \/>\n\t<meta property=\"og:image:type\" content=\"image\/png\" \/>\n<meta name=\"author\" content=\"Arantxa Lamas\" \/>\n<meta name=\"twitter:card\" content=\"summary_large_image\" \/>\n<meta name=\"twitter:label1\" content=\"Escrito por\" \/>\n\t<meta name=\"twitter:data1\" content=\"Arantxa Lamas\" \/>\n\t<meta name=\"twitter:label2\" content=\"Tiempo de lectura\" \/>\n\t<meta name=\"twitter:data2\" content=\"4 minutos\" \/>\n<script type=\"application\/ld+json\" class=\"yoast-schema-graph\">{\"@context\":\"https:\/\/schema.org\",\"@graph\":[{\"@type\":\"Article\",\"@id\":\"https:\/\/metodoformacion.com\/blog\/cursos-situacion-desempleo\/#article\",\"isPartOf\":{\"@id\":\"https:\/\/metodoformacion.com\/blog\/cursos-situacion-desempleo\/\"},\"author\":{\"name\":\"Arantxa Lamas\",\"@id\":\"https:\/\/metodoformacion.com\/blog\/#\/schema\/person\/24dae8e4739a10c242abb3f3bdc6ca2a\"},\"headline\":\"Sobre nuestros cursos: situaci\u00f3n de desempleo\",\"datePublished\":\"2020-09-16T17:01:58+00:00\",\"dateModified\":\"2021-03-18T12:00:39+00:00\",\"mainEntityOfPage\":{\"@id\":\"https:\/\/metodoformacion.com\/blog\/cursos-situacion-desempleo\/\"},\"wordCount\":744,\"commentCount\":0,\"publisher\":{\"@id\":\"https:\/\/metodoformacion.com\/blog\/#organization\"},\"articleSection\":[\"Situaci\u00f3n de desempleo\"],\"inLanguage\":\"es\",\"potentialAction\":[{\"@type\":\"CommentAction\",\"name\":\"Comment\",\"target\":[\"https:\/\/metodoformacion.com\/blog\/cursos-situacion-desempleo\/#respond\"]}]},{\"@type\":\"WebPage\",\"@id\":\"https:\/\/metodoformacion.com\/blog\/cursos-situacion-desempleo\/\",\"url\":\"https:\/\/metodoformacion.com\/blog\/cursos-situacion-desempleo\/\",\"name\":\"Sobre nuestros cursos: situaci\u00f3n de desempleo\",\"isPartOf\":{\"@id\":\"https:\/\/metodoformacion.com\/blog\/#website\"},\"datePublished\":\"2020-09-16T17:01:58+00:00\",\"dateModified\":\"2021-03-18T12:00:39+00:00\",\"description\":\"Hablamos sobre las plazas en nuestros cursos para personas en situacion de desempleo, tratando de aclarar algunas dudas habituales. \u00bfNos acompa\u00f1as?\",\"breadcrumb\":{\"@id\":\"https:\/\/metodoformacion.com\/blog\/cursos-situacion-desempleo\/#breadcrumb\"},\"inLanguage\":\"es\",\"potentialAction\":[{\"@type\":\"ReadAction\",\"target\":[\"https:\/\/metodoformacion.com\/blog\/cursos-situacion-desempleo\/\"]}]},{\"@type\":\"BreadcrumbList\",\"@id\":\"https:\/\/metodoformacion.com\/blog\/cursos-situacion-desempleo\/#breadcrumb\",\"itemListElement\":[{\"@type\":\"ListItem\",\"position\":1,\"name\":\"Inicio\",\"item\":\"https:\/\/metodoformacion.com\/blog\/\"},{\"@type\":\"ListItem\",\"position\":2,\"name\":\"Sobre nuestros cursos: situaci\u00f3n de desempleo\"}]},{\"@type\":\"WebSite\",\"@id\":\"https:\/\/metodoformacion.com\/blog\/#website\",\"url\":\"https:\/\/metodoformacion.com\/blog\/\",\"name\":\"Blog sobre formaci\u00f3n subvencionada y empleo\",\"description\":\"\",\"publisher\":{\"@id\":\"https:\/\/metodoformacion.com\/blog\/#organization\"},\"potentialAction\":[{\"@type\":\"SearchAction\",\"target\":{\"@type\":\"EntryPoint\",\"urlTemplate\":\"https:\/\/metodoformacion.com\/blog\/?s={search_term_string}\"},\"query-input\":\"required name=search_term_string\"}],\"inLanguage\":\"es\"},{\"@type\":\"Organization\",\"@id\":\"https:\/\/metodoformacion.com\/blog\/#organization\",\"name\":\"Grupo M\u00e9todo\",\"url\":\"https:\/\/metodoformacion.com\/blog\/\",\"logo\":{\"@type\":\"ImageObject\",\"inLanguage\":\"es\",\"@id\":\"https:\/\/metodoformacion.com\/blog\/#\/schema\/logo\/image\/\",\"url\":\"https:\/\/metodoformacion.com\/blog\/wp-content\/uploads\/2019\/12\/logo-transparente.png\",\"contentUrl\":\"https:\/\/metodoformacion.com\/blog\/wp-content\/uploads\/2019\/12\/logo-transparente.png\",\"width\":160,\"height\":70,\"caption\":\"Grupo M\u00e9todo\"},\"image\":{\"@id\":\"https:\/\/metodoformacion.com\/blog\/#\/schema\/logo\/image\/\"}},{\"@type\":\"Person\",\"@id\":\"https:\/\/metodoformacion.com\/blog\/#\/schema\/person\/24dae8e4739a10c242abb3f3bdc6ca2a\",\"name\":\"Arantxa Lamas\",\"image\":{\"@type\":\"ImageObject\",\"inLanguage\":\"es\",\"@id\":\"https:\/\/metodoformacion.com\/blog\/#\/schema\/person\/image\/\",\"url\":\"https:\/\/secure.gravatar.com\/avatar\/26efd1f655893e370678c140563554cb?s=96&r=g\",\"contentUrl\":\"https:\/\/secure.gravatar.com\/avatar\/26efd1f655893e370678c140563554cb?s=96&r=g\",\"caption\":\"Arantxa Lamas\"},\"description\":\"Departamento de Marketing y Comunicaci\u00f3n de Grupo M\u00e9todo: responsable de contenidos y medios digitales.\",\"url\":\"https:\/\/metodoformacion.com\/blog\/author\/arantxa-lamas\/\"}]}<\/script>\n<!-- \/ Yoast SEO plugin. -->","yoast_head_json":{"title":"Sobre nuestros cursos: situaci\u00f3n de desempleo","description":"Hablamos sobre las plazas en nuestros cursos para personas en situacion de desempleo, tratando de aclarar algunas dudas habituales. \u00bfNos acompa\u00f1as?","robots":{"index":"index","follow":"follow","max-snippet":"max-snippet:-1","max-image-preview":"max-image-preview:large","max-video-preview":"max-video-preview:-1"},"canonical":"https:\/\/metodoformacion.com\/blog\/cursos-situacion-desempleo\/","og_locale":"es_ES","og_type":"article","og_title":"Sobre nuestros cursos: situaci\u00f3n de desempleo","og_description":"Hablamos sobre las plazas en nuestros cursos para personas en situacion de desempleo, tratando de aclarar algunas dudas habituales. \u00bfNos acompa\u00f1as?","og_url":"https:\/\/metodoformacion.com\/blog\/cursos-situacion-desempleo\/","og_site_name":"Blog sobre formaci\u00f3n subvencionada y empleo","article_published_time":"2020-09-16T17:01:58+00:00","article_modified_time":"2021-03-18T12:00:39+00:00","og_image":[{"width":650,"height":325,"url":"https:\/\/metodoformacion.com\/blog\/wp-content\/uploads\/2020\/09\/\u00bfPOR-QU\u00c9-SON-M\u00c1S-INTERESANTES-LOS-CURSOS-PARA-PERSONAS-EN-ACTIVO-.png","type":"image\/png"}],"author":"Arantxa Lamas","twitter_card":"summary_large_image","twitter_misc":{"Escrito por":"Arantxa Lamas","Tiempo de lectura":"4 minutos"},"schema":{"@context":"https:\/\/schema.org","@graph":[{"@type":"Article","@id":"https:\/\/metodoformacion.com\/blog\/cursos-situacion-desempleo\/#article","isPartOf":{"@id":"https:\/\/metodoformacion.com\/blog\/cursos-situacion-desempleo\/"},"author":{"name":"Arantxa Lamas","@id":"https:\/\/metodoformacion.com\/blog\/#\/schema\/person\/24dae8e4739a10c242abb3f3bdc6ca2a"},"headline":"Sobre nuestros cursos: situaci\u00f3n de desempleo","datePublished":"2020-09-16T17:01:58+00:00","dateModified":"2021-03-18T12:00:39+00:00","mainEntityOfPage":{"@id":"https:\/\/metodoformacion.com\/blog\/cursos-situacion-desempleo\/"},"wordCount":744,"commentCount":0,"publisher":{"@id":"https:\/\/metodoformacion.com\/blog\/#organization"},"articleSection":["Situaci\u00f3n de desempleo"],"inLanguage":"es","potentialAction":[{"@type":"CommentAction","name":"Comment","target":["https:\/\/metodoformacion.com\/blog\/cursos-situacion-desempleo\/#respond"]}]},{"@type":"WebPage","@id":"https:\/\/metodoformacion.com\/blog\/cursos-situacion-desempleo\/","url":"https:\/\/metodoformacion.com\/blog\/cursos-situacion-desempleo\/","name":"Sobre nuestros cursos: situaci\u00f3n de desempleo","isPartOf":{"@id":"https:\/\/metodoformacion.com\/blog\/#website"},"datePublished":"2020-09-16T17:01:58+00:00","dateModified":"2021-03-18T12:00:39+00:00","description":"Hablamos sobre las plazas en nuestros cursos para personas en situacion de desempleo, tratando de aclarar algunas dudas habituales. \u00bfNos acompa\u00f1as?","breadcrumb":{"@id":"https:\/\/metodoformacion.com\/blog\/cursos-situacion-desempleo\/#breadcrumb"},"inLanguage":"es","potentialAction":[{"@type":"ReadAction","target":["https:\/\/metodoformacion.com\/blog\/cursos-situacion-desempleo\/"]}]},{"@type":"BreadcrumbList","@id":"https:\/\/metodoformacion.com\/blog\/cursos-situacion-desempleo\/#breadcrumb","itemListElement":[{"@type":"ListItem","position":1,"name":"Inicio","item":"https:\/\/metodoformacion.com\/blog\/"},{"@type":"ListItem","position":2,"name":"Sobre nuestros cursos: situaci\u00f3n de desempleo"}]},{"@type":"WebSite","@id":"https:\/\/metodoformacion.com\/blog\/#website","url":"https:\/\/metodoformacion.com\/blog\/","name":"Blog sobre formaci\u00f3n subvencionada y empleo","description":"","publisher":{"@id":"https:\/\/metodoformacion.com\/blog\/#organization"},"potentialAction":[{"@type":"SearchAction","target":{"@type":"EntryPoint","urlTemplate":"https:\/\/metodoformacion.com\/blog\/?s={search_term_string}"},"query-input":"required name=search_term_string"}],"inLanguage":"es"},{"@type":"Organization","@id":"https:\/\/metodoformacion.com\/blog\/#organization","name":"Grupo M\u00e9todo","url":"https:\/\/metodoformacion.com\/blog\/","logo":{"@type":"ImageObject","inLanguage":"es","@id":"https:\/\/metodoformacion.com\/blog\/#\/schema\/logo\/image\/","url":"https:\/\/metodoformacion.com\/blog\/wp-content\/uploads\/2019\/12\/logo-transparente.png","contentUrl":"https:\/\/metodoformacion.com\/blog\/wp-content\/uploads\/2019\/12\/logo-transparente.png","width":160,"height":70,"caption":"Grupo M\u00e9todo"},"image":{"@id":"https:\/\/metodoformacion.com\/blog\/#\/schema\/logo\/image\/"}},{"@type":"Person","@id":"https:\/\/metodoformacion.com\/blog\/#\/schema\/person\/24dae8e4739a10c242abb3f3bdc6ca2a","name":"Arantxa Lamas","image":{"@type":"ImageObject","inLanguage":"es","@id":"https:\/\/metodoformacion.com\/blog\/#\/schema\/person\/image\/","url":"https:\/\/secure.gravatar.com\/avatar\/26efd1f655893e370678c140563554cb?s=96&r=g","contentUrl":"https:\/\/secure.gravatar.com\/avatar\/26efd1f655893e370678c140563554cb?s=96&r=g","caption":"Arantxa Lamas"},"description":"Departamento de Marketing y Comunicaci\u00f3n de Grupo M\u00e9todo: responsable de contenidos y medios digitales.","url":"https:\/\/metodoformacion.com\/blog\/author\/arantxa-lamas\/"}]}},"_links":{"self":[{"href":"https:\/\/metodoformacion.com\/blog\/wp-json\/wp\/v2\/posts\/1369"}],"collection":[{"href":"https:\/\/metodoformacion.com\/blog\/wp-json\/wp\/v2\/posts"}],"about":[{"href":"https:\/\/metodoformacion.com\/blog\/wp-json\/wp\/v2\/types\/post"}],"author":[{"embeddable":true,"href":"https:\/\/metodoformacion.com\/blog\/wp-json\/wp\/v2\/users\/2"}],"replies":[{"embeddable":true,"href":"https:\/\/metodoformacion.com\/blog\/wp-json\/wp\/v2\/comments?post=1369"}],"version-history":[{"count":4,"href":"https:\/\/metodoformacion.com\/blog\/wp-json\/wp\/v2\/posts\/1369\/revisions"}],"predecessor-version":[{"id":1378,"href":"https:\/\/metodoformacion.com\/blog\/wp-json\/wp\/v2\/posts\/1369\/revisions\/1378"}],"wp:featuredmedia":[{"embeddable":true,"href":"https:\/\/metodoformacion.com\/blog\/wp-json\/wp\/v2\/media\/1374"}],"wp:attachment":[{"href":"https:\/\/metodoformacion.com\/blog\/wp-json\/wp\/v2\/media?parent=1369"}],"wp:term":[{"taxonomy":"category","embeddable":true,"href":"https:\/\/metodoformacion.com\/blog\/wp-json\/wp\/v2\/categories?post=1369"},{"taxonomy":"post_tag","embeddable":true,"href":"https:\/\/metodoformacion.com\/blog\/wp-json\/wp\/v2\/tags?post=1369"}],"curies":[{"name":"wp","href":"https:\/\/api.w.org\/{rel}","templated":true}]}}