{"id":1450,"date":"2020-10-21T07:41:32","date_gmt":"2020-10-21T07:41:32","guid":{"rendered":"https:\/\/metodoformacion.com\/blog\/?p=1450"},"modified":"2020-10-30T15:47:24","modified_gmt":"2020-10-30T15:47:24","slug":"programa-piloto-de-formacion-senior-digital","status":"publish","type":"post","link":"https:\/\/metodoformacion.com\/blog\/programa-piloto-de-formacion-senior-digital\/","title":{"rendered":"Programa piloto de formaci\u00f3n S\u00e9nior Digital"},"content":{"rendered":"<p>La <a href=\"https:\/\/emprego.xunta.gal\/portal\/gl\/\" target=\"_blank\" rel=\"noopener noreferrer\"><em>Conseller\u00eda de Emprego e Igualdade de la Xunta de Galicia<\/em><\/a> acaba de lanzar el <span style=\"color: #e94683;\"><strong>programa piloto de formaci\u00f3n S\u00e9nior Digital<\/strong>.<\/span> El objetivo de este programa es el de poner en marcha un plan de <strong>recualificaci\u00f3n profesional<\/strong> que favorezca la incorporaci\u00f3n al mercado laboral de las personas que por su edad tienen m\u00e1s dificultades para encontrar un puesto de trabajo.<\/p>\n<p>\u00a1Te lo contamos todo a continuaci\u00f3n!<\/p>\n<div id=\"ez-toc-container\" class=\"ez-toc-v2_0_62 counter-hierarchy ez-toc-counter ez-toc-custom ez-toc-container-direction\">\n<p class=\"ez-toc-title\">Hablamos sobre...<\/p>\n<label for=\"ez-toc-cssicon-toggle-item-69f298f732f53\" class=\"ez-toc-cssicon-toggle-label\"><span class=\"\"><span class=\"eztoc-hide\" style=\"display:none;\">Toggle<\/span><span class=\"ez-toc-icon-toggle-span\"><svg style=\"fill: #000000;color:#000000\" xmlns=\"http:\/\/www.w3.org\/2000\/svg\" class=\"list-377408\" width=\"20px\" height=\"20px\" viewBox=\"0 0 24 24\" fill=\"none\"><path d=\"M6 6H4v2h2V6zm14 0H8v2h12V6zM4 11h2v2H4v-2zm16 0H8v2h12v-2zM4 16h2v2H4v-2zm16 0H8v2h12v-2z\" fill=\"currentColor\"><\/path><\/svg><svg style=\"fill: #000000;color:#000000\" class=\"arrow-unsorted-368013\" xmlns=\"http:\/\/www.w3.org\/2000\/svg\" width=\"10px\" height=\"10px\" viewBox=\"0 0 24 24\" version=\"1.2\" baseProfile=\"tiny\"><path d=\"M18.2 9.3l-6.2-6.3-6.2 6.3c-.2.2-.3.4-.3.7s.1.5.3.7c.2.2.4.3.7.3h11c.3 0 .5-.1.7-.3.2-.2.3-.5.3-.7s-.1-.5-.3-.7zM5.8 14.7l6.2 6.3 6.2-6.3c.2-.2.3-.5.3-.7s-.1-.5-.3-.7c-.2-.2-.4-.3-.7-.3h-11c-.3 0-.5.1-.7.3-.2.2-.3.5-.3.7s.1.5.3.7z\"\/><\/svg><\/span><\/span><\/label><input type=\"checkbox\"  id=\"ez-toc-cssicon-toggle-item-69f298f732f53\" checked aria-label=\"Toggle\" \/><nav><ul class='ez-toc-list ez-toc-list-level-1 ' ><li class='ez-toc-page-1 ez-toc-heading-level-2'><a class=\"ez-toc-link ez-toc-heading-1\" href=\"https:\/\/metodoformacion.com\/blog\/programa-piloto-de-formacion-senior-digital\/#Programa_piloto_de_formacion_Senior_Digital_%C2%BFde_que_se_trata\" title=\"Programa piloto de formaci\u00f3n S\u00e9nior Digital: \u00bfde qu\u00e9 se trata?\">Programa piloto de formaci\u00f3n S\u00e9nior Digital: \u00bfde qu\u00e9 se trata?<\/a><ul class='ez-toc-list-level-3' ><li class='ez-toc-heading-level-3'><a class=\"ez-toc-link ez-toc-heading-2\" href=\"https:\/\/metodoformacion.com\/blog\/programa-piloto-de-formacion-senior-digital\/#Itinerarios_formativos\" title=\"Itinerarios formativos\">Itinerarios formativos<\/a><\/li><li class='ez-toc-page-1 ez-toc-heading-level-3'><a class=\"ez-toc-link ez-toc-heading-3\" href=\"https:\/\/metodoformacion.com\/blog\/programa-piloto-de-formacion-senior-digital\/#Gestion_de_datos_informacion_y_contenidos_digitales\" title=\"Gesti\u00f3n de datos, informaci\u00f3n y contenidos digitales\">Gesti\u00f3n de datos, informaci\u00f3n y contenidos digitales<\/a><\/li><li class='ez-toc-page-1 ez-toc-heading-level-3'><a class=\"ez-toc-link ez-toc-heading-4\" href=\"https:\/\/metodoformacion.com\/blog\/programa-piloto-de-formacion-senior-digital\/#Compartir_informacion_mediante_redes_sociales\" title=\"Compartir informaci\u00f3n mediante redes sociales\">Compartir informaci\u00f3n mediante redes sociales<\/a><\/li><li class='ez-toc-page-1 ez-toc-heading-level-3'><a class=\"ez-toc-link ez-toc-heading-5\" href=\"https:\/\/metodoformacion.com\/blog\/programa-piloto-de-formacion-senior-digital\/#Cooperacion_mediante_tecnologias_digitales\" title=\"Cooperaci\u00f3n mediante tecnolog\u00edas digitales\">Cooperaci\u00f3n mediante tecnolog\u00edas digitales<\/a><\/li><li class='ez-toc-page-1 ez-toc-heading-level-3'><a class=\"ez-toc-link ez-toc-heading-6\" href=\"https:\/\/metodoformacion.com\/blog\/programa-piloto-de-formacion-senior-digital\/#Programacion\" title=\"Programaci\u00f3n\">Programaci\u00f3n<\/a><\/li><li class='ez-toc-page-1 ez-toc-heading-level-3'><a class=\"ez-toc-link ez-toc-heading-7\" href=\"https:\/\/metodoformacion.com\/blog\/programa-piloto-de-formacion-senior-digital\/#Proteccion_de_dispositivosentornos_digitales\" title=\"Protecci\u00f3n de dispositivos\/entornos digitales\">Protecci\u00f3n de dispositivos\/entornos digitales<\/a><\/li><li class='ez-toc-page-1 ez-toc-heading-level-3'><a class=\"ez-toc-link ez-toc-heading-8\" href=\"https:\/\/metodoformacion.com\/blog\/programa-piloto-de-formacion-senior-digital\/#Competencias_blandas_comunes_a_los_cinco_itinerarios\" title=\"Competencias blandas (comunes a los cinco itinerarios)\">Competencias blandas (comunes a los cinco itinerarios)<\/a><\/li><\/ul><\/li><li class='ez-toc-page-1 ez-toc-heading-level-2'><a class=\"ez-toc-link ez-toc-heading-9\" href=\"https:\/\/metodoformacion.com\/blog\/programa-piloto-de-formacion-senior-digital\/#%C2%BFQuien_puede_acceder_al_programa_piloto_de_formacion_Senior_Digital\" title=\"\u00bfQui\u00e9n puede acceder al programa piloto de formaci\u00f3n S\u00e9nior Digital?\">\u00bfQui\u00e9n puede acceder al programa piloto de formaci\u00f3n S\u00e9nior Digital?<\/a><\/li><\/ul><\/nav><\/div>\n<h2><span class=\"ez-toc-section\" id=\"Programa_piloto_de_formacion_Senior_Digital_%C2%BFde_que_se_trata\"><\/span>Programa piloto de formaci\u00f3n S\u00e9nior Digital: \u00bfde qu\u00e9 se trata?<span class=\"ez-toc-section-end\"><\/span><\/h2>\n<p>El conocimiento y manejo de las tecnolog\u00edas digitales es, hoy en d\u00eda, una pieza clave en el mercado laboral. Pr\u00e1cticamente todas las empresas se han digitalizado ya y, por ende, exigen que sus trabajadores y trabajadoras est\u00e1n igualmente actualizados a nivel tecnol\u00f3gico y digital.<\/p>\n<p>Por ello, el <strong>programa piloto de formaci\u00f3n S\u00e9nior Digital<\/strong> construye su objetivo en torno a la formaci\u00f3n en nuevas tecnolog\u00edas, herramientas open office, almacenamiento y gesti\u00f3n documental compartida en la nube, redes sociales o dise\u00f1o web, entre otros.<\/p>\n<p>El programa cuenta con diferentes <strong>itinerarios formativos<\/strong> que se dividen en dos partes: <span style=\"color: #e94683;\">competencias digitales<\/span> y<span style=\"color: #e94683;\"> competencias blandas<\/span>. Estas \u00faltimas son comunes para cada uno de los itinerarios.<\/p>\n<p><img loading=\"lazy\" class=\"aligncenter size-full wp-image-1460\" src=\"https:\/\/metodoformacion.com\/blog\/wp-content\/uploads\/2020\/10\/programa-piloto-senior-digital.png\" alt=\"\" width=\"650\" height=\"325\" srcset=\"https:\/\/metodoformacion.com\/blog\/wp-content\/uploads\/2020\/10\/programa-piloto-senior-digital.png 650w, https:\/\/metodoformacion.com\/blog\/wp-content\/uploads\/2020\/10\/programa-piloto-senior-digital-300x150.png 300w\" sizes=\"(max-width: 650px) 100vw, 650px\" \/><\/p>\n<p>Todos los itinerarios tienen una duraci\u00f3n de <strong>70 horas: 55 horas de competencias digitales y 15 horas de competencias blandas<\/strong>. Se impartir\u00e1n en modalidad conjunta Aula Virtual, 80%, y Teleformaci\u00f3n, 20%, repartidas de la siguiente forma: 4 horas diarias de Aula Virtual + 1 hora diaria de Teleformaci\u00f3n.<\/p>\n<h3><span class=\"ez-toc-section\" id=\"Itinerarios_formativos\"><\/span>Itinerarios formativos<span class=\"ez-toc-section-end\"><\/span><\/h3>\n<p>En Grupo M\u00e9todo vamos a impartir 5 itinerarios formativos dentro de programa piloto de formaci\u00f3n S\u00e9nior Digital.<\/p>\n<ol>\n<li><a href=\"https:\/\/metodoformacion.com\/cursos\/xestion_de_datos_informacion_e_contidos_dixitais-2104?landing=true\">Gesti\u00f3n de datos, informaci\u00f3n y contenidos digitales<\/a><\/li>\n<li><a href=\"https:\/\/metodoformacion.com\/cursos\/compartir_informacion_mediante_redes_sociais-2105?landing=true\">Compartir informaci\u00f3n mediante redes sociales<\/a><\/li>\n<li><a href=\"https:\/\/metodoformacion.com\/cursos\/cooperacion_mediante_tecnoloxias_dixitais-2106?landing=true\">Cooperaci\u00f3n mediante tecnolog\u00edas digitales<\/a><\/li>\n<li><a href=\"https:\/\/metodoformacion.com\/cursos\/programacion-2107?landing=true\">Programaci\u00f3n<\/a><\/li>\n<li><a href=\"https:\/\/metodoformacion.com\/cursos\/proteccion_de_dispositivos__entornos_dixitais-2108?landing=true\">Protecci\u00f3n de dispositivos\/entornos digitales<\/a><\/li>\n<\/ol>\n<p>Como comentamos antes, cada uno de los itinerarios est\u00e1 formado por una parte \u00fanica de competencias digitales y una parte com\u00fan de competencias blandas.<\/p>\n<h3><span class=\"ez-toc-section\" id=\"Gestion_de_datos_informacion_y_contenidos_digitales\"><\/span>Gesti\u00f3n de datos, informaci\u00f3n y contenidos digitales<span class=\"ez-toc-section-end\"><\/span><\/h3>\n<ol>\n<li>Organizaci\u00f3n de contenidos digitales<\/li>\n<li>Gesti\u00f3n de la informaci\u00f3n<\/li>\n<li>Transferencia de datos<\/li>\n<\/ol>\n<h3><span class=\"ez-toc-section\" id=\"Compartir_informacion_mediante_redes_sociales\"><\/span>Compartir informaci\u00f3n mediante redes sociales<span class=\"ez-toc-section-end\"><\/span><\/h3>\n<ol>\n<li>Servicios de albergue de informaci\u00f3n con componente social<\/li>\n<li>Web 2.0<\/li>\n<li>Crear un blog<\/li>\n<\/ol>\n<h3><span class=\"ez-toc-section\" id=\"Cooperacion_mediante_tecnologias_digitales\"><\/span>Cooperaci\u00f3n mediante tecnolog\u00edas digitales<span class=\"ez-toc-section-end\"><\/span><\/h3>\n<ol>\n<li>Cloud computing<\/li>\n<li>Azure y Linux<\/li>\n<li>Ofim\u00e1tica en la nube. Google Drive<\/li>\n<\/ol>\n<h3><span class=\"ez-toc-section\" id=\"Programacion\"><\/span>Programaci\u00f3n<span class=\"ez-toc-section-end\"><\/span><\/h3>\n<ol>\n<li>Despliegue y puesta en funcionamiento de componentes software<\/li>\n<li>Programaci\u00f3n HTL5<\/li>\n<li>Dreamweaver. Dise\u00f1o de p\u00e1ginas web<\/li>\n<\/ol>\n<h3><span class=\"ez-toc-section\" id=\"Proteccion_de_dispositivosentornos_digitales\"><\/span>Protecci\u00f3n de dispositivos\/entornos digitales<span class=\"ez-toc-section-end\"><\/span><\/h3>\n<ol>\n<li>Ciberseguridad para usuarios<\/li>\n<li>Protecci\u00f3n de equipos en la red<\/li>\n<li>Internet seguro<\/li>\n<\/ol>\n<h3><span class=\"ez-toc-section\" id=\"Competencias_blandas_comunes_a_los_cinco_itinerarios\"><\/span>Competencias blandas (comunes a los cinco itinerarios)<span class=\"ez-toc-section-end\"><\/span><\/h3>\n<ol>\n<li>Habilidades interpersonales de comunicaci\u00f3n<\/li>\n<li>Empat\u00eda y gesti\u00f3n y resoluci\u00f3n de conflictos<\/li>\n<li>Trabajo en equipo<\/li>\n<\/ol>\n<p><img loading=\"lazy\" class=\"aligncenter size-full wp-image-1461\" src=\"https:\/\/metodoformacion.com\/blog\/wp-content\/uploads\/2020\/10\/programa-senior-digital.png\" alt=\"\" width=\"650\" height=\"325\" srcset=\"https:\/\/metodoformacion.com\/blog\/wp-content\/uploads\/2020\/10\/programa-senior-digital.png 650w, https:\/\/metodoformacion.com\/blog\/wp-content\/uploads\/2020\/10\/programa-senior-digital-300x150.png 300w\" sizes=\"(max-width: 650px) 100vw, 650px\" \/><\/p>\n<h2><span class=\"ez-toc-section\" id=\"%C2%BFQuien_puede_acceder_al_programa_piloto_de_formacion_Senior_Digital\"><\/span>\u00bfQui\u00e9n puede acceder al programa piloto de formaci\u00f3n S\u00e9nior Digital?<span class=\"ez-toc-section-end\"><\/span><\/h2>\n<p>Las personas participantes en el programa piloto de formaci\u00f3n S\u00e9nior Digital deber\u00e1n cumplir los siguientes requisitos:<\/p>\n<ol>\n<li>Estar desempleadas e inscritas en el Servicio P\u00fablico de Empleo de Galicia como demandantes de empleo.<\/li>\n<li>Tener hechos los 45 a\u00f1os.<\/li>\n<li>Acreditar un per\u00edodo de inscripci\u00f3n como persona desempleada de, por lo menos, doce mese durante los dieciocho meses anteriores al inicio de la actividad formativa.<\/li>\n<\/ol>\n<p>Estos requisitos se deber\u00e1n cumplir tanto en el momento de la selecci\u00f3n como en el inicio del programa.<\/p>\n<p>&nbsp;<\/p>\n<hr \/>\n<p>Si esta informaci\u00f3n resulta de tu inter\u00e9s y crees que puedes optar a uno de estos itinerarios formativos puedes solicitar m\u00e1s informaci\u00f3n a trav\u00e9s de la siguientes v\u00edas:<\/p>\n<p>\ud83d\udcde986 22 03 13<\/p>\n<p>\ud83d\udce7milagrosvieites@metodogrupo.com<\/p>\n<p><strong>La fecha l\u00edmite de inscripci\u00f3n es el 4.11.2020.<\/strong><\/p>\n<p>&nbsp;<\/p>\n<p><img loading=\"lazy\" class=\"aligncenter  wp-image-1481\" src=\"https:\/\/metodoformacion.com\/blog\/wp-content\/uploads\/2020\/10\/logo-conselleria-emprego-igualdade.jpg\" alt=\"\" width=\"273\" height=\"76\" \/><\/p>\n","protected":false},"excerpt":{"rendered":"<p>La Conseller\u00eda de Emprego e Igualdade de la Xunta de Galicia acaba de lanzar el programa piloto de formaci\u00f3n S\u00e9nior Digital. El objetivo de este programa es el de poner en marcha un plan de recualificaci\u00f3n profesional que favorezca la incorporaci\u00f3n al mercado laboral de las personas que por su edad tienen m\u00e1s dificultades para [&hellip;]<\/p>\n","protected":false},"author":4,"featured_media":1463,"comment_status":"open","ping_status":"open","sticky":false,"template":"","format":"standard","meta":{"_monsterinsights_skip_tracking":false,"_monsterinsights_sitenote_active":false,"_monsterinsights_sitenote_note":"","_monsterinsights_sitenote_category":0},"categories":[34,29],"tags":[],"yoast_head":"<!-- This site is optimized with the Yoast SEO plugin v19.14 - https:\/\/yoast.com\/wordpress\/plugins\/seo\/ -->\n<title>Programa piloto de formaci\u00f3n S\u00e9nior Digital | Grupo M\u00e9todo<\/title>\n<meta name=\"description\" content=\"La Conseller\u00eda de Econom\u00eda, Emprego e Industria de la Xunta de Galicia acaba de lanzar el programa piloto de formaci\u00f3n S\u00e9nior Digital. \u00a1Entra e inf\u00f3rmate!\" \/>\n<meta name=\"robots\" content=\"index, follow, max-snippet:-1, max-image-preview:large, max-video-preview:-1\" \/>\n<link rel=\"canonical\" href=\"https:\/\/metodoformacion.com\/blog\/programa-piloto-de-formacion-senior-digital\/\" \/>\n<meta property=\"og:locale\" content=\"es_ES\" \/>\n<meta property=\"og:type\" content=\"article\" \/>\n<meta property=\"og:title\" content=\"Programa piloto de formaci\u00f3n S\u00e9nior Digital | Grupo M\u00e9todo\" \/>\n<meta property=\"og:description\" content=\"La Conseller\u00eda de Econom\u00eda, Emprego e Industria de la Xunta de Galicia acaba de lanzar el programa piloto de formaci\u00f3n S\u00e9nior Digital. \u00a1Entra e inf\u00f3rmate!\" \/>\n<meta property=\"og:url\" content=\"https:\/\/metodoformacion.com\/blog\/programa-piloto-de-formacion-senior-digital\/\" \/>\n<meta property=\"og:site_name\" content=\"Blog sobre formaci\u00f3n subvencionada y empleo\" \/>\n<meta property=\"article:published_time\" content=\"2020-10-21T07:41:32+00:00\" \/>\n<meta property=\"article:modified_time\" content=\"2020-10-30T15:47:24+00:00\" \/>\n<meta property=\"og:image\" content=\"https:\/\/metodoformacion.com\/blog\/wp-content\/uploads\/2020\/10\/senior-digital.jpg\" \/>\n\t<meta property=\"og:image:width\" content=\"650\" \/>\n\t<meta property=\"og:image:height\" content=\"325\" \/>\n\t<meta property=\"og:image:type\" content=\"image\/jpeg\" \/>\n<meta name=\"author\" content=\"Beatriz Lorenzo\" \/>\n<meta name=\"twitter:card\" content=\"summary_large_image\" \/>\n<meta name=\"twitter:label1\" content=\"Escrito por\" \/>\n\t<meta name=\"twitter:data1\" content=\"Beatriz Lorenzo\" \/>\n\t<meta name=\"twitter:label2\" content=\"Tiempo de lectura\" \/>\n\t<meta name=\"twitter:data2\" content=\"3 minutos\" \/>\n<script type=\"application\/ld+json\" class=\"yoast-schema-graph\">{\"@context\":\"https:\/\/schema.org\",\"@graph\":[{\"@type\":\"Article\",\"@id\":\"https:\/\/metodoformacion.com\/blog\/programa-piloto-de-formacion-senior-digital\/#article\",\"isPartOf\":{\"@id\":\"https:\/\/metodoformacion.com\/blog\/programa-piloto-de-formacion-senior-digital\/\"},\"author\":{\"name\":\"Beatriz Lorenzo\",\"@id\":\"https:\/\/metodoformacion.com\/blog\/#\/schema\/person\/73f03e56ade123526d44ad6f685f9e5a\"},\"headline\":\"Programa piloto de formaci\u00f3n S\u00e9nior Digital\",\"datePublished\":\"2020-10-21T07:41:32+00:00\",\"dateModified\":\"2020-10-30T15:47:24+00:00\",\"mainEntityOfPage\":{\"@id\":\"https:\/\/metodoformacion.com\/blog\/programa-piloto-de-formacion-senior-digital\/\"},\"wordCount\":605,\"commentCount\":2,\"publisher\":{\"@id\":\"https:\/\/metodoformacion.com\/blog\/#organization\"},\"articleSection\":[\"Formaci\u00f3n subvencionada\",\"Noticias\"],\"inLanguage\":\"es\",\"potentialAction\":[{\"@type\":\"CommentAction\",\"name\":\"Comment\",\"target\":[\"https:\/\/metodoformacion.com\/blog\/programa-piloto-de-formacion-senior-digital\/#respond\"]}]},{\"@type\":\"WebPage\",\"@id\":\"https:\/\/metodoformacion.com\/blog\/programa-piloto-de-formacion-senior-digital\/\",\"url\":\"https:\/\/metodoformacion.com\/blog\/programa-piloto-de-formacion-senior-digital\/\",\"name\":\"Programa piloto de formaci\u00f3n S\u00e9nior Digital | Grupo M\u00e9todo\",\"isPartOf\":{\"@id\":\"https:\/\/metodoformacion.com\/blog\/#website\"},\"datePublished\":\"2020-10-21T07:41:32+00:00\",\"dateModified\":\"2020-10-30T15:47:24+00:00\",\"description\":\"La Conseller\u00eda de Econom\u00eda, Emprego e Industria de la Xunta de Galicia acaba de lanzar el programa piloto de formaci\u00f3n S\u00e9nior Digital. \u00a1Entra e inf\u00f3rmate!\",\"breadcrumb\":{\"@id\":\"https:\/\/metodoformacion.com\/blog\/programa-piloto-de-formacion-senior-digital\/#breadcrumb\"},\"inLanguage\":\"es\",\"potentialAction\":[{\"@type\":\"ReadAction\",\"target\":[\"https:\/\/metodoformacion.com\/blog\/programa-piloto-de-formacion-senior-digital\/\"]}]},{\"@type\":\"BreadcrumbList\",\"@id\":\"https:\/\/metodoformacion.com\/blog\/programa-piloto-de-formacion-senior-digital\/#breadcrumb\",\"itemListElement\":[{\"@type\":\"ListItem\",\"position\":1,\"name\":\"Inicio\",\"item\":\"https:\/\/metodoformacion.com\/blog\/\"},{\"@type\":\"ListItem\",\"position\":2,\"name\":\"Programa piloto de formaci\u00f3n S\u00e9nior Digital\"}]},{\"@type\":\"WebSite\",\"@id\":\"https:\/\/metodoformacion.com\/blog\/#website\",\"url\":\"https:\/\/metodoformacion.com\/blog\/\",\"name\":\"Blog sobre formaci\u00f3n subvencionada y empleo\",\"description\":\"\",\"publisher\":{\"@id\":\"https:\/\/metodoformacion.com\/blog\/#organization\"},\"potentialAction\":[{\"@type\":\"SearchAction\",\"target\":{\"@type\":\"EntryPoint\",\"urlTemplate\":\"https:\/\/metodoformacion.com\/blog\/?s={search_term_string}\"},\"query-input\":\"required name=search_term_string\"}],\"inLanguage\":\"es\"},{\"@type\":\"Organization\",\"@id\":\"https:\/\/metodoformacion.com\/blog\/#organization\",\"name\":\"Grupo M\u00e9todo\",\"url\":\"https:\/\/metodoformacion.com\/blog\/\",\"logo\":{\"@type\":\"ImageObject\",\"inLanguage\":\"es\",\"@id\":\"https:\/\/metodoformacion.com\/blog\/#\/schema\/logo\/image\/\",\"url\":\"https:\/\/metodoformacion.com\/blog\/wp-content\/uploads\/2019\/12\/logo-transparente.png\",\"contentUrl\":\"https:\/\/metodoformacion.com\/blog\/wp-content\/uploads\/2019\/12\/logo-transparente.png\",\"width\":160,\"height\":70,\"caption\":\"Grupo M\u00e9todo\"},\"image\":{\"@id\":\"https:\/\/metodoformacion.com\/blog\/#\/schema\/logo\/image\/\"}},{\"@type\":\"Person\",\"@id\":\"https:\/\/metodoformacion.com\/blog\/#\/schema\/person\/73f03e56ade123526d44ad6f685f9e5a\",\"name\":\"Beatriz Lorenzo\",\"image\":{\"@type\":\"ImageObject\",\"inLanguage\":\"es\",\"@id\":\"https:\/\/metodoformacion.com\/blog\/#\/schema\/person\/image\/\",\"url\":\"https:\/\/secure.gravatar.com\/avatar\/0d4a7e5857d7c9bd33e956fda6c4a5ab?s=96&r=g\",\"contentUrl\":\"https:\/\/secure.gravatar.com\/avatar\/0d4a7e5857d7c9bd33e956fda6c4a5ab?s=96&r=g\",\"caption\":\"Beatriz Lorenzo\"},\"description\":\"Licenciada en Publicidad y relaciones p\u00fablicas. En los \u00faltimos a\u00f1os me he especializado en marketing digital y en Social Ads. Digital Marketing Manager en Grupo M\u00e9todo.\",\"url\":\"https:\/\/metodoformacion.com\/blog\/author\/bea\/\"}]}<\/script>\n<!-- \/ Yoast SEO plugin. -->","yoast_head_json":{"title":"Programa piloto de formaci\u00f3n S\u00e9nior Digital | Grupo M\u00e9todo","description":"La Conseller\u00eda de Econom\u00eda, Emprego e Industria de la Xunta de Galicia acaba de lanzar el programa piloto de formaci\u00f3n S\u00e9nior Digital. \u00a1Entra e inf\u00f3rmate!","robots":{"index":"index","follow":"follow","max-snippet":"max-snippet:-1","max-image-preview":"max-image-preview:large","max-video-preview":"max-video-preview:-1"},"canonical":"https:\/\/metodoformacion.com\/blog\/programa-piloto-de-formacion-senior-digital\/","og_locale":"es_ES","og_type":"article","og_title":"Programa piloto de formaci\u00f3n S\u00e9nior Digital | Grupo M\u00e9todo","og_description":"La Conseller\u00eda de Econom\u00eda, Emprego e Industria de la Xunta de Galicia acaba de lanzar el programa piloto de formaci\u00f3n S\u00e9nior Digital. \u00a1Entra e inf\u00f3rmate!","og_url":"https:\/\/metodoformacion.com\/blog\/programa-piloto-de-formacion-senior-digital\/","og_site_name":"Blog sobre formaci\u00f3n subvencionada y empleo","article_published_time":"2020-10-21T07:41:32+00:00","article_modified_time":"2020-10-30T15:47:24+00:00","og_image":[{"width":650,"height":325,"url":"https:\/\/metodoformacion.com\/blog\/wp-content\/uploads\/2020\/10\/senior-digital.jpg","type":"image\/jpeg"}],"author":"Beatriz Lorenzo","twitter_card":"summary_large_image","twitter_misc":{"Escrito por":"Beatriz Lorenzo","Tiempo de lectura":"3 minutos"},"schema":{"@context":"https:\/\/schema.org","@graph":[{"@type":"Article","@id":"https:\/\/metodoformacion.com\/blog\/programa-piloto-de-formacion-senior-digital\/#article","isPartOf":{"@id":"https:\/\/metodoformacion.com\/blog\/programa-piloto-de-formacion-senior-digital\/"},"author":{"name":"Beatriz Lorenzo","@id":"https:\/\/metodoformacion.com\/blog\/#\/schema\/person\/73f03e56ade123526d44ad6f685f9e5a"},"headline":"Programa piloto de formaci\u00f3n S\u00e9nior Digital","datePublished":"2020-10-21T07:41:32+00:00","dateModified":"2020-10-30T15:47:24+00:00","mainEntityOfPage":{"@id":"https:\/\/metodoformacion.com\/blog\/programa-piloto-de-formacion-senior-digital\/"},"wordCount":605,"commentCount":2,"publisher":{"@id":"https:\/\/metodoformacion.com\/blog\/#organization"},"articleSection":["Formaci\u00f3n subvencionada","Noticias"],"inLanguage":"es","potentialAction":[{"@type":"CommentAction","name":"Comment","target":["https:\/\/metodoformacion.com\/blog\/programa-piloto-de-formacion-senior-digital\/#respond"]}]},{"@type":"WebPage","@id":"https:\/\/metodoformacion.com\/blog\/programa-piloto-de-formacion-senior-digital\/","url":"https:\/\/metodoformacion.com\/blog\/programa-piloto-de-formacion-senior-digital\/","name":"Programa piloto de formaci\u00f3n S\u00e9nior Digital | Grupo M\u00e9todo","isPartOf":{"@id":"https:\/\/metodoformacion.com\/blog\/#website"},"datePublished":"2020-10-21T07:41:32+00:00","dateModified":"2020-10-30T15:47:24+00:00","description":"La Conseller\u00eda de Econom\u00eda, Emprego e Industria de la Xunta de Galicia acaba de lanzar el programa piloto de formaci\u00f3n S\u00e9nior Digital. \u00a1Entra e inf\u00f3rmate!","breadcrumb":{"@id":"https:\/\/metodoformacion.com\/blog\/programa-piloto-de-formacion-senior-digital\/#breadcrumb"},"inLanguage":"es","potentialAction":[{"@type":"ReadAction","target":["https:\/\/metodoformacion.com\/blog\/programa-piloto-de-formacion-senior-digital\/"]}]},{"@type":"BreadcrumbList","@id":"https:\/\/metodoformacion.com\/blog\/programa-piloto-de-formacion-senior-digital\/#breadcrumb","itemListElement":[{"@type":"ListItem","position":1,"name":"Inicio","item":"https:\/\/metodoformacion.com\/blog\/"},{"@type":"ListItem","position":2,"name":"Programa piloto de formaci\u00f3n S\u00e9nior Digital"}]},{"@type":"WebSite","@id":"https:\/\/metodoformacion.com\/blog\/#website","url":"https:\/\/metodoformacion.com\/blog\/","name":"Blog sobre formaci\u00f3n subvencionada y empleo","description":"","publisher":{"@id":"https:\/\/metodoformacion.com\/blog\/#organization"},"potentialAction":[{"@type":"SearchAction","target":{"@type":"EntryPoint","urlTemplate":"https:\/\/metodoformacion.com\/blog\/?s={search_term_string}"},"query-input":"required name=search_term_string"}],"inLanguage":"es"},{"@type":"Organization","@id":"https:\/\/metodoformacion.com\/blog\/#organization","name":"Grupo M\u00e9todo","url":"https:\/\/metodoformacion.com\/blog\/","logo":{"@type":"ImageObject","inLanguage":"es","@id":"https:\/\/metodoformacion.com\/blog\/#\/schema\/logo\/image\/","url":"https:\/\/metodoformacion.com\/blog\/wp-content\/uploads\/2019\/12\/logo-transparente.png","contentUrl":"https:\/\/metodoformacion.com\/blog\/wp-content\/uploads\/2019\/12\/logo-transparente.png","width":160,"height":70,"caption":"Grupo M\u00e9todo"},"image":{"@id":"https:\/\/metodoformacion.com\/blog\/#\/schema\/logo\/image\/"}},{"@type":"Person","@id":"https:\/\/metodoformacion.com\/blog\/#\/schema\/person\/73f03e56ade123526d44ad6f685f9e5a","name":"Beatriz Lorenzo","image":{"@type":"ImageObject","inLanguage":"es","@id":"https:\/\/metodoformacion.com\/blog\/#\/schema\/person\/image\/","url":"https:\/\/secure.gravatar.com\/avatar\/0d4a7e5857d7c9bd33e956fda6c4a5ab?s=96&r=g","contentUrl":"https:\/\/secure.gravatar.com\/avatar\/0d4a7e5857d7c9bd33e956fda6c4a5ab?s=96&r=g","caption":"Beatriz Lorenzo"},"description":"Licenciada en Publicidad y relaciones p\u00fablicas. En los \u00faltimos a\u00f1os me he especializado en marketing digital y en Social Ads. Digital Marketing Manager en Grupo M\u00e9todo.","url":"https:\/\/metodoformacion.com\/blog\/author\/bea\/"}]}},"_links":{"self":[{"href":"https:\/\/metodoformacion.com\/blog\/wp-json\/wp\/v2\/posts\/1450"}],"collection":[{"href":"https:\/\/metodoformacion.com\/blog\/wp-json\/wp\/v2\/posts"}],"about":[{"href":"https:\/\/metodoformacion.com\/blog\/wp-json\/wp\/v2\/types\/post"}],"author":[{"embeddable":true,"href":"https:\/\/metodoformacion.com\/blog\/wp-json\/wp\/v2\/users\/4"}],"replies":[{"embeddable":true,"href":"https:\/\/metodoformacion.com\/blog\/wp-json\/wp\/v2\/comments?post=1450"}],"version-history":[{"count":15,"href":"https:\/\/metodoformacion.com\/blog\/wp-json\/wp\/v2\/posts\/1450\/revisions"}],"predecessor-version":[{"id":1482,"href":"https:\/\/metodoformacion.com\/blog\/wp-json\/wp\/v2\/posts\/1450\/revisions\/1482"}],"wp:featuredmedia":[{"embeddable":true,"href":"https:\/\/metodoformacion.com\/blog\/wp-json\/wp\/v2\/media\/1463"}],"wp:attachment":[{"href":"https:\/\/metodoformacion.com\/blog\/wp-json\/wp\/v2\/media?parent=1450"}],"wp:term":[{"taxonomy":"category","embeddable":true,"href":"https:\/\/metodoformacion.com\/blog\/wp-json\/wp\/v2\/categories?post=1450"},{"taxonomy":"post_tag","embeddable":true,"href":"https:\/\/metodoformacion.com\/blog\/wp-json\/wp\/v2\/tags?post=1450"}],"curies":[{"name":"wp","href":"https:\/\/api.w.org\/{rel}","templated":true}]}}