{"id":1642,"date":"2021-02-09T10:26:49","date_gmt":"2021-02-09T10:26:49","guid":{"rendered":"https:\/\/metodoformacion.com\/blog\/?p=1642"},"modified":"2021-02-09T10:27:46","modified_gmt":"2021-02-09T10:27:46","slug":"nueva-convocatoria-de-formacion-subvencionada-en-la-region-de-murcia","status":"publish","type":"post","link":"https:\/\/metodoformacion.com\/blog\/nueva-convocatoria-de-formacion-subvencionada-en-la-region-de-murcia\/","title":{"rendered":"Nueva convocatoria de formaci\u00f3n subvencionada en la Regi\u00f3n de Murcia"},"content":{"rendered":"<p>\u00a1En Grupo M\u00e9todo no paramos! Acabamos de iniciar <span style=\"color: #333333;\"><a style=\"color: #333333;\" href=\"https:\/\/metodoformacion.com\/campa%c3%b1as\/cursos_subvencionados_murcia-189\" target=\"_blank\" rel=\"noopener noreferrer\">una <strong>nueva convocatoria de formaci\u00f3n subvencionada en la Regi\u00f3n de Murcia \u00a1con nuevos cursos online!<\/strong><\/a><\/span><\/p>\n<p>Se trata de <span style=\"color: #e94683;\"><strong>formaci\u00f3n 100% subvencionada<\/strong> por: Regi\u00f3n de Murcia, Consejer\u00eda de Empleo, Investigaci\u00f3n y Universidades; SEPE; SEF. Cofinanciada por el Fondo Social Europeo de la UE.<\/span><\/p>\n<h2>Formaci\u00f3n subvencionada en la Regi\u00f3n de Murcia<\/h2>\n<h3>\u00bfA qui\u00e9n se dirige esta formaci\u00f3n?<\/h3>\n<p>Los nuevos cursos online que vamos a impartir dentro de la nueva convocatoria de formaci\u00f3n subvencionada en la Regi\u00f3n de Murcia se dirigen, prioritariamente, a trabajadores y trabajadoras en activo de cualquier sector de actividad y que desempe\u00f1en su labor en esta Comunidad Aut\u00f3noma; se destina un porcentaje de plazas para personas demandantes de empleo en la Regi\u00f3n de Murcia.<\/p>\n<p>Seg\u00fan marca la convocatoria, tendr\u00e1n prioridad de acceso a esta formaci\u00f3n:<\/p>\n<ul>\n<li>Personas ocupadas incluidas en un ERTE<\/li>\n<li>Trabajadores y trabajadoras que formen parte de la plantilla de PYMES<\/li>\n<li>Mujeres<\/li>\n<li>Personas con discapacidad o pertenecientes a otros colectivos en riesgo de exclusi\u00f3n social<\/li>\n<li>V\u00edctimas de violencia de g\u00e9nero<\/li>\n<li>Personas refugiadas<\/li>\n<li>Personas desempleadas de larga duraci\u00f3n<\/li>\n<li>Mayores de 45 a\u00f1os<\/li>\n<li>Personas con responsabilidades familiares<\/li>\n<li>Profesionales en activo con bajo nivel de cualificaci\u00f3n<\/li>\n<\/ul>\n<p><img loading=\"lazy\" class=\"aligncenter size-full wp-image-1652\" src=\"https:\/\/metodoformacion.com\/blog\/wp-content\/uploads\/2021\/02\/cursos-en-murcia.jpg\" alt=\"\" width=\"650\" height=\"325\" srcset=\"https:\/\/metodoformacion.com\/blog\/wp-content\/uploads\/2021\/02\/cursos-en-murcia.jpg 650w, https:\/\/metodoformacion.com\/blog\/wp-content\/uploads\/2021\/02\/cursos-en-murcia-300x150.jpg 300w\" sizes=\"(max-width: 650px) 100vw, 650px\" \/><\/p>\n<h3>\u00bfCu\u00e1les son los nuevos cursos online que forman parte de esta convocatoria de formaci\u00f3n subvencionada en la Regi\u00f3n de Murcia?<\/h3>\n<p>Todos estos cursos son <span style=\"color: #e94683;\">gratuitos <\/span>para nuestros alumnos y nuestras alumnas, puesto que est\u00e1n subvencionados en su totalidad.<\/p>\n<p>Estos son los <span style=\"color: #e94683;\"><strong>cursos online 100% gratuitos<\/strong> <\/span>que vamos a impartir en la Regi\u00f3n de Murcia:<\/p>\n<p><strong>SSCE002PO Acreditaci\u00f3n docente para teleformaci\u00f3n: formador\/a online<\/strong><\/p>\n<ul>\n<li>60 horas<\/li>\n<li>16 plazas<\/li>\n<li>Requisitos: adem\u00e1s de los marcados por la convocatoria, se debe tener el t\u00edtulo de 2\u00ba ESO o equivalente<\/li>\n<li>Fechas: 05.03.2021 &#8211; 30.04.2021<\/li>\n<\/ul>\n<p><strong>ELEE018PO Aut\u00f3matas programables<\/strong><\/p>\n<ul>\n<li>60 horas<\/li>\n<li>15 plazas<\/li>\n<li>Requisitos: los marcados por la convocatoria<\/li>\n<li>Fechas: 03.05.2021 &#8211; 14.06.2021<\/li>\n<\/ul>\n<p><strong>EOCO099PO Teledetecci\u00f3n aplicada a la agricultura de precisi\u00f3n con datos de sat\u00e9lite y drones<\/strong><\/p>\n<ul>\n<li>60 horas<\/li>\n<li>15 plazas<\/li>\n<li>Requisitos: los marcados por la convocatoria<\/li>\n<li>Fechas: 21.06.2021 &#8211; 30.07.2021<\/li>\n<\/ul>\n<p><strong>SSCE0110 Docencia de la formaci\u00f3n profesional para el empleo<\/strong><\/p>\n<ul>\n<li>Certificado de profesionalidad nivel 3<\/li>\n<li>380 horas<\/li>\n<li>14 plazas<\/li>\n<li>Requisitos: adem\u00e1s de los marcados por la convocatoria, se deben cumplir los requisitos de acceso para los certificados de profesionalidad nivel 3<\/li>\n<li>Fechas: 22.02.2021 &#8211; 20.07.2021<\/li>\n<\/ul>\n<p><strong>Programaci\u00f3n did\u00e1ctica de acciones formativas para el empleo<\/strong><\/p>\n<ul>\n<li>MF1442_3 perteneciente al certificado de profesionalidad SSCE0110<\/li>\n<li>60 horas<\/li>\n<li>15 plazas<\/li>\n<li>Requisitos: adem\u00e1s de los marcados por la convocatoria, se deben cumplir los requisitos de acceso para los certificados de profesionalidad nivel 3<\/li>\n<li>Fechas: 20.09.2021 &#8211; 02.11.2021<\/li>\n<\/ul>\n<p><strong>Selecci\u00f3n, elaboraci\u00f3n, adaptaci\u00f3n y utilizaci\u00f3n de materiales, medios y recursos did\u00e1cticos en formaci\u00f3n profesional para el empleo<\/strong><\/p>\n<ul>\n<li>MF14443_3 perteneciente al certificado de profesionalidad SSCE0110<\/li>\n<li>90 horas<\/li>\n<li>15 plazas<\/li>\n<li>Requisitos: adem\u00e1s de los marcados por la convocatoria, se deben cumplir los requisitos de acceso para los certificados de profesionalidad nivel 3<\/li>\n<li>Fechas: 08.11.2021 &#8211; 21.12.2021<\/li>\n<\/ul>\n<p>&nbsp;<\/p>\n<p><img loading=\"lazy\" class=\"aligncenter size-full wp-image-1650\" src=\"https:\/\/metodoformacion.com\/blog\/wp-content\/uploads\/2021\/02\/delegacion-murcia.jpg\" alt=\"\" width=\"650\" height=\"325\" srcset=\"https:\/\/metodoformacion.com\/blog\/wp-content\/uploads\/2021\/02\/delegacion-murcia.jpg 650w, https:\/\/metodoformacion.com\/blog\/wp-content\/uploads\/2021\/02\/delegacion-murcia-300x150.jpg 300w\" sizes=\"(max-width: 650px) 100vw, 650px\" \/><\/p>\n<p>&nbsp;<\/p>\n<p>Si te interesa alguno de los cursos, <strong>puedes solicitar m\u00e1s informaci\u00f3n o tramitar tu solicitud de cualquiera de las siguientes formas:<\/strong><\/p>\n<ol>\n<li>Entra en nuestra web y<span style=\"color: #333333;\"><a style=\"color: #333333;\" href=\"https:\/\/metodoformacion.com\/busquedas\/ocupacion=&amp;sectores=&amp;comunidad=15-Region_de_Murcia&amp;palabra=0\" target=\"_blank\" rel=\"noopener noreferrer\"> rellena el formulario de contacto que encontrar\u00e1s en la ficha del curso<\/a><\/span><\/li>\n<li>Ll\u00e1manos al tel\u00e9fono gratuito 900 812 902<\/li>\n<li>Env\u00eda un mail con tus datos de contacto y el curso que quieres a <span style=\"color: #333333;\"><a style=\"color: #333333;\" href=\"mailto:inscripciones@metodogrupo.com\" target=\"_blank\" rel=\"noopener noreferrer\">inscripciones@metodogrupo.com<\/a><\/span><\/li>\n<li>Si est\u00e1s en Murcia,<span style=\"color: #333333;\"><a style=\"color: #333333;\" href=\"https:\/\/g.page\/GrupoMetodoMurcia?gm\" target=\"_blank\" rel=\"noopener noreferrer\"> puedes visitarnos en nuestra delegaci\u00f3n de la calle Sierra Carbonera, 5, Murcia.<\/a><\/span><\/li>\n<\/ol>\n<p>&nbsp;<\/p>\n<p>&nbsp;<\/p>\n<p>Formaci\u00f3n subvencionada<\/p>\n<p><img loading=\"lazy\" class=\"alignleft wp-image-1648 size-large\" src=\"https:\/\/metodoformacion.com\/blog\/wp-content\/uploads\/2021\/02\/logos-murcia-2020-1024x187.jpg\" alt=\"\" width=\"812\" height=\"148\" srcset=\"https:\/\/metodoformacion.com\/blog\/wp-content\/uploads\/2021\/02\/logos-murcia-2020-1024x187.jpg 1024w, https:\/\/metodoformacion.com\/blog\/wp-content\/uploads\/2021\/02\/logos-murcia-2020-300x55.jpg 300w, https:\/\/metodoformacion.com\/blog\/wp-content\/uploads\/2021\/02\/logos-murcia-2020-768x140.jpg 768w, https:\/\/metodoformacion.com\/blog\/wp-content\/uploads\/2021\/02\/logos-murcia-2020.jpg 1096w\" sizes=\"(max-width: 812px) 100vw, 812px\" \/><\/p>\n","protected":false},"excerpt":{"rendered":"<p>\u00a1En Grupo M\u00e9todo no paramos! Acabamos de iniciar una nueva convocatoria de formaci\u00f3n subvencionada en la Regi\u00f3n de Murcia \u00a1con nuevos cursos online! Se trata de formaci\u00f3n 100% subvencionada por: Regi\u00f3n de Murcia, Consejer\u00eda de Empleo, Investigaci\u00f3n y Universidades; SEPE; SEF. Cofinanciada por el Fondo Social Europeo de la UE. Formaci\u00f3n subvencionada en la Regi\u00f3n [&hellip;]<\/p>\n","protected":false},"author":4,"featured_media":1651,"comment_status":"open","ping_status":"open","sticky":false,"template":"","format":"standard","meta":{"_monsterinsights_skip_tracking":false,"_monsterinsights_sitenote_active":false,"_monsterinsights_sitenote_note":"","_monsterinsights_sitenote_category":0},"categories":[34],"tags":[],"yoast_head":"<!-- This site is optimized with the Yoast SEO plugin v19.14 - https:\/\/yoast.com\/wordpress\/plugins\/seo\/ -->\n<title>Nueva convocatoria de formaci\u00f3n subvencionada en la Regi\u00f3n de Murcia<\/title>\n<meta name=\"description\" content=\"\u00a1En Grupo M\u00e9todo no paramos! Acabamos de iniciar una nueva convocatoria de formaci\u00f3n subvencionada en la Regi\u00f3n de Murcia \u00a1con nuevos cursos online!\" \/>\n<meta name=\"robots\" content=\"index, follow, max-snippet:-1, max-image-preview:large, max-video-preview:-1\" \/>\n<link rel=\"canonical\" href=\"https:\/\/metodoformacion.com\/blog\/nueva-convocatoria-de-formacion-subvencionada-en-la-region-de-murcia\/\" \/>\n<meta property=\"og:locale\" content=\"es_ES\" \/>\n<meta property=\"og:type\" content=\"article\" \/>\n<meta property=\"og:title\" content=\"Nueva convocatoria de formaci\u00f3n subvencionada en la Regi\u00f3n de Murcia\" \/>\n<meta property=\"og:description\" content=\"\u00a1En Grupo M\u00e9todo no paramos! Acabamos de iniciar una nueva convocatoria de formaci\u00f3n subvencionada en la Regi\u00f3n de Murcia \u00a1con nuevos cursos online!\" \/>\n<meta property=\"og:url\" content=\"https:\/\/metodoformacion.com\/blog\/nueva-convocatoria-de-formacion-subvencionada-en-la-region-de-murcia\/\" \/>\n<meta property=\"og:site_name\" content=\"Blog sobre formaci\u00f3n subvencionada y empleo\" \/>\n<meta property=\"article:published_time\" content=\"2021-02-09T10:26:49+00:00\" \/>\n<meta property=\"article:modified_time\" content=\"2021-02-09T10:27:46+00:00\" \/>\n<meta property=\"og:image\" content=\"https:\/\/metodoformacion.com\/blog\/wp-content\/uploads\/2021\/02\/formacion-subvencionada-en-la-Region-de-Murcia.jpg\" \/>\n\t<meta property=\"og:image:width\" content=\"650\" \/>\n\t<meta property=\"og:image:height\" content=\"325\" \/>\n\t<meta property=\"og:image:type\" content=\"image\/jpeg\" \/>\n<meta name=\"author\" content=\"Beatriz Lorenzo\" \/>\n<meta name=\"twitter:card\" content=\"summary_large_image\" \/>\n<meta name=\"twitter:label1\" content=\"Escrito por\" \/>\n\t<meta name=\"twitter:data1\" content=\"Beatriz Lorenzo\" \/>\n\t<meta name=\"twitter:label2\" content=\"Tiempo de lectura\" \/>\n\t<meta name=\"twitter:data2\" content=\"3 minutos\" \/>\n<script type=\"application\/ld+json\" class=\"yoast-schema-graph\">{\"@context\":\"https:\/\/schema.org\",\"@graph\":[{\"@type\":\"Article\",\"@id\":\"https:\/\/metodoformacion.com\/blog\/nueva-convocatoria-de-formacion-subvencionada-en-la-region-de-murcia\/#article\",\"isPartOf\":{\"@id\":\"https:\/\/metodoformacion.com\/blog\/nueva-convocatoria-de-formacion-subvencionada-en-la-region-de-murcia\/\"},\"author\":{\"name\":\"Beatriz Lorenzo\",\"@id\":\"https:\/\/metodoformacion.com\/blog\/#\/schema\/person\/73f03e56ade123526d44ad6f685f9e5a\"},\"headline\":\"Nueva convocatoria de formaci\u00f3n subvencionada en la Regi\u00f3n de Murcia\",\"datePublished\":\"2021-02-09T10:26:49+00:00\",\"dateModified\":\"2021-02-09T10:27:46+00:00\",\"mainEntityOfPage\":{\"@id\":\"https:\/\/metodoformacion.com\/blog\/nueva-convocatoria-de-formacion-subvencionada-en-la-region-de-murcia\/\"},\"wordCount\":591,\"commentCount\":0,\"publisher\":{\"@id\":\"https:\/\/metodoformacion.com\/blog\/#organization\"},\"articleSection\":[\"Formaci\u00f3n subvencionada\"],\"inLanguage\":\"es\",\"potentialAction\":[{\"@type\":\"CommentAction\",\"name\":\"Comment\",\"target\":[\"https:\/\/metodoformacion.com\/blog\/nueva-convocatoria-de-formacion-subvencionada-en-la-region-de-murcia\/#respond\"]}]},{\"@type\":\"WebPage\",\"@id\":\"https:\/\/metodoformacion.com\/blog\/nueva-convocatoria-de-formacion-subvencionada-en-la-region-de-murcia\/\",\"url\":\"https:\/\/metodoformacion.com\/blog\/nueva-convocatoria-de-formacion-subvencionada-en-la-region-de-murcia\/\",\"name\":\"Nueva convocatoria de formaci\u00f3n subvencionada en la Regi\u00f3n de Murcia\",\"isPartOf\":{\"@id\":\"https:\/\/metodoformacion.com\/blog\/#website\"},\"datePublished\":\"2021-02-09T10:26:49+00:00\",\"dateModified\":\"2021-02-09T10:27:46+00:00\",\"description\":\"\u00a1En Grupo M\u00e9todo no paramos! Acabamos de iniciar una nueva convocatoria de formaci\u00f3n subvencionada en la Regi\u00f3n de Murcia \u00a1con nuevos cursos online!\",\"breadcrumb\":{\"@id\":\"https:\/\/metodoformacion.com\/blog\/nueva-convocatoria-de-formacion-subvencionada-en-la-region-de-murcia\/#breadcrumb\"},\"inLanguage\":\"es\",\"potentialAction\":[{\"@type\":\"ReadAction\",\"target\":[\"https:\/\/metodoformacion.com\/blog\/nueva-convocatoria-de-formacion-subvencionada-en-la-region-de-murcia\/\"]}]},{\"@type\":\"BreadcrumbList\",\"@id\":\"https:\/\/metodoformacion.com\/blog\/nueva-convocatoria-de-formacion-subvencionada-en-la-region-de-murcia\/#breadcrumb\",\"itemListElement\":[{\"@type\":\"ListItem\",\"position\":1,\"name\":\"Inicio\",\"item\":\"https:\/\/metodoformacion.com\/blog\/\"},{\"@type\":\"ListItem\",\"position\":2,\"name\":\"Nueva convocatoria de formaci\u00f3n subvencionada en la Regi\u00f3n de Murcia\"}]},{\"@type\":\"WebSite\",\"@id\":\"https:\/\/metodoformacion.com\/blog\/#website\",\"url\":\"https:\/\/metodoformacion.com\/blog\/\",\"name\":\"Blog sobre formaci\u00f3n subvencionada y empleo\",\"description\":\"\",\"publisher\":{\"@id\":\"https:\/\/metodoformacion.com\/blog\/#organization\"},\"potentialAction\":[{\"@type\":\"SearchAction\",\"target\":{\"@type\":\"EntryPoint\",\"urlTemplate\":\"https:\/\/metodoformacion.com\/blog\/?s={search_term_string}\"},\"query-input\":\"required name=search_term_string\"}],\"inLanguage\":\"es\"},{\"@type\":\"Organization\",\"@id\":\"https:\/\/metodoformacion.com\/blog\/#organization\",\"name\":\"Grupo M\u00e9todo\",\"url\":\"https:\/\/metodoformacion.com\/blog\/\",\"logo\":{\"@type\":\"ImageObject\",\"inLanguage\":\"es\",\"@id\":\"https:\/\/metodoformacion.com\/blog\/#\/schema\/logo\/image\/\",\"url\":\"https:\/\/metodoformacion.com\/blog\/wp-content\/uploads\/2019\/12\/logo-transparente.png\",\"contentUrl\":\"https:\/\/metodoformacion.com\/blog\/wp-content\/uploads\/2019\/12\/logo-transparente.png\",\"width\":160,\"height\":70,\"caption\":\"Grupo M\u00e9todo\"},\"image\":{\"@id\":\"https:\/\/metodoformacion.com\/blog\/#\/schema\/logo\/image\/\"}},{\"@type\":\"Person\",\"@id\":\"https:\/\/metodoformacion.com\/blog\/#\/schema\/person\/73f03e56ade123526d44ad6f685f9e5a\",\"name\":\"Beatriz Lorenzo\",\"image\":{\"@type\":\"ImageObject\",\"inLanguage\":\"es\",\"@id\":\"https:\/\/metodoformacion.com\/blog\/#\/schema\/person\/image\/\",\"url\":\"https:\/\/secure.gravatar.com\/avatar\/0d4a7e5857d7c9bd33e956fda6c4a5ab?s=96&r=g\",\"contentUrl\":\"https:\/\/secure.gravatar.com\/avatar\/0d4a7e5857d7c9bd33e956fda6c4a5ab?s=96&r=g\",\"caption\":\"Beatriz Lorenzo\"},\"description\":\"Licenciada en Publicidad y relaciones p\u00fablicas. En los \u00faltimos a\u00f1os me he especializado en marketing digital y en Social Ads. Digital Marketing Manager en Grupo M\u00e9todo.\",\"url\":\"https:\/\/metodoformacion.com\/blog\/author\/bea\/\"}]}<\/script>\n<!-- \/ Yoast SEO plugin. -->","yoast_head_json":{"title":"Nueva convocatoria de formaci\u00f3n subvencionada en la Regi\u00f3n de Murcia","description":"\u00a1En Grupo M\u00e9todo no paramos! Acabamos de iniciar una nueva convocatoria de formaci\u00f3n subvencionada en la Regi\u00f3n de Murcia \u00a1con nuevos cursos online!","robots":{"index":"index","follow":"follow","max-snippet":"max-snippet:-1","max-image-preview":"max-image-preview:large","max-video-preview":"max-video-preview:-1"},"canonical":"https:\/\/metodoformacion.com\/blog\/nueva-convocatoria-de-formacion-subvencionada-en-la-region-de-murcia\/","og_locale":"es_ES","og_type":"article","og_title":"Nueva convocatoria de formaci\u00f3n subvencionada en la Regi\u00f3n de Murcia","og_description":"\u00a1En Grupo M\u00e9todo no paramos! Acabamos de iniciar una nueva convocatoria de formaci\u00f3n subvencionada en la Regi\u00f3n de Murcia \u00a1con nuevos cursos online!","og_url":"https:\/\/metodoformacion.com\/blog\/nueva-convocatoria-de-formacion-subvencionada-en-la-region-de-murcia\/","og_site_name":"Blog sobre formaci\u00f3n subvencionada y empleo","article_published_time":"2021-02-09T10:26:49+00:00","article_modified_time":"2021-02-09T10:27:46+00:00","og_image":[{"width":650,"height":325,"url":"https:\/\/metodoformacion.com\/blog\/wp-content\/uploads\/2021\/02\/formacion-subvencionada-en-la-Region-de-Murcia.jpg","type":"image\/jpeg"}],"author":"Beatriz Lorenzo","twitter_card":"summary_large_image","twitter_misc":{"Escrito por":"Beatriz Lorenzo","Tiempo de lectura":"3 minutos"},"schema":{"@context":"https:\/\/schema.org","@graph":[{"@type":"Article","@id":"https:\/\/metodoformacion.com\/blog\/nueva-convocatoria-de-formacion-subvencionada-en-la-region-de-murcia\/#article","isPartOf":{"@id":"https:\/\/metodoformacion.com\/blog\/nueva-convocatoria-de-formacion-subvencionada-en-la-region-de-murcia\/"},"author":{"name":"Beatriz Lorenzo","@id":"https:\/\/metodoformacion.com\/blog\/#\/schema\/person\/73f03e56ade123526d44ad6f685f9e5a"},"headline":"Nueva convocatoria de formaci\u00f3n subvencionada en la Regi\u00f3n de Murcia","datePublished":"2021-02-09T10:26:49+00:00","dateModified":"2021-02-09T10:27:46+00:00","mainEntityOfPage":{"@id":"https:\/\/metodoformacion.com\/blog\/nueva-convocatoria-de-formacion-subvencionada-en-la-region-de-murcia\/"},"wordCount":591,"commentCount":0,"publisher":{"@id":"https:\/\/metodoformacion.com\/blog\/#organization"},"articleSection":["Formaci\u00f3n subvencionada"],"inLanguage":"es","potentialAction":[{"@type":"CommentAction","name":"Comment","target":["https:\/\/metodoformacion.com\/blog\/nueva-convocatoria-de-formacion-subvencionada-en-la-region-de-murcia\/#respond"]}]},{"@type":"WebPage","@id":"https:\/\/metodoformacion.com\/blog\/nueva-convocatoria-de-formacion-subvencionada-en-la-region-de-murcia\/","url":"https:\/\/metodoformacion.com\/blog\/nueva-convocatoria-de-formacion-subvencionada-en-la-region-de-murcia\/","name":"Nueva convocatoria de formaci\u00f3n subvencionada en la Regi\u00f3n de Murcia","isPartOf":{"@id":"https:\/\/metodoformacion.com\/blog\/#website"},"datePublished":"2021-02-09T10:26:49+00:00","dateModified":"2021-02-09T10:27:46+00:00","description":"\u00a1En Grupo M\u00e9todo no paramos! Acabamos de iniciar una nueva convocatoria de formaci\u00f3n subvencionada en la Regi\u00f3n de Murcia \u00a1con nuevos cursos online!","breadcrumb":{"@id":"https:\/\/metodoformacion.com\/blog\/nueva-convocatoria-de-formacion-subvencionada-en-la-region-de-murcia\/#breadcrumb"},"inLanguage":"es","potentialAction":[{"@type":"ReadAction","target":["https:\/\/metodoformacion.com\/blog\/nueva-convocatoria-de-formacion-subvencionada-en-la-region-de-murcia\/"]}]},{"@type":"BreadcrumbList","@id":"https:\/\/metodoformacion.com\/blog\/nueva-convocatoria-de-formacion-subvencionada-en-la-region-de-murcia\/#breadcrumb","itemListElement":[{"@type":"ListItem","position":1,"name":"Inicio","item":"https:\/\/metodoformacion.com\/blog\/"},{"@type":"ListItem","position":2,"name":"Nueva convocatoria de formaci\u00f3n subvencionada en la Regi\u00f3n de Murcia"}]},{"@type":"WebSite","@id":"https:\/\/metodoformacion.com\/blog\/#website","url":"https:\/\/metodoformacion.com\/blog\/","name":"Blog sobre formaci\u00f3n subvencionada y empleo","description":"","publisher":{"@id":"https:\/\/metodoformacion.com\/blog\/#organization"},"potentialAction":[{"@type":"SearchAction","target":{"@type":"EntryPoint","urlTemplate":"https:\/\/metodoformacion.com\/blog\/?s={search_term_string}"},"query-input":"required name=search_term_string"}],"inLanguage":"es"},{"@type":"Organization","@id":"https:\/\/metodoformacion.com\/blog\/#organization","name":"Grupo M\u00e9todo","url":"https:\/\/metodoformacion.com\/blog\/","logo":{"@type":"ImageObject","inLanguage":"es","@id":"https:\/\/metodoformacion.com\/blog\/#\/schema\/logo\/image\/","url":"https:\/\/metodoformacion.com\/blog\/wp-content\/uploads\/2019\/12\/logo-transparente.png","contentUrl":"https:\/\/metodoformacion.com\/blog\/wp-content\/uploads\/2019\/12\/logo-transparente.png","width":160,"height":70,"caption":"Grupo M\u00e9todo"},"image":{"@id":"https:\/\/metodoformacion.com\/blog\/#\/schema\/logo\/image\/"}},{"@type":"Person","@id":"https:\/\/metodoformacion.com\/blog\/#\/schema\/person\/73f03e56ade123526d44ad6f685f9e5a","name":"Beatriz Lorenzo","image":{"@type":"ImageObject","inLanguage":"es","@id":"https:\/\/metodoformacion.com\/blog\/#\/schema\/person\/image\/","url":"https:\/\/secure.gravatar.com\/avatar\/0d4a7e5857d7c9bd33e956fda6c4a5ab?s=96&r=g","contentUrl":"https:\/\/secure.gravatar.com\/avatar\/0d4a7e5857d7c9bd33e956fda6c4a5ab?s=96&r=g","caption":"Beatriz Lorenzo"},"description":"Licenciada en Publicidad y relaciones p\u00fablicas. En los \u00faltimos a\u00f1os me he especializado en marketing digital y en Social Ads. Digital Marketing Manager en Grupo M\u00e9todo.","url":"https:\/\/metodoformacion.com\/blog\/author\/bea\/"}]}},"_links":{"self":[{"href":"https:\/\/metodoformacion.com\/blog\/wp-json\/wp\/v2\/posts\/1642"}],"collection":[{"href":"https:\/\/metodoformacion.com\/blog\/wp-json\/wp\/v2\/posts"}],"about":[{"href":"https:\/\/metodoformacion.com\/blog\/wp-json\/wp\/v2\/types\/post"}],"author":[{"embeddable":true,"href":"https:\/\/metodoformacion.com\/blog\/wp-json\/wp\/v2\/users\/4"}],"replies":[{"embeddable":true,"href":"https:\/\/metodoformacion.com\/blog\/wp-json\/wp\/v2\/comments?post=1642"}],"version-history":[{"count":8,"href":"https:\/\/metodoformacion.com\/blog\/wp-json\/wp\/v2\/posts\/1642\/revisions"}],"predecessor-version":[{"id":1654,"href":"https:\/\/metodoformacion.com\/blog\/wp-json\/wp\/v2\/posts\/1642\/revisions\/1654"}],"wp:featuredmedia":[{"embeddable":true,"href":"https:\/\/metodoformacion.com\/blog\/wp-json\/wp\/v2\/media\/1651"}],"wp:attachment":[{"href":"https:\/\/metodoformacion.com\/blog\/wp-json\/wp\/v2\/media?parent=1642"}],"wp:term":[{"taxonomy":"category","embeddable":true,"href":"https:\/\/metodoformacion.com\/blog\/wp-json\/wp\/v2\/categories?post=1642"},{"taxonomy":"post_tag","embeddable":true,"href":"https:\/\/metodoformacion.com\/blog\/wp-json\/wp\/v2\/tags?post=1642"}],"curies":[{"name":"wp","href":"https:\/\/api.w.org\/{rel}","templated":true}]}}