{"id":1865,"date":"2021-07-09T08:10:49","date_gmt":"2021-07-09T08:10:49","guid":{"rendered":"https:\/\/metodoformacion.com\/blog\/?p=1865"},"modified":"2021-11-16T10:20:45","modified_gmt":"2021-11-16T10:20:45","slug":"formacion-ambiental-en-episodios-epidemicos-y-pandemicos","status":"publish","type":"post","link":"https:\/\/metodoformacion.com\/blog\/formacion-ambiental-en-episodios-epidemicos-y-pandemicos\/","title":{"rendered":"Proyecto epide-menos: formaci\u00f3n ambiental en episodios epid\u00e9micos y pand\u00e9micos"},"content":{"rendered":"<p>El <strong><span style=\"color: #333333;\"><a style=\"color: #333333;\" href=\"https:\/\/www.empleaverde.es\/\" target=\"_blank\" rel=\"noopener noreferrer\">Programa Empleaverde<\/a><\/span><\/strong> es una iniciativa de la Fundaci\u00f3n Biodiversidad del Ministerio para la Transici\u00f3n Ecol\u00f3gica y el Reto Demogr\u00e1fico (MITECO) a trav\u00e9s de la que desarrolla su actividad como Organismo Intermedio del Programa Operativo Empleo, Formaci\u00f3n y Educaci\u00f3n (POEFE) del Fondo Social Europeo (FSE) para el periodo de programaci\u00f3n 2014-2020.<\/p>\n<p>El fin de este programa es el de apoyar proyectos cuyo objetivo sea el de fomentar la <strong>creaci\u00f3n y mejora de empleo en actividades econ\u00f3micas relacionadas con el medio ambiente<\/strong>. Esta convocatoria en concreto se centra en mejorar las <strong>competencias y habilidades profesionales de los trabajadores y las trabajadoras en sostenibilidad.<\/strong><\/p>\n<p>\u00bfC\u00f3mo se conseguir\u00e1 esa mejora de capacidades en sostenibilidad? A trav\u00e9s de <strong><span style=\"color: #e94683;\">cursos de formaci\u00f3n<\/span><\/strong>. Y aqu\u00ed es donde entramos nosotros, Grupo M\u00e9todo.<\/p>\n<p>Dentro de la Convocatoria Mejora 2020, la Fundaci\u00f3n Biodiversidad financia el proyecto<strong><span style=\"color: #e94683;\"> &#8216;Minimizaci\u00f3n del impacto ambiental en epidemias y pandemias a trav\u00e9s de la formaci\u00f3n, EPIDE-MENOS&#8217;.<\/span><\/strong><\/p>\n<p>Los cursos de formaci\u00f3n se encuadran dentro del proyecto de \u201cMinimizaci\u00f3n del impacto ambiental en epidemias y pandemias a trav\u00e9s de la formaci\u00f3n\u201d (EPIDE\u2010MENOS), incluido en el marco del Programa Empleaverde, iniciativa a trav\u00e9s de la cual la Fundaci\u00f3n Biodiversidad del Ministerio para la Transici\u00f3n Ecol\u00f3gica y el Reto Demogr\u00e1fico (MITECO) desarrolla su actividad como Organismo Intermedio del Programa Operativo Empleo, Formaci\u00f3n y Educaci\u00f3n (POEFE) del Fondo Social Europeo (FSE) para el periodo de programaci\u00f3n 2014-2020.<\/p>\n<h2>Proyecto epide-menos: formaci\u00f3n ambiental en episodios epid\u00e9micos y pand\u00e9micos<\/h2>\n<p>El objetivo general del proyecto EPIDE-MENOS, enmarcado en la l\u00ednea Empleaverde Mejora, es el de <strong>dotar a personas trabajadoras de los siguientes sectores: cuidadores, personal de limpieza y personal funerario, para hacer una gesti\u00f3n sostenible de los residuos sanitarios procedentes de episodios epid\u00e9micos y pand\u00e9micos.<\/strong><\/p>\n<p>Los objetivos espec\u00edficos son los siguientes:<\/p>\n<ul>\n<li>Incrementar la empleabilidad de los beneficiarios mediante la capacitaci\u00f3n de profesionales que se desempe\u00f1an en el sector de la atenci\u00f3n, la limpieza y los servicios funerarios.<\/li>\n<li>Aminorar el impacto medio ambiental y la huella ecol\u00f3gica derivada de los procesos de gesti\u00f3n de residuos sanitarios.<\/li>\n<li>Adoptar procedimientos de trabajo m\u00e1s respetuosos con el medio ambiente.<\/li>\n<\/ul>\n<h3>\u00bfA qui\u00e9n va dirigida esta formaci\u00f3n?<\/h3>\n<p>Los cursos de formaci\u00f3n de este proyecto est\u00e1s destinados a <strong>trabajadores y trabajadoras de tres sectores de actividad diferentes: servicios funerarios, cuidadores y limpieza, en las siguientes Comunidades Aut\u00f3nomas: Andaluc\u00eda, Extremadura, Castilla La Mancha y Regi\u00f3n de Murcia.<\/strong><\/p>\n<p>Tendr\u00e1n prioridad de acceso aquellos que pertenezcan a alguno de los siguientes colectivos prioritarios:<\/p>\n<ul>\n<li>Mujeres<\/li>\n<li>Otros colectivos prioritarios:\n<ul>\n<li>J\u00f3venes hasta 35 a\u00f1os<\/li>\n<li>Mayores de 45 a\u00f1os<\/li>\n<li>Personas inmigrantes<\/li>\n<li>Residentes en \u00e1reas protegidas y\/o zonas rurales<\/li>\n<li>Personas con discapacidad<\/li>\n<\/ul>\n<\/li>\n<\/ul>\n<p>Son tres las acciones formativas enmarcadas dentro de este proyecto, una para cada perfil profesional. Los tres cursos se imparten en modalidad online:<\/p>\n<ul>\n<li><span style=\"color: #333333;\"><strong><a style=\"color: #333333;\" href=\"https:\/\/metodoformacion.com\/cursos\/curso%20gestion%20residuos%20sanitarios%20para%20cuidadores-2206\" target=\"_blank\" rel=\"noopener noreferrer\">Gesti\u00f3n de residuos sanitarios generados por episodios epid\u00e9micos y pand\u00e9micos para cuidadores\/as<\/a> (20 horas)<\/strong><\/span><\/li>\n<li><span style=\"color: #333333;\"><strong><a style=\"color: #333333;\" href=\"https:\/\/metodoformacion.com\/cursos\/curso%20higienizacion%20y%20gestion%20residuos%20sanitarios-2207\" target=\"_blank\" rel=\"noopener noreferrer\">Higienizaci\u00f3n y gesti\u00f3n de residuos sanitarios generados por episodios epid\u00e9micos y pand\u00e9micos, dirigido a profesionales del sector de la limpieza<\/a> (20 horas)<\/strong><\/span><\/li>\n<li><span style=\"color: #333333;\"><strong><a style=\"color: #333333;\" href=\"https:\/\/metodoformacion.com\/cursos\/curso%20gestion%20residuos%20sanitarios%20sector%20funerario-2208\" target=\"_blank\" rel=\"noopener noreferrer\">Gesti\u00f3n de residuos sanitarios generados por episodios epid\u00e9micos y pand\u00e9micos para profesionales del sector funerario<\/a> (15 horas)<\/strong><\/span><\/li>\n<\/ul>\n<p>Estos cursos se caracterizan por su brevedad temporal. Con esto se pretende llegar al mayor n\u00famero de personas y ofrecerles una formaci\u00f3n sencilla, r\u00e1pida, eficaz y de calidad.<\/p>\n<p><img loading=\"lazy\" class=\"aligncenter wp-image-1878 size-full\" src=\"https:\/\/metodoformacion.com\/blog\/wp-content\/uploads\/2021\/05\/empleaverde.jpg\" alt=\"formaci\u00f3n ambiental proyecto epidemenos\" width=\"650\" height=\"325\" srcset=\"https:\/\/metodoformacion.com\/blog\/wp-content\/uploads\/2021\/05\/empleaverde.jpg 650w, https:\/\/metodoformacion.com\/blog\/wp-content\/uploads\/2021\/05\/empleaverde-300x150.jpg 300w\" sizes=\"(max-width: 650px) 100vw, 650px\" \/><\/p>\n<h3>Una respuesta al impacto ambiental provocada por episodios pand\u00e9micos y epid\u00e9micos<\/h3>\n<p>La pandemia de la Covid-19 ha puesto sobre la mesa la importancia de gestionar adecuadamente los residuos sanitarios provocados por episodios pand\u00e9micos y epid\u00e9micos. Es de vital importancia que guantes, mascarillas u otros materiales que puedan estar contaminados se manipulen de forma completamente segura, con todas las garant\u00edas higi\u00e9nico-sanitarias pertinentes, as\u00ed como teniendo en cuenta el impacto y huella ambiental que generan, intentando minimizarlos al m\u00e1ximo.<\/p>\n<p>De ah\u00ed la importancia de formar a los profesionales no sanitarios que tengan que trabajar con este tipo de materiales para que sepan tratarlos de forma adecuada.<\/p>\n<p>Otro de los puntos importantes que se pretende abarcar con este proyecto es que esta formaci\u00f3n sirva tambi\u00e9n para reducir el impacto y huella ecol\u00f3gica que este tipo de materiales generan. Y mejorar las actuales soluciones, caracterizadas por su agresividad e improvisaci\u00f3n.<\/p>\n<p>En general, el Programa Empleaverde busca incrementar, a trav\u00e9s de la capacitaci\u00f3n profesional, la contribuci\u00f3n de los profesionales de estos sectores no sanitarios, pero relacionados con ello, para frenar y minimizar el impacto ambiental generado por la gesti\u00f3n de residuos sanitarios.<\/p>\n<p>&nbsp;<\/p>\n<p><em>Actividad subvencionada por el Ministerio para la Transici\u00f3n Ecol\u00f3gica y el Reto Demogr\u00e1fico, Fundaci\u00f3n Biodiversidad y Programa Empleaverde. Acci\u00f3n gratuita cofinanciada por el FSE: Conseguir formaci\u00f3n y un empleo de calidad.<\/em><\/p>\n<p><img loading=\"lazy\" class=\"aligncenter wp-image-1949 size-large\" src=\"https:\/\/metodoformacion.com\/blog\/wp-content\/uploads\/2021\/07\/logotipos-emplea-verde-1024x69.png\" alt=\"Emplea Verde y FSE\" width=\"812\" height=\"55\" srcset=\"https:\/\/metodoformacion.com\/blog\/wp-content\/uploads\/2021\/07\/logotipos-emplea-verde-1024x69.png 1024w, https:\/\/metodoformacion.com\/blog\/wp-content\/uploads\/2021\/07\/logotipos-emplea-verde-300x20.png 300w, https:\/\/metodoformacion.com\/blog\/wp-content\/uploads\/2021\/07\/logotipos-emplea-verde-768x52.png 768w, https:\/\/metodoformacion.com\/blog\/wp-content\/uploads\/2021\/07\/logotipos-emplea-verde-1536x104.png 1536w, https:\/\/metodoformacion.com\/blog\/wp-content\/uploads\/2021\/07\/logotipos-emplea-verde-2048x138.png 2048w\" sizes=\"(max-width: 812px) 100vw, 812px\" \/><\/p>\n<p>&nbsp;<\/p>\n<p>&nbsp;<\/p>\n<p>&nbsp;<\/p>\n","protected":false},"excerpt":{"rendered":"<p>El Programa Empleaverde es una iniciativa de la Fundaci\u00f3n Biodiversidad del Ministerio para la Transici\u00f3n Ecol\u00f3gica y el Reto Demogr\u00e1fico (MITECO) a trav\u00e9s de la que desarrolla su actividad como Organismo Intermedio del Programa Operativo Empleo, Formaci\u00f3n y Educaci\u00f3n (POEFE) del Fondo Social Europeo (FSE) para el periodo de programaci\u00f3n 2014-2020. El fin de este [&hellip;]<\/p>\n","protected":false},"author":4,"featured_media":1929,"comment_status":"open","ping_status":"open","sticky":false,"template":"","format":"standard","meta":{"_monsterinsights_skip_tracking":false,"_monsterinsights_sitenote_active":false,"_monsterinsights_sitenote_note":"","_monsterinsights_sitenote_category":0},"categories":[42,19,36],"tags":[],"yoast_head":"<!-- This site is optimized with the Yoast SEO plugin v19.14 - https:\/\/yoast.com\/wordpress\/plugins\/seo\/ -->\n<title>Formaci\u00f3n ambiental en episodios epid\u00e9micos y pand\u00e9micos<\/title>\n<meta name=\"description\" content=\"La Fundaci\u00f3n Biodiversidad financia el proyecto &#039;Minimizaci\u00f3n del impacto ambiental en epidemias y pandemias a trav\u00e9s de la formaci\u00f3n, Epide-Menos&#039;.\" \/>\n<meta name=\"robots\" content=\"index, follow, max-snippet:-1, max-image-preview:large, max-video-preview:-1\" \/>\n<link rel=\"canonical\" href=\"https:\/\/metodoformacion.com\/blog\/formacion-ambiental-en-episodios-epidemicos-y-pandemicos\/\" \/>\n<meta property=\"og:locale\" content=\"es_ES\" \/>\n<meta property=\"og:type\" content=\"article\" \/>\n<meta property=\"og:title\" content=\"Formaci\u00f3n ambiental en episodios epid\u00e9micos y pand\u00e9micos\" \/>\n<meta property=\"og:description\" content=\"La Fundaci\u00f3n Biodiversidad financia el proyecto &#039;Minimizaci\u00f3n del impacto ambiental en epidemias y pandemias a trav\u00e9s de la formaci\u00f3n, Epide-Menos&#039;.\" \/>\n<meta property=\"og:url\" content=\"https:\/\/metodoformacion.com\/blog\/formacion-ambiental-en-episodios-epidemicos-y-pandemicos\/\" \/>\n<meta property=\"og:site_name\" content=\"Blog sobre formaci\u00f3n subvencionada y empleo\" \/>\n<meta property=\"article:published_time\" content=\"2021-07-09T08:10:49+00:00\" \/>\n<meta property=\"article:modified_time\" content=\"2021-11-16T10:20:45+00:00\" \/>\n<meta property=\"og:image\" content=\"https:\/\/metodoformacion.com\/blog\/wp-content\/uploads\/2021\/07\/programa-empleaverde.jpg\" \/>\n\t<meta property=\"og:image:width\" content=\"650\" \/>\n\t<meta property=\"og:image:height\" content=\"325\" \/>\n\t<meta property=\"og:image:type\" content=\"image\/jpeg\" \/>\n<meta name=\"author\" content=\"Beatriz Lorenzo\" \/>\n<meta name=\"twitter:card\" content=\"summary_large_image\" \/>\n<meta name=\"twitter:label1\" content=\"Escrito por\" \/>\n\t<meta name=\"twitter:data1\" content=\"Beatriz Lorenzo\" \/>\n\t<meta name=\"twitter:label2\" content=\"Tiempo de lectura\" \/>\n\t<meta name=\"twitter:data2\" content=\"4 minutos\" \/>\n<script type=\"application\/ld+json\" class=\"yoast-schema-graph\">{\"@context\":\"https:\/\/schema.org\",\"@graph\":[{\"@type\":\"Article\",\"@id\":\"https:\/\/metodoformacion.com\/blog\/formacion-ambiental-en-episodios-epidemicos-y-pandemicos\/#article\",\"isPartOf\":{\"@id\":\"https:\/\/metodoformacion.com\/blog\/formacion-ambiental-en-episodios-epidemicos-y-pandemicos\/\"},\"author\":{\"name\":\"Beatriz Lorenzo\",\"@id\":\"https:\/\/metodoformacion.com\/blog\/#\/schema\/person\/73f03e56ade123526d44ad6f685f9e5a\"},\"headline\":\"Proyecto epide-menos: formaci\u00f3n ambiental en episodios epid\u00e9micos y pand\u00e9micos\",\"datePublished\":\"2021-07-09T08:10:49+00:00\",\"dateModified\":\"2021-11-16T10:20:45+00:00\",\"mainEntityOfPage\":{\"@id\":\"https:\/\/metodoformacion.com\/blog\/formacion-ambiental-en-episodios-epidemicos-y-pandemicos\/\"},\"wordCount\":847,\"commentCount\":0,\"publisher\":{\"@id\":\"https:\/\/metodoformacion.com\/blog\/#organization\"},\"articleSection\":[\"COVID\",\"Medioambiente\",\"Proyectos\"],\"inLanguage\":\"es\",\"potentialAction\":[{\"@type\":\"CommentAction\",\"name\":\"Comment\",\"target\":[\"https:\/\/metodoformacion.com\/blog\/formacion-ambiental-en-episodios-epidemicos-y-pandemicos\/#respond\"]}]},{\"@type\":\"WebPage\",\"@id\":\"https:\/\/metodoformacion.com\/blog\/formacion-ambiental-en-episodios-epidemicos-y-pandemicos\/\",\"url\":\"https:\/\/metodoformacion.com\/blog\/formacion-ambiental-en-episodios-epidemicos-y-pandemicos\/\",\"name\":\"Formaci\u00f3n ambiental en episodios epid\u00e9micos y pand\u00e9micos\",\"isPartOf\":{\"@id\":\"https:\/\/metodoformacion.com\/blog\/#website\"},\"datePublished\":\"2021-07-09T08:10:49+00:00\",\"dateModified\":\"2021-11-16T10:20:45+00:00\",\"description\":\"La Fundaci\u00f3n Biodiversidad financia el proyecto 'Minimizaci\u00f3n del impacto ambiental en epidemias y pandemias a trav\u00e9s de la formaci\u00f3n, Epide-Menos'.\",\"breadcrumb\":{\"@id\":\"https:\/\/metodoformacion.com\/blog\/formacion-ambiental-en-episodios-epidemicos-y-pandemicos\/#breadcrumb\"},\"inLanguage\":\"es\",\"potentialAction\":[{\"@type\":\"ReadAction\",\"target\":[\"https:\/\/metodoformacion.com\/blog\/formacion-ambiental-en-episodios-epidemicos-y-pandemicos\/\"]}]},{\"@type\":\"BreadcrumbList\",\"@id\":\"https:\/\/metodoformacion.com\/blog\/formacion-ambiental-en-episodios-epidemicos-y-pandemicos\/#breadcrumb\",\"itemListElement\":[{\"@type\":\"ListItem\",\"position\":1,\"name\":\"Inicio\",\"item\":\"https:\/\/metodoformacion.com\/blog\/\"},{\"@type\":\"ListItem\",\"position\":2,\"name\":\"Proyecto epide-menos: formaci\u00f3n ambiental en episodios epid\u00e9micos y pand\u00e9micos\"}]},{\"@type\":\"WebSite\",\"@id\":\"https:\/\/metodoformacion.com\/blog\/#website\",\"url\":\"https:\/\/metodoformacion.com\/blog\/\",\"name\":\"Blog sobre formaci\u00f3n subvencionada y empleo\",\"description\":\"\",\"publisher\":{\"@id\":\"https:\/\/metodoformacion.com\/blog\/#organization\"},\"potentialAction\":[{\"@type\":\"SearchAction\",\"target\":{\"@type\":\"EntryPoint\",\"urlTemplate\":\"https:\/\/metodoformacion.com\/blog\/?s={search_term_string}\"},\"query-input\":\"required name=search_term_string\"}],\"inLanguage\":\"es\"},{\"@type\":\"Organization\",\"@id\":\"https:\/\/metodoformacion.com\/blog\/#organization\",\"name\":\"Grupo M\u00e9todo\",\"url\":\"https:\/\/metodoformacion.com\/blog\/\",\"logo\":{\"@type\":\"ImageObject\",\"inLanguage\":\"es\",\"@id\":\"https:\/\/metodoformacion.com\/blog\/#\/schema\/logo\/image\/\",\"url\":\"https:\/\/metodoformacion.com\/blog\/wp-content\/uploads\/2019\/12\/logo-transparente.png\",\"contentUrl\":\"https:\/\/metodoformacion.com\/blog\/wp-content\/uploads\/2019\/12\/logo-transparente.png\",\"width\":160,\"height\":70,\"caption\":\"Grupo M\u00e9todo\"},\"image\":{\"@id\":\"https:\/\/metodoformacion.com\/blog\/#\/schema\/logo\/image\/\"}},{\"@type\":\"Person\",\"@id\":\"https:\/\/metodoformacion.com\/blog\/#\/schema\/person\/73f03e56ade123526d44ad6f685f9e5a\",\"name\":\"Beatriz Lorenzo\",\"image\":{\"@type\":\"ImageObject\",\"inLanguage\":\"es\",\"@id\":\"https:\/\/metodoformacion.com\/blog\/#\/schema\/person\/image\/\",\"url\":\"https:\/\/secure.gravatar.com\/avatar\/0d4a7e5857d7c9bd33e956fda6c4a5ab?s=96&r=g\",\"contentUrl\":\"https:\/\/secure.gravatar.com\/avatar\/0d4a7e5857d7c9bd33e956fda6c4a5ab?s=96&r=g\",\"caption\":\"Beatriz Lorenzo\"},\"description\":\"Licenciada en Publicidad y relaciones p\u00fablicas. En los \u00faltimos a\u00f1os me he especializado en marketing digital y en Social Ads. Digital Marketing Manager en Grupo M\u00e9todo.\",\"url\":\"https:\/\/metodoformacion.com\/blog\/author\/bea\/\"}]}<\/script>\n<!-- \/ Yoast SEO plugin. -->","yoast_head_json":{"title":"Formaci\u00f3n ambiental en episodios epid\u00e9micos y pand\u00e9micos","description":"La Fundaci\u00f3n Biodiversidad financia el proyecto 'Minimizaci\u00f3n del impacto ambiental en epidemias y pandemias a trav\u00e9s de la formaci\u00f3n, Epide-Menos'.","robots":{"index":"index","follow":"follow","max-snippet":"max-snippet:-1","max-image-preview":"max-image-preview:large","max-video-preview":"max-video-preview:-1"},"canonical":"https:\/\/metodoformacion.com\/blog\/formacion-ambiental-en-episodios-epidemicos-y-pandemicos\/","og_locale":"es_ES","og_type":"article","og_title":"Formaci\u00f3n ambiental en episodios epid\u00e9micos y pand\u00e9micos","og_description":"La Fundaci\u00f3n Biodiversidad financia el proyecto 'Minimizaci\u00f3n del impacto ambiental en epidemias y pandemias a trav\u00e9s de la formaci\u00f3n, Epide-Menos'.","og_url":"https:\/\/metodoformacion.com\/blog\/formacion-ambiental-en-episodios-epidemicos-y-pandemicos\/","og_site_name":"Blog sobre formaci\u00f3n subvencionada y empleo","article_published_time":"2021-07-09T08:10:49+00:00","article_modified_time":"2021-11-16T10:20:45+00:00","og_image":[{"width":650,"height":325,"url":"https:\/\/metodoformacion.com\/blog\/wp-content\/uploads\/2021\/07\/programa-empleaverde.jpg","type":"image\/jpeg"}],"author":"Beatriz Lorenzo","twitter_card":"summary_large_image","twitter_misc":{"Escrito por":"Beatriz Lorenzo","Tiempo de lectura":"4 minutos"},"schema":{"@context":"https:\/\/schema.org","@graph":[{"@type":"Article","@id":"https:\/\/metodoformacion.com\/blog\/formacion-ambiental-en-episodios-epidemicos-y-pandemicos\/#article","isPartOf":{"@id":"https:\/\/metodoformacion.com\/blog\/formacion-ambiental-en-episodios-epidemicos-y-pandemicos\/"},"author":{"name":"Beatriz Lorenzo","@id":"https:\/\/metodoformacion.com\/blog\/#\/schema\/person\/73f03e56ade123526d44ad6f685f9e5a"},"headline":"Proyecto epide-menos: formaci\u00f3n ambiental en episodios epid\u00e9micos y pand\u00e9micos","datePublished":"2021-07-09T08:10:49+00:00","dateModified":"2021-11-16T10:20:45+00:00","mainEntityOfPage":{"@id":"https:\/\/metodoformacion.com\/blog\/formacion-ambiental-en-episodios-epidemicos-y-pandemicos\/"},"wordCount":847,"commentCount":0,"publisher":{"@id":"https:\/\/metodoformacion.com\/blog\/#organization"},"articleSection":["COVID","Medioambiente","Proyectos"],"inLanguage":"es","potentialAction":[{"@type":"CommentAction","name":"Comment","target":["https:\/\/metodoformacion.com\/blog\/formacion-ambiental-en-episodios-epidemicos-y-pandemicos\/#respond"]}]},{"@type":"WebPage","@id":"https:\/\/metodoformacion.com\/blog\/formacion-ambiental-en-episodios-epidemicos-y-pandemicos\/","url":"https:\/\/metodoformacion.com\/blog\/formacion-ambiental-en-episodios-epidemicos-y-pandemicos\/","name":"Formaci\u00f3n ambiental en episodios epid\u00e9micos y pand\u00e9micos","isPartOf":{"@id":"https:\/\/metodoformacion.com\/blog\/#website"},"datePublished":"2021-07-09T08:10:49+00:00","dateModified":"2021-11-16T10:20:45+00:00","description":"La Fundaci\u00f3n Biodiversidad financia el proyecto 'Minimizaci\u00f3n del impacto ambiental en epidemias y pandemias a trav\u00e9s de la formaci\u00f3n, Epide-Menos'.","breadcrumb":{"@id":"https:\/\/metodoformacion.com\/blog\/formacion-ambiental-en-episodios-epidemicos-y-pandemicos\/#breadcrumb"},"inLanguage":"es","potentialAction":[{"@type":"ReadAction","target":["https:\/\/metodoformacion.com\/blog\/formacion-ambiental-en-episodios-epidemicos-y-pandemicos\/"]}]},{"@type":"BreadcrumbList","@id":"https:\/\/metodoformacion.com\/blog\/formacion-ambiental-en-episodios-epidemicos-y-pandemicos\/#breadcrumb","itemListElement":[{"@type":"ListItem","position":1,"name":"Inicio","item":"https:\/\/metodoformacion.com\/blog\/"},{"@type":"ListItem","position":2,"name":"Proyecto epide-menos: formaci\u00f3n ambiental en episodios epid\u00e9micos y pand\u00e9micos"}]},{"@type":"WebSite","@id":"https:\/\/metodoformacion.com\/blog\/#website","url":"https:\/\/metodoformacion.com\/blog\/","name":"Blog sobre formaci\u00f3n subvencionada y empleo","description":"","publisher":{"@id":"https:\/\/metodoformacion.com\/blog\/#organization"},"potentialAction":[{"@type":"SearchAction","target":{"@type":"EntryPoint","urlTemplate":"https:\/\/metodoformacion.com\/blog\/?s={search_term_string}"},"query-input":"required name=search_term_string"}],"inLanguage":"es"},{"@type":"Organization","@id":"https:\/\/metodoformacion.com\/blog\/#organization","name":"Grupo M\u00e9todo","url":"https:\/\/metodoformacion.com\/blog\/","logo":{"@type":"ImageObject","inLanguage":"es","@id":"https:\/\/metodoformacion.com\/blog\/#\/schema\/logo\/image\/","url":"https:\/\/metodoformacion.com\/blog\/wp-content\/uploads\/2019\/12\/logo-transparente.png","contentUrl":"https:\/\/metodoformacion.com\/blog\/wp-content\/uploads\/2019\/12\/logo-transparente.png","width":160,"height":70,"caption":"Grupo M\u00e9todo"},"image":{"@id":"https:\/\/metodoformacion.com\/blog\/#\/schema\/logo\/image\/"}},{"@type":"Person","@id":"https:\/\/metodoformacion.com\/blog\/#\/schema\/person\/73f03e56ade123526d44ad6f685f9e5a","name":"Beatriz Lorenzo","image":{"@type":"ImageObject","inLanguage":"es","@id":"https:\/\/metodoformacion.com\/blog\/#\/schema\/person\/image\/","url":"https:\/\/secure.gravatar.com\/avatar\/0d4a7e5857d7c9bd33e956fda6c4a5ab?s=96&r=g","contentUrl":"https:\/\/secure.gravatar.com\/avatar\/0d4a7e5857d7c9bd33e956fda6c4a5ab?s=96&r=g","caption":"Beatriz Lorenzo"},"description":"Licenciada en Publicidad y relaciones p\u00fablicas. En los \u00faltimos a\u00f1os me he especializado en marketing digital y en Social Ads. Digital Marketing Manager en Grupo M\u00e9todo.","url":"https:\/\/metodoformacion.com\/blog\/author\/bea\/"}]}},"_links":{"self":[{"href":"https:\/\/metodoformacion.com\/blog\/wp-json\/wp\/v2\/posts\/1865"}],"collection":[{"href":"https:\/\/metodoformacion.com\/blog\/wp-json\/wp\/v2\/posts"}],"about":[{"href":"https:\/\/metodoformacion.com\/blog\/wp-json\/wp\/v2\/types\/post"}],"author":[{"embeddable":true,"href":"https:\/\/metodoformacion.com\/blog\/wp-json\/wp\/v2\/users\/4"}],"replies":[{"embeddable":true,"href":"https:\/\/metodoformacion.com\/blog\/wp-json\/wp\/v2\/comments?post=1865"}],"version-history":[{"count":25,"href":"https:\/\/metodoformacion.com\/blog\/wp-json\/wp\/v2\/posts\/1865\/revisions"}],"predecessor-version":[{"id":2296,"href":"https:\/\/metodoformacion.com\/blog\/wp-json\/wp\/v2\/posts\/1865\/revisions\/2296"}],"wp:featuredmedia":[{"embeddable":true,"href":"https:\/\/metodoformacion.com\/blog\/wp-json\/wp\/v2\/media\/1929"}],"wp:attachment":[{"href":"https:\/\/metodoformacion.com\/blog\/wp-json\/wp\/v2\/media?parent=1865"}],"wp:term":[{"taxonomy":"category","embeddable":true,"href":"https:\/\/metodoformacion.com\/blog\/wp-json\/wp\/v2\/categories?post=1865"},{"taxonomy":"post_tag","embeddable":true,"href":"https:\/\/metodoformacion.com\/blog\/wp-json\/wp\/v2\/tags?post=1865"}],"curies":[{"name":"wp","href":"https:\/\/api.w.org\/{rel}","templated":true}]}}