{"id":1881,"date":"2021-06-03T11:08:46","date_gmt":"2021-06-03T11:08:46","guid":{"rendered":"https:\/\/metodoformacion.com\/blog\/?p=1881"},"modified":"2021-06-03T11:08:46","modified_gmt":"2021-06-03T11:08:46","slug":"celebramos-el-dia-mundial-del-medioambiente","status":"publish","type":"post","link":"https:\/\/metodoformacion.com\/blog\/celebramos-el-dia-mundial-del-medioambiente\/","title":{"rendered":"Celebramos el D\u00eda Mundial del Medioambiente"},"content":{"rendered":"<p>El 5 de junio de 1974 se celebr\u00f3 por primera vez el <span style=\"color: #e94683;\"><strong>D\u00eda Mundial del Medioambiente<\/strong><\/span>. Naci\u00f3 dos a\u00f1os despu\u00e9s de que se celebrase la Conferencia sobre el Medio Humano, o Conferencia de Estocolmo, cuyo objetivo fue el de colocar el cuidado del Medioambiente como un tema primordial y decisivo a nivel global para conseguir concienciar sobre la importancia de su protecci\u00f3n.<\/p>\n<p>De esa conferencia naci\u00f3 tambi\u00e9n la creaci\u00f3n de <strong>PNUMA, el Programa de las Naciones Unidas para el Medioambiente<\/strong>, entidad especializada en temas medioambientales y que se ha apoyado en el D\u00eda Mundial del Medioambiente para concienciar a la poblaci\u00f3n mundial de la importancia de la conservaci\u00f3n y cuidado del entorno natural.<\/p>\n<h2>D\u00eda Mundial del Medioambiente 2021: Reimagina, recrea, restaura<\/h2>\n<p>Bajo el lema <strong>\u00abReimagina, recrea, restaura\u00bb,<\/strong> <span style=\"color: #333333;\"><a style=\"color: #333333;\" href=\"https:\/\/www.worldenvironmentday.global\/es\" target=\"_blank\" rel=\"noopener noreferrer\">la celebraci\u00f3n de este a\u00f1o se basa en la restauraci\u00f3n de los ecosistemas<\/a><\/span>. Y se centra en esta cuesti\u00f3n porque, seg\u00fan lo que podemos leer en la web de las Naciones Unidas, el ser humano lleva demasiado tiempo explotando y destruyendo nuestro planeta. Como ejemplo, la cifra que nos dan: cada tres segundos se destruye una superficie de bosque que equivale a un campo de f\u00fatbol.<\/p>\n<p>La p\u00e9rdida de los ecosistemas es un problema tremendo que no se puede alargar m\u00e1s tiempo; que esta merma est\u00e1 consiguiendo que el planeta se quede sin sumideros de carbono.<\/p>\n<p>Por todo ello se pretende concienciar para <strong>conseguir esa restauraci\u00f3n de los ecosistemas<\/strong>, puesto que esto significar\u00eda <strong>prevenir, detener y reparar<\/strong> el da\u00f1o causado.<\/p>\n<p><img loading=\"lazy\" class=\"aligncenter size-full wp-image-1887\" src=\"https:\/\/metodoformacion.com\/blog\/wp-content\/uploads\/2021\/06\/dia-del-medioambiente.jpg\" alt=\"\" width=\"650\" height=\"325\" srcset=\"https:\/\/metodoformacion.com\/blog\/wp-content\/uploads\/2021\/06\/dia-del-medioambiente.jpg 650w, https:\/\/metodoformacion.com\/blog\/wp-content\/uploads\/2021\/06\/dia-del-medioambiente-300x150.jpg 300w\" sizes=\"(max-width: 650px) 100vw, 650px\" \/><\/p>\n<p><span style=\"color: #e94683;\"><strong>\u00bfQu\u00e9 es exactamente un ecosistema? \u00bfPor qu\u00e9 es tan importante su conservaci\u00f3n?<\/strong><\/span><\/p>\n<p>Un ecosistema se compone de todos los seres vivos y sus interacciones entre s\u00ed y con el entorno en un lugar concreto.<\/p>\n<p>Los ecosistemas son la base de la vida y son los responsables de mantener una estabilidad en la calidad del aire, del agua, de los alimentos y de todos los elementos naturales de la Tierra. Sin ecosistemas, no hay vida.<\/p>\n<h3>Decenio de las Naciones Unidas sobre la Restauraci\u00f3n de los Ecosistemas<\/h3>\n<p>Precisamente apoy\u00e1ndose en el lema \u00abReimagina, recrea, restaura\u00bb, este mismo a\u00f1o se pone en marcha el <span style=\"color: #333333;\"><strong>Decenio de las Naciones Unidas sobre la Restauraci\u00f3n de los Ecosistemas (2021-2030).<\/strong><\/span> El objetivo principal de este programa para los pr\u00f3ximos diez a\u00f1os es el de conseguir reparar el da\u00f1o realizado al planeta, as\u00ed como revertirlo y detenerlo.<\/p>\n<p>Cada persona tiene en su mano, incluso a nivel individual, conseguir este cambio, esta salvaci\u00f3n. Y es que cada peque\u00f1a acci\u00f3n, cuenta y suma para lograr el objetivo de regenerar nuestro planeta. Bajo el hashtag <a href=\"https:\/\/www.decadeonrestoration.org\/es\/sigue-la-generacionrestauracion\" target=\"_blank\" rel=\"noopener noreferrer\">#Gesti\u00f3nRestauraci\u00f3n<\/a> puedes comunicar a todo el mundo todo lo que est\u00e1s haciendo para lograr este fin tan ansiado.<\/p>\n<p><img loading=\"lazy\" class=\"aligncenter size-full wp-image-1888\" src=\"https:\/\/metodoformacion.com\/blog\/wp-content\/uploads\/2021\/06\/medioambiente.jpg\" alt=\"\" width=\"650\" height=\"325\" srcset=\"https:\/\/metodoformacion.com\/blog\/wp-content\/uploads\/2021\/06\/medioambiente.jpg 650w, https:\/\/metodoformacion.com\/blog\/wp-content\/uploads\/2021\/06\/medioambiente-300x150.jpg 300w\" sizes=\"(max-width: 650px) 100vw, 650px\" \/><\/p>\n<h3>Gu\u00eda pr\u00e1ctica para la Restauraci\u00f3n de los Ecosistemas<\/h3>\n<p>La <strong>Gu\u00eda pr\u00e1ctica para la Restauraci\u00f3n de los Ecosistemas es un documento publicado por el PNUMA<\/strong> en el que se recogen diversas acciones que cada persona puede realizar para promover la recuperaci\u00f3n de los ecosistemas en particular y del Medioambiente en general. En este manual podemos encontrar las respuestas a las siguientes preguntas:<\/p>\n<ul>\n<li>\u00bfCu\u00e1l es la importancia de conservar los ecosistemas?<\/li>\n<li>\u00bfC\u00f3mo se pueden restaurar los ecosistemas?<\/li>\n<li>\u00bfQu\u00e9 puedo hacer yo para ayudar a conseguir un planeta m\u00e1s limpio?<\/li>\n<\/ul>\n<p>&nbsp;<\/p>\n<p>Si os interesa este tema y quer\u00e9is celebrar el D\u00eda Mundial del Medioambiente ayudando en su conservaci\u00f3n, os recomendamos que <span style=\"color: #333333;\"><a style=\"color: #333333;\" href=\"https:\/\/unenvironment.widen.net\/s\/fbjbmplrnb\/ecosystem-restoration-playbook-spanishv3\" target=\"_blank\" rel=\"noopener noreferrer\">os descargu\u00e9is la gu\u00eda pr\u00e1ctica<\/a><\/span> y ve\u00e1is qu\u00e9 acciones pod\u00e9is poner en marcha para conseguir esa restauraci\u00f3n tan ansiada y tan necesaria.<\/p>\n","protected":false},"excerpt":{"rendered":"<p>El 5 de junio de 1974 se celebr\u00f3 por primera vez el D\u00eda Mundial del Medioambiente. Naci\u00f3 dos a\u00f1os despu\u00e9s de que se celebrase la Conferencia sobre el Medio Humano, o Conferencia de Estocolmo, cuyo objetivo fue el de colocar el cuidado del Medioambiente como un tema primordial y decisivo a nivel global para conseguir [&hellip;]<\/p>\n","protected":false},"author":4,"featured_media":1886,"comment_status":"open","ping_status":"open","sticky":false,"template":"","format":"standard","meta":{"_monsterinsights_skip_tracking":false,"_monsterinsights_sitenote_active":false,"_monsterinsights_sitenote_note":"","_monsterinsights_sitenote_category":0},"categories":[29],"tags":[],"yoast_head":"<!-- This site is optimized with the Yoast SEO plugin v19.14 - https:\/\/yoast.com\/wordpress\/plugins\/seo\/ -->\n<title>Celebramos el D\u00eda Mundial del Medioambiente | Grupo M\u00e9todo<\/title>\n<meta name=\"description\" content=\"El 5 de junio de 1974 se celebr\u00f3 por primera vez el D\u00eda Mundial del Medioambiente, dos a\u00f1os despu\u00e9s de la Conferencia sobre el Medio Humano.\" \/>\n<meta name=\"robots\" content=\"index, follow, max-snippet:-1, max-image-preview:large, max-video-preview:-1\" \/>\n<link rel=\"canonical\" href=\"https:\/\/metodoformacion.com\/blog\/celebramos-el-dia-mundial-del-medioambiente\/\" \/>\n<meta property=\"og:locale\" content=\"es_ES\" \/>\n<meta property=\"og:type\" content=\"article\" \/>\n<meta property=\"og:title\" content=\"Celebramos el D\u00eda Mundial del Medioambiente | Grupo M\u00e9todo\" \/>\n<meta property=\"og:description\" content=\"El 5 de junio de 1974 se celebr\u00f3 por primera vez el D\u00eda Mundial del Medioambiente, dos a\u00f1os despu\u00e9s de la Conferencia sobre el Medio Humano.\" \/>\n<meta property=\"og:url\" content=\"https:\/\/metodoformacion.com\/blog\/celebramos-el-dia-mundial-del-medioambiente\/\" \/>\n<meta property=\"og:site_name\" content=\"Blog sobre formaci\u00f3n subvencionada y empleo\" \/>\n<meta property=\"article:published_time\" content=\"2021-06-03T11:08:46+00:00\" \/>\n<meta property=\"og:image\" content=\"https:\/\/metodoformacion.com\/blog\/wp-content\/uploads\/2021\/06\/dia-mundial-del-medioambiente.jpg\" \/>\n\t<meta property=\"og:image:width\" content=\"650\" \/>\n\t<meta property=\"og:image:height\" content=\"325\" \/>\n\t<meta property=\"og:image:type\" content=\"image\/jpeg\" \/>\n<meta name=\"author\" content=\"Beatriz Lorenzo\" \/>\n<meta name=\"twitter:card\" content=\"summary_large_image\" \/>\n<meta name=\"twitter:label1\" content=\"Escrito por\" \/>\n\t<meta name=\"twitter:data1\" content=\"Beatriz Lorenzo\" \/>\n\t<meta name=\"twitter:label2\" content=\"Tiempo de lectura\" \/>\n\t<meta name=\"twitter:data2\" content=\"3 minutos\" \/>\n<script type=\"application\/ld+json\" class=\"yoast-schema-graph\">{\"@context\":\"https:\/\/schema.org\",\"@graph\":[{\"@type\":\"Article\",\"@id\":\"https:\/\/metodoformacion.com\/blog\/celebramos-el-dia-mundial-del-medioambiente\/#article\",\"isPartOf\":{\"@id\":\"https:\/\/metodoformacion.com\/blog\/celebramos-el-dia-mundial-del-medioambiente\/\"},\"author\":{\"name\":\"Beatriz Lorenzo\",\"@id\":\"https:\/\/metodoformacion.com\/blog\/#\/schema\/person\/73f03e56ade123526d44ad6f685f9e5a\"},\"headline\":\"Celebramos el D\u00eda Mundial del Medioambiente\",\"datePublished\":\"2021-06-03T11:08:46+00:00\",\"dateModified\":\"2021-06-03T11:08:46+00:00\",\"mainEntityOfPage\":{\"@id\":\"https:\/\/metodoformacion.com\/blog\/celebramos-el-dia-mundial-del-medioambiente\/\"},\"wordCount\":627,\"commentCount\":0,\"publisher\":{\"@id\":\"https:\/\/metodoformacion.com\/blog\/#organization\"},\"articleSection\":[\"Noticias\"],\"inLanguage\":\"es\",\"potentialAction\":[{\"@type\":\"CommentAction\",\"name\":\"Comment\",\"target\":[\"https:\/\/metodoformacion.com\/blog\/celebramos-el-dia-mundial-del-medioambiente\/#respond\"]}]},{\"@type\":\"WebPage\",\"@id\":\"https:\/\/metodoformacion.com\/blog\/celebramos-el-dia-mundial-del-medioambiente\/\",\"url\":\"https:\/\/metodoformacion.com\/blog\/celebramos-el-dia-mundial-del-medioambiente\/\",\"name\":\"Celebramos el D\u00eda Mundial del Medioambiente | Grupo M\u00e9todo\",\"isPartOf\":{\"@id\":\"https:\/\/metodoformacion.com\/blog\/#website\"},\"datePublished\":\"2021-06-03T11:08:46+00:00\",\"dateModified\":\"2021-06-03T11:08:46+00:00\",\"description\":\"El 5 de junio de 1974 se celebr\u00f3 por primera vez el D\u00eda Mundial del Medioambiente, dos a\u00f1os despu\u00e9s de la Conferencia sobre el Medio Humano.\",\"breadcrumb\":{\"@id\":\"https:\/\/metodoformacion.com\/blog\/celebramos-el-dia-mundial-del-medioambiente\/#breadcrumb\"},\"inLanguage\":\"es\",\"potentialAction\":[{\"@type\":\"ReadAction\",\"target\":[\"https:\/\/metodoformacion.com\/blog\/celebramos-el-dia-mundial-del-medioambiente\/\"]}]},{\"@type\":\"BreadcrumbList\",\"@id\":\"https:\/\/metodoformacion.com\/blog\/celebramos-el-dia-mundial-del-medioambiente\/#breadcrumb\",\"itemListElement\":[{\"@type\":\"ListItem\",\"position\":1,\"name\":\"Inicio\",\"item\":\"https:\/\/metodoformacion.com\/blog\/\"},{\"@type\":\"ListItem\",\"position\":2,\"name\":\"Celebramos el D\u00eda Mundial del Medioambiente\"}]},{\"@type\":\"WebSite\",\"@id\":\"https:\/\/metodoformacion.com\/blog\/#website\",\"url\":\"https:\/\/metodoformacion.com\/blog\/\",\"name\":\"Blog sobre formaci\u00f3n subvencionada y empleo\",\"description\":\"\",\"publisher\":{\"@id\":\"https:\/\/metodoformacion.com\/blog\/#organization\"},\"potentialAction\":[{\"@type\":\"SearchAction\",\"target\":{\"@type\":\"EntryPoint\",\"urlTemplate\":\"https:\/\/metodoformacion.com\/blog\/?s={search_term_string}\"},\"query-input\":\"required name=search_term_string\"}],\"inLanguage\":\"es\"},{\"@type\":\"Organization\",\"@id\":\"https:\/\/metodoformacion.com\/blog\/#organization\",\"name\":\"Grupo M\u00e9todo\",\"url\":\"https:\/\/metodoformacion.com\/blog\/\",\"logo\":{\"@type\":\"ImageObject\",\"inLanguage\":\"es\",\"@id\":\"https:\/\/metodoformacion.com\/blog\/#\/schema\/logo\/image\/\",\"url\":\"https:\/\/metodoformacion.com\/blog\/wp-content\/uploads\/2019\/12\/logo-transparente.png\",\"contentUrl\":\"https:\/\/metodoformacion.com\/blog\/wp-content\/uploads\/2019\/12\/logo-transparente.png\",\"width\":160,\"height\":70,\"caption\":\"Grupo M\u00e9todo\"},\"image\":{\"@id\":\"https:\/\/metodoformacion.com\/blog\/#\/schema\/logo\/image\/\"}},{\"@type\":\"Person\",\"@id\":\"https:\/\/metodoformacion.com\/blog\/#\/schema\/person\/73f03e56ade123526d44ad6f685f9e5a\",\"name\":\"Beatriz Lorenzo\",\"image\":{\"@type\":\"ImageObject\",\"inLanguage\":\"es\",\"@id\":\"https:\/\/metodoformacion.com\/blog\/#\/schema\/person\/image\/\",\"url\":\"https:\/\/secure.gravatar.com\/avatar\/0d4a7e5857d7c9bd33e956fda6c4a5ab?s=96&r=g\",\"contentUrl\":\"https:\/\/secure.gravatar.com\/avatar\/0d4a7e5857d7c9bd33e956fda6c4a5ab?s=96&r=g\",\"caption\":\"Beatriz Lorenzo\"},\"description\":\"Licenciada en Publicidad y relaciones p\u00fablicas. En los \u00faltimos a\u00f1os me he especializado en marketing digital y en Social Ads. Digital Marketing Manager en Grupo M\u00e9todo.\",\"url\":\"https:\/\/metodoformacion.com\/blog\/author\/bea\/\"}]}<\/script>\n<!-- \/ Yoast SEO plugin. -->","yoast_head_json":{"title":"Celebramos el D\u00eda Mundial del Medioambiente | Grupo M\u00e9todo","description":"El 5 de junio de 1974 se celebr\u00f3 por primera vez el D\u00eda Mundial del Medioambiente, dos a\u00f1os despu\u00e9s de la Conferencia sobre el Medio Humano.","robots":{"index":"index","follow":"follow","max-snippet":"max-snippet:-1","max-image-preview":"max-image-preview:large","max-video-preview":"max-video-preview:-1"},"canonical":"https:\/\/metodoformacion.com\/blog\/celebramos-el-dia-mundial-del-medioambiente\/","og_locale":"es_ES","og_type":"article","og_title":"Celebramos el D\u00eda Mundial del Medioambiente | Grupo M\u00e9todo","og_description":"El 5 de junio de 1974 se celebr\u00f3 por primera vez el D\u00eda Mundial del Medioambiente, dos a\u00f1os despu\u00e9s de la Conferencia sobre el Medio Humano.","og_url":"https:\/\/metodoformacion.com\/blog\/celebramos-el-dia-mundial-del-medioambiente\/","og_site_name":"Blog sobre formaci\u00f3n subvencionada y empleo","article_published_time":"2021-06-03T11:08:46+00:00","og_image":[{"width":650,"height":325,"url":"https:\/\/metodoformacion.com\/blog\/wp-content\/uploads\/2021\/06\/dia-mundial-del-medioambiente.jpg","type":"image\/jpeg"}],"author":"Beatriz Lorenzo","twitter_card":"summary_large_image","twitter_misc":{"Escrito por":"Beatriz Lorenzo","Tiempo de lectura":"3 minutos"},"schema":{"@context":"https:\/\/schema.org","@graph":[{"@type":"Article","@id":"https:\/\/metodoformacion.com\/blog\/celebramos-el-dia-mundial-del-medioambiente\/#article","isPartOf":{"@id":"https:\/\/metodoformacion.com\/blog\/celebramos-el-dia-mundial-del-medioambiente\/"},"author":{"name":"Beatriz Lorenzo","@id":"https:\/\/metodoformacion.com\/blog\/#\/schema\/person\/73f03e56ade123526d44ad6f685f9e5a"},"headline":"Celebramos el D\u00eda Mundial del Medioambiente","datePublished":"2021-06-03T11:08:46+00:00","dateModified":"2021-06-03T11:08:46+00:00","mainEntityOfPage":{"@id":"https:\/\/metodoformacion.com\/blog\/celebramos-el-dia-mundial-del-medioambiente\/"},"wordCount":627,"commentCount":0,"publisher":{"@id":"https:\/\/metodoformacion.com\/blog\/#organization"},"articleSection":["Noticias"],"inLanguage":"es","potentialAction":[{"@type":"CommentAction","name":"Comment","target":["https:\/\/metodoformacion.com\/blog\/celebramos-el-dia-mundial-del-medioambiente\/#respond"]}]},{"@type":"WebPage","@id":"https:\/\/metodoformacion.com\/blog\/celebramos-el-dia-mundial-del-medioambiente\/","url":"https:\/\/metodoformacion.com\/blog\/celebramos-el-dia-mundial-del-medioambiente\/","name":"Celebramos el D\u00eda Mundial del Medioambiente | Grupo M\u00e9todo","isPartOf":{"@id":"https:\/\/metodoformacion.com\/blog\/#website"},"datePublished":"2021-06-03T11:08:46+00:00","dateModified":"2021-06-03T11:08:46+00:00","description":"El 5 de junio de 1974 se celebr\u00f3 por primera vez el D\u00eda Mundial del Medioambiente, dos a\u00f1os despu\u00e9s de la Conferencia sobre el Medio Humano.","breadcrumb":{"@id":"https:\/\/metodoformacion.com\/blog\/celebramos-el-dia-mundial-del-medioambiente\/#breadcrumb"},"inLanguage":"es","potentialAction":[{"@type":"ReadAction","target":["https:\/\/metodoformacion.com\/blog\/celebramos-el-dia-mundial-del-medioambiente\/"]}]},{"@type":"BreadcrumbList","@id":"https:\/\/metodoformacion.com\/blog\/celebramos-el-dia-mundial-del-medioambiente\/#breadcrumb","itemListElement":[{"@type":"ListItem","position":1,"name":"Inicio","item":"https:\/\/metodoformacion.com\/blog\/"},{"@type":"ListItem","position":2,"name":"Celebramos el D\u00eda Mundial del Medioambiente"}]},{"@type":"WebSite","@id":"https:\/\/metodoformacion.com\/blog\/#website","url":"https:\/\/metodoformacion.com\/blog\/","name":"Blog sobre formaci\u00f3n subvencionada y empleo","description":"","publisher":{"@id":"https:\/\/metodoformacion.com\/blog\/#organization"},"potentialAction":[{"@type":"SearchAction","target":{"@type":"EntryPoint","urlTemplate":"https:\/\/metodoformacion.com\/blog\/?s={search_term_string}"},"query-input":"required name=search_term_string"}],"inLanguage":"es"},{"@type":"Organization","@id":"https:\/\/metodoformacion.com\/blog\/#organization","name":"Grupo M\u00e9todo","url":"https:\/\/metodoformacion.com\/blog\/","logo":{"@type":"ImageObject","inLanguage":"es","@id":"https:\/\/metodoformacion.com\/blog\/#\/schema\/logo\/image\/","url":"https:\/\/metodoformacion.com\/blog\/wp-content\/uploads\/2019\/12\/logo-transparente.png","contentUrl":"https:\/\/metodoformacion.com\/blog\/wp-content\/uploads\/2019\/12\/logo-transparente.png","width":160,"height":70,"caption":"Grupo M\u00e9todo"},"image":{"@id":"https:\/\/metodoformacion.com\/blog\/#\/schema\/logo\/image\/"}},{"@type":"Person","@id":"https:\/\/metodoformacion.com\/blog\/#\/schema\/person\/73f03e56ade123526d44ad6f685f9e5a","name":"Beatriz Lorenzo","image":{"@type":"ImageObject","inLanguage":"es","@id":"https:\/\/metodoformacion.com\/blog\/#\/schema\/person\/image\/","url":"https:\/\/secure.gravatar.com\/avatar\/0d4a7e5857d7c9bd33e956fda6c4a5ab?s=96&r=g","contentUrl":"https:\/\/secure.gravatar.com\/avatar\/0d4a7e5857d7c9bd33e956fda6c4a5ab?s=96&r=g","caption":"Beatriz Lorenzo"},"description":"Licenciada en Publicidad y relaciones p\u00fablicas. En los \u00faltimos a\u00f1os me he especializado en marketing digital y en Social Ads. Digital Marketing Manager en Grupo M\u00e9todo.","url":"https:\/\/metodoformacion.com\/blog\/author\/bea\/"}]}},"_links":{"self":[{"href":"https:\/\/metodoformacion.com\/blog\/wp-json\/wp\/v2\/posts\/1881"}],"collection":[{"href":"https:\/\/metodoformacion.com\/blog\/wp-json\/wp\/v2\/posts"}],"about":[{"href":"https:\/\/metodoformacion.com\/blog\/wp-json\/wp\/v2\/types\/post"}],"author":[{"embeddable":true,"href":"https:\/\/metodoformacion.com\/blog\/wp-json\/wp\/v2\/users\/4"}],"replies":[{"embeddable":true,"href":"https:\/\/metodoformacion.com\/blog\/wp-json\/wp\/v2\/comments?post=1881"}],"version-history":[{"count":5,"href":"https:\/\/metodoformacion.com\/blog\/wp-json\/wp\/v2\/posts\/1881\/revisions"}],"predecessor-version":[{"id":1889,"href":"https:\/\/metodoformacion.com\/blog\/wp-json\/wp\/v2\/posts\/1881\/revisions\/1889"}],"wp:featuredmedia":[{"embeddable":true,"href":"https:\/\/metodoformacion.com\/blog\/wp-json\/wp\/v2\/media\/1886"}],"wp:attachment":[{"href":"https:\/\/metodoformacion.com\/blog\/wp-json\/wp\/v2\/media?parent=1881"}],"wp:term":[{"taxonomy":"category","embeddable":true,"href":"https:\/\/metodoformacion.com\/blog\/wp-json\/wp\/v2\/categories?post=1881"},{"taxonomy":"post_tag","embeddable":true,"href":"https:\/\/metodoformacion.com\/blog\/wp-json\/wp\/v2\/tags?post=1881"}],"curies":[{"name":"wp","href":"https:\/\/api.w.org\/{rel}","templated":true}]}}