{"id":1968,"date":"2021-08-26T11:17:17","date_gmt":"2021-08-26T11:17:17","guid":{"rendered":"https:\/\/metodoformacion.com\/blog\/?p=1968"},"modified":"2021-11-16T10:22:38","modified_gmt":"2021-11-16T10:22:38","slug":"formacion-gratuita-en-prevencion-de-riscos-laborais-en-galicia","status":"publish","type":"post","link":"https:\/\/metodoformacion.com\/blog\/formacion-gratuita-en-prevencion-de-riscos-laborais-en-galicia\/","title":{"rendered":"Formaci\u00f3n gratu\u00edta en Prevenci\u00f3n de Riscos Laborais en Galicia"},"content":{"rendered":"<p>A prevenci\u00f3n de riscos laborais est\u00e1 recollida na Lei 31\/1995, de 8 de novembro, de Prevenci\u00f3n de Riscos Laborais. O obxectivo desta lei \u00e9 promover a seguridade e sa\u00fade dos traballadores por parte das empresas, con medidas e actividades de prevenci\u00f3n adecuadas a cada actividade desenvolvida por parte dos profesionais.<\/p>\n<p>Unha desas actividades \u00e9 a <strong>formaci\u00f3n<\/strong>. Formar aos traballadores e \u00e1s traballadoras nesta materia \u00e9 clave para que co\u00f1ezan os riscos asociados \u00e1 s\u00faa actividade e, desta forma, minimizar as posibilidades de sufrilos.<\/p>\n<p>En <span style=\"color: #e94683;\"><strong>Grupo M\u00e9todo impartiremos formaci\u00f3n gratu\u00edta en Prevenci\u00f3n de Riscos Laborais en Galicia<\/strong><\/span>, en modalidade online e co financiamento da Xunta de Galicia.<\/p>\n<p><img loading=\"lazy\" class=\"aligncenter size-full wp-image-1981\" src=\"https:\/\/metodoformacion.com\/blog\/wp-content\/uploads\/2021\/08\/prl-galicia.jpg\" alt=\"\" width=\"650\" height=\"325\" srcset=\"https:\/\/metodoformacion.com\/blog\/wp-content\/uploads\/2021\/08\/prl-galicia.jpg 650w, https:\/\/metodoformacion.com\/blog\/wp-content\/uploads\/2021\/08\/prl-galicia-300x150.jpg 300w\" sizes=\"(max-width: 650px) 100vw, 650px\" \/><\/p>\n<div id=\"ez-toc-container\" class=\"ez-toc-v2_0_62 counter-hierarchy ez-toc-counter ez-toc-custom ez-toc-container-direction\">\n<p class=\"ez-toc-title\">Hablamos sobre...<\/p>\n<label for=\"ez-toc-cssicon-toggle-item-69f22b8c57cb2\" class=\"ez-toc-cssicon-toggle-label\"><span class=\"\"><span class=\"eztoc-hide\" style=\"display:none;\">Toggle<\/span><span class=\"ez-toc-icon-toggle-span\"><svg style=\"fill: #000000;color:#000000\" xmlns=\"http:\/\/www.w3.org\/2000\/svg\" class=\"list-377408\" width=\"20px\" height=\"20px\" viewBox=\"0 0 24 24\" fill=\"none\"><path d=\"M6 6H4v2h2V6zm14 0H8v2h12V6zM4 11h2v2H4v-2zm16 0H8v2h12v-2zM4 16h2v2H4v-2zm16 0H8v2h12v-2z\" fill=\"currentColor\"><\/path><\/svg><svg style=\"fill: #000000;color:#000000\" class=\"arrow-unsorted-368013\" xmlns=\"http:\/\/www.w3.org\/2000\/svg\" width=\"10px\" height=\"10px\" viewBox=\"0 0 24 24\" version=\"1.2\" baseProfile=\"tiny\"><path d=\"M18.2 9.3l-6.2-6.3-6.2 6.3c-.2.2-.3.4-.3.7s.1.5.3.7c.2.2.4.3.7.3h11c.3 0 .5-.1.7-.3.2-.2.3-.5.3-.7s-.1-.5-.3-.7zM5.8 14.7l6.2 6.3 6.2-6.3c.2-.2.3-.5.3-.7s-.1-.5-.3-.7c-.2-.2-.4-.3-.7-.3h-11c-.3 0-.5.1-.7.3-.2.2-.3.5-.3.7s.1.5.3.7z\"\/><\/svg><\/span><\/span><\/label><input type=\"checkbox\"  id=\"ez-toc-cssicon-toggle-item-69f22b8c57cb2\" checked aria-label=\"Toggle\" \/><nav><ul class='ez-toc-list ez-toc-list-level-1 ' ><li class='ez-toc-page-1 ez-toc-heading-level-2'><a class=\"ez-toc-link ez-toc-heading-1\" href=\"https:\/\/metodoformacion.com\/blog\/formacion-gratuita-en-prevencion-de-riscos-laborais-en-galicia\/#Formacion_gratuita_en_Prevencion_de_Riscos_Laborais_en_Galicia\" title=\"Formaci\u00f3n gratu\u00edta en Prevenci\u00f3n de Riscos Laborais en Galicia\">Formaci\u00f3n gratu\u00edta en Prevenci\u00f3n de Riscos Laborais en Galicia<\/a><ul class='ez-toc-list-level-3' ><li class='ez-toc-heading-level-3'><a class=\"ez-toc-link ez-toc-heading-2\" href=\"https:\/\/metodoformacion.com\/blog\/formacion-gratuita-en-prevencion-de-riscos-laborais-en-galicia\/#Programa_formativo_de_consolidacion_da_cultura_preventiva_no_sector_metal\" title=\"Programa formativo de consolidaci\u00f3n da cultura preventiva no sector metal\">Programa formativo de consolidaci\u00f3n da cultura preventiva no sector metal<\/a><\/li><li class='ez-toc-page-1 ez-toc-heading-level-3'><a class=\"ez-toc-link ez-toc-heading-3\" href=\"https:\/\/metodoformacion.com\/blog\/formacion-gratuita-en-prevencion-de-riscos-laborais-en-galicia\/#Prevencion_dos_riscos_laborais_dos_traballadores_e_traballadoras_no_cluster_mar-alimentario\" title=\"Prevenci\u00f3n dos riscos laborais dos traballadores e traballadoras no cl\u00faster mar-alimentario\">Prevenci\u00f3n dos riscos laborais dos traballadores e traballadoras no cl\u00faster mar-alimentario<\/a><\/li><li class='ez-toc-page-1 ez-toc-heading-level-3'><a class=\"ez-toc-link ez-toc-heading-4\" href=\"https:\/\/metodoformacion.com\/blog\/formacion-gratuita-en-prevencion-de-riscos-laborais-en-galicia\/#Itinerario_formativa_para_unha_prevencion_integral_dos_riscos_laborais_nas_industrias_textiles_de_Galicia\" title=\"Itinerario formativa para unha prevenci\u00f3n integral dos riscos laborais nas industrias t\u00e9xtiles de Galicia\">Itinerario formativa para unha prevenci\u00f3n integral dos riscos laborais nas industrias t\u00e9xtiles de Galicia<\/a><\/li><\/ul><\/li><\/ul><\/nav><\/div>\n<h2><span class=\"ez-toc-section\" id=\"Formacion_gratuita_en_Prevencion_de_Riscos_Laborais_en_Galicia\"><\/span>Formaci\u00f3n gratu\u00edta en Prevenci\u00f3n de Riscos Laborais en Galicia<span class=\"ez-toc-section-end\"><\/span><\/h2>\n<p>Son tres os sectores laborais aos que nos diriximos con esta formaci\u00f3n: <strong>t\u00e9xtil, mar-alimentario e profesionais por conta propia do metal<\/strong>.<\/p>\n<p>A base de toda esta formaci\u00f3n \u00e9 formar aos profesionais en materia de Prevenci\u00f3n de Riscos Laborais asociados \u00e1 actividade que realizan, sempre tendo en conta a natureza do propio traballo.<\/p>\n<h3><span class=\"ez-toc-section\" id=\"Programa_formativo_de_consolidacion_da_cultura_preventiva_no_sector_metal\"><\/span>Programa formativo de consolidaci\u00f3n da cultura preventiva no sector metal<span class=\"ez-toc-section-end\"><\/span><\/h3>\n<p>Este <span style=\"color: #333333;\">programa formativo dir\u00edxese a profesionais por conta propia do sector meta<\/span>l. O seu obxectivo \u00e9 o de dotar a esas personas dos co\u00f1ecementos te\u00f3rico-pr\u00e1cticos que lles permita aborar con eficacia a Prevenci\u00f3n de Riscos Laborais.<\/p>\n<p>Son <span style=\"color: #333333;\"><a style=\"color: #333333;\" href=\"https:\/\/metodoformacion.com\/campa%C3%B1as\/prl_metal-208\" target=\"_blank\" rel=\"noopener noreferrer\">tres os cursos que forman parte deste programa<\/a><\/span>, os tres en modalidade online e gratu\u00edtos:<\/p>\n<p><strong>Fomentos de h\u00e1bitos de vida saudable<\/strong> (45h)<\/p>\n<p>Neste curso os alumnos e as alumnas aprender\u00e1n a tomar decisi\u00f3ns de h\u00e1bitos saudables e procurar soluci\u00f3ns convenientes ante situaci\u00f3ns de risco para a sa\u00fade.<\/p>\n<div id=\"divTitulo\" class=\"divTitulo\">\n<p id=\"nombreTituloCurso\" class=\"nombreTituloCurso\"><strong>Afrontar os riscos ergon\u00f3micos derivados do traballo no sector do metal<\/strong> (40h)<\/p>\n<p class=\"nombreTituloCurso\">Con esta formaci\u00f3n pret\u00e9ndese conseguir unha reducci\u00f3n de riscos ergon\u00f3micos, sobre todo das personas que realizan actividades manuais e con carga f\u00edsica.<\/p>\n<\/div>\n<p><strong>Afrontar os riscos psicosociais emerxidos durante a pandemia da Covid-19 no sector metal<\/strong> (45)<\/p>\n<p>O obxectivo deste curso \u00e9 reco\u00f1ecer os factores de risco de natureza psicosocial derivados da actividade laboral durante a pandemia da Covid-19 para poder abordarlos con \u00e9xito.<\/p>\n<h3><span class=\"ez-toc-section\" id=\"Prevencion_dos_riscos_laborais_dos_traballadores_e_traballadoras_no_cluster_mar-alimentario\"><\/span>Prevenci\u00f3n dos riscos laborais dos traballadores e traballadoras no cl\u00faster mar-alimentario<span class=\"ez-toc-section-end\"><\/span><\/h3>\n<p>Esta <span style=\"color: #333333;\">formaci\u00f3n est\u00e1 dirixida a profesionais do sector mar-alimentario en Galicia<\/span> e ten como obxectivo formalos para que poidan afrontar con \u00e9xito a Prevenci\u00f3n de Riscos Laborais asociados \u00e1s s\u00faas actividades laborais.<\/p>\n<p><span style=\"color: #333333;\"><a style=\"color: #333333;\" href=\"https:\/\/metodoformacion.com\/campa%C3%B1as\/prl_cluster_mar-209\" target=\"_blank\" rel=\"noopener noreferrer\">Os cursos que forman parte deste itinerario formativo<\/a><\/span>, en modalidade online e gratu\u00edtos, son os seguintes:<\/p>\n<p><strong>Afrontar os riscos ergon\u00f3micos derivados do traballo no sector mar-alimentaci\u00f3n<\/strong> (40h)<\/p>\n<p>O obxectivo deste curso \u00e9 reducir os riscos ergon\u00f3micos procedentes das actividades manuais e que conlevan unha elevada carga f\u00edsica.<\/p>\n<div id=\"divTituloCurso\" class=\"divTituloCurso\">\n<div id=\"divTitulo\" class=\"divTitulo\">\n<p id=\"nombreTituloCurso\" class=\"nombreTituloCurso\"><strong>Incorporar a perspectiva de x\u00e9nero na xesti\u00f3n de riscos laborais no sector Mar-Alimentario<\/strong> (35h)<\/p>\n<p class=\"nombreTituloCurso\">Este curso dir\u00edxise \u00e1s mulleres que traballan no sector mar-alimentario, para reducir os riscos derivados das s\u00faas actividades laborais.<\/p>\n<div id=\"divTitulo\" class=\"divTitulo\">\n<p id=\"nombreTituloCurso\" class=\"nombreTituloCurso\"><strong>Afrontar os riscos emerxentes para traballadores maiores de 55 anos no sector Mar-Alimentario<\/strong> (35h)<\/p>\n<p class=\"nombreTituloCurso\">Dirixido a personas maiores de 55 anos para que poidan identificar e afrontar os riscos asociados a s\u00faa actividade e a s\u00faa idade.<\/p>\n<div id=\"divTitulo\" class=\"divTitulo\">\n<p id=\"nombreTituloCurso\" class=\"nombreTituloCurso\"><strong>Afrontar os riscos psicosociais emerxidos durante a pandemia Covid-19<\/strong> (35h)<\/p>\n<p class=\"nombreTituloCurso\">Para encarar os factores de risco de natureza psicosocial derivados da actividade laboral no contexto da pandemia da Covid-19.<\/p>\n<p><strong>Fomentos de h\u00e1bitos de vida saudable<\/strong> (35h)<\/p>\n<p>Aprenderemos a tomar h\u00e1bitos de vida saudable con fin de minimizar os riscos laborais ligados \u00e1 propia sa\u00fade.<\/p>\n<p><img loading=\"lazy\" class=\"aligncenter wp-image-1982 size-full\" src=\"https:\/\/metodoformacion.com\/blog\/wp-content\/uploads\/2021\/08\/prl.jpg\" alt=\"Formaci\u00f3n gratu\u00edta en Prevenci\u00f3n de Riscos Laborais\" width=\"650\" height=\"325\" srcset=\"https:\/\/metodoformacion.com\/blog\/wp-content\/uploads\/2021\/08\/prl.jpg 650w, https:\/\/metodoformacion.com\/blog\/wp-content\/uploads\/2021\/08\/prl-300x150.jpg 300w\" sizes=\"(max-width: 650px) 100vw, 650px\" \/><\/p>\n<h3><span class=\"ez-toc-section\" id=\"Itinerario_formativa_para_unha_prevencion_integral_dos_riscos_laborais_nas_industrias_textiles_de_Galicia\"><\/span>Itinerario formativa para unha prevenci\u00f3n integral dos riscos laborais nas industrias t\u00e9xtiles de Galicia<span class=\"ez-toc-section-end\"><\/span><\/h3>\n<\/div>\n<p>E, xa por \u00faltimo, centrar\u00e9mos na formaci\u00f3n gratu\u00edta en Prevenci\u00f3n de Riscos Laborais para profesionais das industrias t\u00e9xtiles. O obxectivo desta formaci\u00f3n \u00e9 facilitar \u00e1s personas traballadoras do sector os co\u00f1ecementos te\u00f3rico-pr\u00e1cticos para abordar con eficacia esta tem\u00e1tica.<\/p>\n<\/div>\n<\/div>\n<p>Estes son os <span style=\"color: #333333;\"><a style=\"color: #333333;\" href=\"https:\/\/metodoformacion.com\/campa%C3%B1as\/prl_sector_textil-210\" target=\"_blank\" rel=\"noopener noreferrer\">tres cursos que se dirixen ao sector t\u00e9xtil<\/a><\/span>:<\/p>\n<div id=\"divTituloCurso\" class=\"divTituloCurso\">\n<div id=\"divTitulo\" class=\"divTitulo\">\n<p id=\"nombreTituloCurso\" class=\"nombreTituloCurso\"><strong>Afrontar os riscos ligados \u00e1s actividades feminizadas no sector t\u00e9xtil<\/strong> (35h)<\/p>\n<p class=\"nombreTituloCurso\">Este curso ten por obxectivo identificar e facer fronte aos riscos espec\u00edficos das mulleres traballadoras derivados da actividade laboral no contexto das industrias t\u00e9xtiles.<\/p>\n<\/div>\n<\/div>\n<div id=\"divTitulo\" class=\"divTitulo\">\n<p id=\"nombreTituloCurso\" class=\"nombreTituloCurso\"><strong>Afrontar os riscos psicosociais emerxidos durante a pandemia Covid-19 no sector t\u00e9xtil<\/strong> (30h)<\/p>\n<p class=\"nombreTituloCurso\">Con esta formaci\u00f3n os alumnos e as alumnas aprender\u00e1n a reco\u00f1ecer e facer fronte aos ricos psicosociais derivados da pandemia da Covid-19 a nivel laboral.<\/p>\n<\/div>\n<p><strong>Afrontar os riscos ergon\u00f3micos derivados do traballo nas industrias t\u00e9xtiles<\/strong> (35h)<\/p>\n<p>Co obxectivo de reducir os riscos ergon\u00f3micos derivados das actividades vencelladas ao sector t\u00e9xtil.<\/p>\n<\/div>\n<p>&nbsp;<\/p>\n<p><strong>Toda esta formaci\u00f3n gratu\u00edta en Prevenci\u00f3n de Riscos Laborais est\u00e1 financiada pola Xunta de Galicia<\/strong>, polo que son cursos completamente gratu\u00edtos.<\/p>\n<p>Imp\u00e1rtense en modalidade online e para poder acceder o \u00fanico requisito de acceso \u00e9 estar traballando no sector indicado anteriormente en cada un dos apartados ou estar dado de alta como demandante de emprego en Galicia.<\/p>\n<p>As solicitudes de prazas p\u00f3dense facer directamente a trav\u00e9s da web, facendo clic nos enlaces anteriores, chamando ao tel\u00e9fono gratu\u00edto 900 812 902 ou enviando un correo electr\u00f3nico a <span style=\"color: #333333;\"><a style=\"color: #333333;\" href=\"mailto:inscripciones@metodogrupo.com\" target=\"_blank\" rel=\"noopener noreferrer\">inscripciones@metodogrupo.com<\/a><\/span> (indicando datos persoais e curso que se quere realizar).<\/p>\n<div id=\"divTituloCurso\" class=\"divTituloCurso\">\n<div class=\"divBarraSeparacion\"><\/div>\n<div class=\"divBarraSeparacion\">\n<div class=\"barraTitulo\"><img loading=\"lazy\" class=\"size-full wp-image-1976 alignleft\" src=\"https:\/\/metodoformacion.com\/blog\/wp-content\/uploads\/2021\/08\/logotipo-convocatoria-prl-para-redes.jpg\" alt=\"\" width=\"328\" height=\"150\" srcset=\"https:\/\/metodoformacion.com\/blog\/wp-content\/uploads\/2021\/08\/logotipo-convocatoria-prl-para-redes.jpg 328w, https:\/\/metodoformacion.com\/blog\/wp-content\/uploads\/2021\/08\/logotipo-convocatoria-prl-para-redes-300x137.jpg 300w\" sizes=\"(max-width: 328px) 100vw, 328px\" \/><\/div>\n<\/div>\n<\/div>\n<div id=\"infoCursoActual\" class=\"infoCursoActual\">\n<div id=\"divContenidoInfo\" class=\"divContenidoInfo\">\n<div id=\"menuInfoCurso\" class=\"menuInfoCurso\">\n<div id=\"botonDetalles\" class=\"botonMenuInfoCursoActive\"><\/div>\n<\/div>\n<\/div>\n<\/div>\n<p>&nbsp;<\/p>\n<p>&nbsp;<\/p>\n","protected":false},"excerpt":{"rendered":"<p>A prevenci\u00f3n de riscos laborais est\u00e1 recollida na Lei 31\/1995, de 8 de novembro, de Prevenci\u00f3n de Riscos Laborais. O obxectivo desta lei \u00e9 promover a seguridade e sa\u00fade dos traballadores por parte das empresas, con medidas e actividades de prevenci\u00f3n adecuadas a cada actividade desenvolvida por parte dos profesionais. Unha desas actividades \u00e9 a [&hellip;]<\/p>\n","protected":false},"author":4,"featured_media":1984,"comment_status":"open","ping_status":"open","sticky":false,"template":"","format":"standard","meta":{"_monsterinsights_skip_tracking":false,"_monsterinsights_sitenote_active":false,"_monsterinsights_sitenote_note":"","_monsterinsights_sitenote_category":0},"categories":[5],"tags":[],"yoast_head":"<!-- This site is optimized with the Yoast SEO plugin v19.14 - https:\/\/yoast.com\/wordpress\/plugins\/seo\/ -->\n<title>Formaci\u00f3n gratu\u00edta en Prevenci\u00f3n de Riscos Laborais en Galicia<\/title>\n<meta name=\"description\" content=\"Formaci\u00f3n gratu\u00edta en Prevenci\u00f3n de Riscos Laborais en Galicia financiada pola Xunta de Galicia. Cursos en modalidad online.\" \/>\n<meta name=\"robots\" content=\"index, follow, max-snippet:-1, max-image-preview:large, max-video-preview:-1\" \/>\n<link rel=\"canonical\" href=\"https:\/\/metodoformacion.com\/blog\/formacion-gratuita-en-prevencion-de-riscos-laborais-en-galicia\/\" \/>\n<meta property=\"og:locale\" content=\"es_ES\" \/>\n<meta property=\"og:type\" content=\"article\" \/>\n<meta property=\"og:title\" content=\"Formaci\u00f3n gratu\u00edta en Prevenci\u00f3n de Riscos Laborais en Galicia\" \/>\n<meta property=\"og:description\" content=\"Formaci\u00f3n gratu\u00edta en Prevenci\u00f3n de Riscos Laborais en Galicia financiada pola Xunta de Galicia. Cursos en modalidad online.\" \/>\n<meta property=\"og:url\" content=\"https:\/\/metodoformacion.com\/blog\/formacion-gratuita-en-prevencion-de-riscos-laborais-en-galicia\/\" \/>\n<meta property=\"og:site_name\" content=\"Blog sobre formaci\u00f3n subvencionada y empleo\" \/>\n<meta property=\"article:published_time\" content=\"2021-08-26T11:17:17+00:00\" \/>\n<meta property=\"article:modified_time\" content=\"2021-11-16T10:22:38+00:00\" \/>\n<meta property=\"og:image\" content=\"https:\/\/metodoformacion.com\/blog\/wp-content\/uploads\/2021\/08\/formaci\u00f3n-gratu\u00edta-prevenci\u00f3n-de-riscos-laborais-1.jpg\" \/>\n\t<meta property=\"og:image:width\" content=\"650\" \/>\n\t<meta property=\"og:image:height\" content=\"325\" \/>\n\t<meta property=\"og:image:type\" content=\"image\/jpeg\" \/>\n<meta name=\"author\" content=\"Beatriz Lorenzo\" \/>\n<meta name=\"twitter:card\" content=\"summary_large_image\" \/>\n<meta name=\"twitter:label1\" content=\"Escrito por\" \/>\n\t<meta name=\"twitter:data1\" content=\"Beatriz Lorenzo\" \/>\n\t<meta name=\"twitter:label2\" content=\"Tiempo de lectura\" \/>\n\t<meta name=\"twitter:data2\" content=\"4 minutos\" \/>\n<script type=\"application\/ld+json\" class=\"yoast-schema-graph\">{\"@context\":\"https:\/\/schema.org\",\"@graph\":[{\"@type\":\"Article\",\"@id\":\"https:\/\/metodoformacion.com\/blog\/formacion-gratuita-en-prevencion-de-riscos-laborais-en-galicia\/#article\",\"isPartOf\":{\"@id\":\"https:\/\/metodoformacion.com\/blog\/formacion-gratuita-en-prevencion-de-riscos-laborais-en-galicia\/\"},\"author\":{\"name\":\"Beatriz Lorenzo\",\"@id\":\"https:\/\/metodoformacion.com\/blog\/#\/schema\/person\/73f03e56ade123526d44ad6f685f9e5a\"},\"headline\":\"Formaci\u00f3n gratu\u00edta en Prevenci\u00f3n de Riscos Laborais en Galicia\",\"datePublished\":\"2021-08-26T11:17:17+00:00\",\"dateModified\":\"2021-11-16T10:22:38+00:00\",\"mainEntityOfPage\":{\"@id\":\"https:\/\/metodoformacion.com\/blog\/formacion-gratuita-en-prevencion-de-riscos-laborais-en-galicia\/\"},\"wordCount\":896,\"commentCount\":0,\"publisher\":{\"@id\":\"https:\/\/metodoformacion.com\/blog\/#organization\"},\"articleSection\":[\"Sectores profesionales\"],\"inLanguage\":\"es\",\"potentialAction\":[{\"@type\":\"CommentAction\",\"name\":\"Comment\",\"target\":[\"https:\/\/metodoformacion.com\/blog\/formacion-gratuita-en-prevencion-de-riscos-laborais-en-galicia\/#respond\"]}]},{\"@type\":\"WebPage\",\"@id\":\"https:\/\/metodoformacion.com\/blog\/formacion-gratuita-en-prevencion-de-riscos-laborais-en-galicia\/\",\"url\":\"https:\/\/metodoformacion.com\/blog\/formacion-gratuita-en-prevencion-de-riscos-laborais-en-galicia\/\",\"name\":\"Formaci\u00f3n gratu\u00edta en Prevenci\u00f3n de Riscos Laborais en Galicia\",\"isPartOf\":{\"@id\":\"https:\/\/metodoformacion.com\/blog\/#website\"},\"datePublished\":\"2021-08-26T11:17:17+00:00\",\"dateModified\":\"2021-11-16T10:22:38+00:00\",\"description\":\"Formaci\u00f3n gratu\u00edta en Prevenci\u00f3n de Riscos Laborais en Galicia financiada pola Xunta de Galicia. Cursos en modalidad online.\",\"breadcrumb\":{\"@id\":\"https:\/\/metodoformacion.com\/blog\/formacion-gratuita-en-prevencion-de-riscos-laborais-en-galicia\/#breadcrumb\"},\"inLanguage\":\"es\",\"potentialAction\":[{\"@type\":\"ReadAction\",\"target\":[\"https:\/\/metodoformacion.com\/blog\/formacion-gratuita-en-prevencion-de-riscos-laborais-en-galicia\/\"]}]},{\"@type\":\"BreadcrumbList\",\"@id\":\"https:\/\/metodoformacion.com\/blog\/formacion-gratuita-en-prevencion-de-riscos-laborais-en-galicia\/#breadcrumb\",\"itemListElement\":[{\"@type\":\"ListItem\",\"position\":1,\"name\":\"Inicio\",\"item\":\"https:\/\/metodoformacion.com\/blog\/\"},{\"@type\":\"ListItem\",\"position\":2,\"name\":\"Formaci\u00f3n gratu\u00edta en Prevenci\u00f3n de Riscos Laborais en Galicia\"}]},{\"@type\":\"WebSite\",\"@id\":\"https:\/\/metodoformacion.com\/blog\/#website\",\"url\":\"https:\/\/metodoformacion.com\/blog\/\",\"name\":\"Blog sobre formaci\u00f3n subvencionada y empleo\",\"description\":\"\",\"publisher\":{\"@id\":\"https:\/\/metodoformacion.com\/blog\/#organization\"},\"potentialAction\":[{\"@type\":\"SearchAction\",\"target\":{\"@type\":\"EntryPoint\",\"urlTemplate\":\"https:\/\/metodoformacion.com\/blog\/?s={search_term_string}\"},\"query-input\":\"required name=search_term_string\"}],\"inLanguage\":\"es\"},{\"@type\":\"Organization\",\"@id\":\"https:\/\/metodoformacion.com\/blog\/#organization\",\"name\":\"Grupo M\u00e9todo\",\"url\":\"https:\/\/metodoformacion.com\/blog\/\",\"logo\":{\"@type\":\"ImageObject\",\"inLanguage\":\"es\",\"@id\":\"https:\/\/metodoformacion.com\/blog\/#\/schema\/logo\/image\/\",\"url\":\"https:\/\/metodoformacion.com\/blog\/wp-content\/uploads\/2019\/12\/logo-transparente.png\",\"contentUrl\":\"https:\/\/metodoformacion.com\/blog\/wp-content\/uploads\/2019\/12\/logo-transparente.png\",\"width\":160,\"height\":70,\"caption\":\"Grupo M\u00e9todo\"},\"image\":{\"@id\":\"https:\/\/metodoformacion.com\/blog\/#\/schema\/logo\/image\/\"}},{\"@type\":\"Person\",\"@id\":\"https:\/\/metodoformacion.com\/blog\/#\/schema\/person\/73f03e56ade123526d44ad6f685f9e5a\",\"name\":\"Beatriz Lorenzo\",\"image\":{\"@type\":\"ImageObject\",\"inLanguage\":\"es\",\"@id\":\"https:\/\/metodoformacion.com\/blog\/#\/schema\/person\/image\/\",\"url\":\"https:\/\/secure.gravatar.com\/avatar\/0d4a7e5857d7c9bd33e956fda6c4a5ab?s=96&r=g\",\"contentUrl\":\"https:\/\/secure.gravatar.com\/avatar\/0d4a7e5857d7c9bd33e956fda6c4a5ab?s=96&r=g\",\"caption\":\"Beatriz Lorenzo\"},\"description\":\"Licenciada en Publicidad y relaciones p\u00fablicas. En los \u00faltimos a\u00f1os me he especializado en marketing digital y en Social Ads. Digital Marketing Manager en Grupo M\u00e9todo.\",\"url\":\"https:\/\/metodoformacion.com\/blog\/author\/bea\/\"}]}<\/script>\n<!-- \/ Yoast SEO plugin. -->","yoast_head_json":{"title":"Formaci\u00f3n gratu\u00edta en Prevenci\u00f3n de Riscos Laborais en Galicia","description":"Formaci\u00f3n gratu\u00edta en Prevenci\u00f3n de Riscos Laborais en Galicia financiada pola Xunta de Galicia. Cursos en modalidad online.","robots":{"index":"index","follow":"follow","max-snippet":"max-snippet:-1","max-image-preview":"max-image-preview:large","max-video-preview":"max-video-preview:-1"},"canonical":"https:\/\/metodoformacion.com\/blog\/formacion-gratuita-en-prevencion-de-riscos-laborais-en-galicia\/","og_locale":"es_ES","og_type":"article","og_title":"Formaci\u00f3n gratu\u00edta en Prevenci\u00f3n de Riscos Laborais en Galicia","og_description":"Formaci\u00f3n gratu\u00edta en Prevenci\u00f3n de Riscos Laborais en Galicia financiada pola Xunta de Galicia. Cursos en modalidad online.","og_url":"https:\/\/metodoformacion.com\/blog\/formacion-gratuita-en-prevencion-de-riscos-laborais-en-galicia\/","og_site_name":"Blog sobre formaci\u00f3n subvencionada y empleo","article_published_time":"2021-08-26T11:17:17+00:00","article_modified_time":"2021-11-16T10:22:38+00:00","og_image":[{"width":650,"height":325,"url":"https:\/\/metodoformacion.com\/blog\/wp-content\/uploads\/2021\/08\/formaci\u00f3n-gratu\u00edta-prevenci\u00f3n-de-riscos-laborais-1.jpg","type":"image\/jpeg"}],"author":"Beatriz Lorenzo","twitter_card":"summary_large_image","twitter_misc":{"Escrito por":"Beatriz Lorenzo","Tiempo de lectura":"4 minutos"},"schema":{"@context":"https:\/\/schema.org","@graph":[{"@type":"Article","@id":"https:\/\/metodoformacion.com\/blog\/formacion-gratuita-en-prevencion-de-riscos-laborais-en-galicia\/#article","isPartOf":{"@id":"https:\/\/metodoformacion.com\/blog\/formacion-gratuita-en-prevencion-de-riscos-laborais-en-galicia\/"},"author":{"name":"Beatriz Lorenzo","@id":"https:\/\/metodoformacion.com\/blog\/#\/schema\/person\/73f03e56ade123526d44ad6f685f9e5a"},"headline":"Formaci\u00f3n gratu\u00edta en Prevenci\u00f3n de Riscos Laborais en Galicia","datePublished":"2021-08-26T11:17:17+00:00","dateModified":"2021-11-16T10:22:38+00:00","mainEntityOfPage":{"@id":"https:\/\/metodoformacion.com\/blog\/formacion-gratuita-en-prevencion-de-riscos-laborais-en-galicia\/"},"wordCount":896,"commentCount":0,"publisher":{"@id":"https:\/\/metodoformacion.com\/blog\/#organization"},"articleSection":["Sectores profesionales"],"inLanguage":"es","potentialAction":[{"@type":"CommentAction","name":"Comment","target":["https:\/\/metodoformacion.com\/blog\/formacion-gratuita-en-prevencion-de-riscos-laborais-en-galicia\/#respond"]}]},{"@type":"WebPage","@id":"https:\/\/metodoformacion.com\/blog\/formacion-gratuita-en-prevencion-de-riscos-laborais-en-galicia\/","url":"https:\/\/metodoformacion.com\/blog\/formacion-gratuita-en-prevencion-de-riscos-laborais-en-galicia\/","name":"Formaci\u00f3n gratu\u00edta en Prevenci\u00f3n de Riscos Laborais en Galicia","isPartOf":{"@id":"https:\/\/metodoformacion.com\/blog\/#website"},"datePublished":"2021-08-26T11:17:17+00:00","dateModified":"2021-11-16T10:22:38+00:00","description":"Formaci\u00f3n gratu\u00edta en Prevenci\u00f3n de Riscos Laborais en Galicia financiada pola Xunta de Galicia. Cursos en modalidad online.","breadcrumb":{"@id":"https:\/\/metodoformacion.com\/blog\/formacion-gratuita-en-prevencion-de-riscos-laborais-en-galicia\/#breadcrumb"},"inLanguage":"es","potentialAction":[{"@type":"ReadAction","target":["https:\/\/metodoformacion.com\/blog\/formacion-gratuita-en-prevencion-de-riscos-laborais-en-galicia\/"]}]},{"@type":"BreadcrumbList","@id":"https:\/\/metodoformacion.com\/blog\/formacion-gratuita-en-prevencion-de-riscos-laborais-en-galicia\/#breadcrumb","itemListElement":[{"@type":"ListItem","position":1,"name":"Inicio","item":"https:\/\/metodoformacion.com\/blog\/"},{"@type":"ListItem","position":2,"name":"Formaci\u00f3n gratu\u00edta en Prevenci\u00f3n de Riscos Laborais en Galicia"}]},{"@type":"WebSite","@id":"https:\/\/metodoformacion.com\/blog\/#website","url":"https:\/\/metodoformacion.com\/blog\/","name":"Blog sobre formaci\u00f3n subvencionada y empleo","description":"","publisher":{"@id":"https:\/\/metodoformacion.com\/blog\/#organization"},"potentialAction":[{"@type":"SearchAction","target":{"@type":"EntryPoint","urlTemplate":"https:\/\/metodoformacion.com\/blog\/?s={search_term_string}"},"query-input":"required name=search_term_string"}],"inLanguage":"es"},{"@type":"Organization","@id":"https:\/\/metodoformacion.com\/blog\/#organization","name":"Grupo M\u00e9todo","url":"https:\/\/metodoformacion.com\/blog\/","logo":{"@type":"ImageObject","inLanguage":"es","@id":"https:\/\/metodoformacion.com\/blog\/#\/schema\/logo\/image\/","url":"https:\/\/metodoformacion.com\/blog\/wp-content\/uploads\/2019\/12\/logo-transparente.png","contentUrl":"https:\/\/metodoformacion.com\/blog\/wp-content\/uploads\/2019\/12\/logo-transparente.png","width":160,"height":70,"caption":"Grupo M\u00e9todo"},"image":{"@id":"https:\/\/metodoformacion.com\/blog\/#\/schema\/logo\/image\/"}},{"@type":"Person","@id":"https:\/\/metodoformacion.com\/blog\/#\/schema\/person\/73f03e56ade123526d44ad6f685f9e5a","name":"Beatriz Lorenzo","image":{"@type":"ImageObject","inLanguage":"es","@id":"https:\/\/metodoformacion.com\/blog\/#\/schema\/person\/image\/","url":"https:\/\/secure.gravatar.com\/avatar\/0d4a7e5857d7c9bd33e956fda6c4a5ab?s=96&r=g","contentUrl":"https:\/\/secure.gravatar.com\/avatar\/0d4a7e5857d7c9bd33e956fda6c4a5ab?s=96&r=g","caption":"Beatriz Lorenzo"},"description":"Licenciada en Publicidad y relaciones p\u00fablicas. En los \u00faltimos a\u00f1os me he especializado en marketing digital y en Social Ads. Digital Marketing Manager en Grupo M\u00e9todo.","url":"https:\/\/metodoformacion.com\/blog\/author\/bea\/"}]}},"_links":{"self":[{"href":"https:\/\/metodoformacion.com\/blog\/wp-json\/wp\/v2\/posts\/1968"}],"collection":[{"href":"https:\/\/metodoformacion.com\/blog\/wp-json\/wp\/v2\/posts"}],"about":[{"href":"https:\/\/metodoformacion.com\/blog\/wp-json\/wp\/v2\/types\/post"}],"author":[{"embeddable":true,"href":"https:\/\/metodoformacion.com\/blog\/wp-json\/wp\/v2\/users\/4"}],"replies":[{"embeddable":true,"href":"https:\/\/metodoformacion.com\/blog\/wp-json\/wp\/v2\/comments?post=1968"}],"version-history":[{"count":12,"href":"https:\/\/metodoformacion.com\/blog\/wp-json\/wp\/v2\/posts\/1968\/revisions"}],"predecessor-version":[{"id":2298,"href":"https:\/\/metodoformacion.com\/blog\/wp-json\/wp\/v2\/posts\/1968\/revisions\/2298"}],"wp:featuredmedia":[{"embeddable":true,"href":"https:\/\/metodoformacion.com\/blog\/wp-json\/wp\/v2\/media\/1984"}],"wp:attachment":[{"href":"https:\/\/metodoformacion.com\/blog\/wp-json\/wp\/v2\/media?parent=1968"}],"wp:term":[{"taxonomy":"category","embeddable":true,"href":"https:\/\/metodoformacion.com\/blog\/wp-json\/wp\/v2\/categories?post=1968"},{"taxonomy":"post_tag","embeddable":true,"href":"https:\/\/metodoformacion.com\/blog\/wp-json\/wp\/v2\/tags?post=1968"}],"curies":[{"name":"wp","href":"https:\/\/api.w.org\/{rel}","templated":true}]}}