{"id":1987,"date":"2021-09-01T09:25:41","date_gmt":"2021-09-01T09:25:41","guid":{"rendered":"https:\/\/metodoformacion.com\/blog\/?p=1987"},"modified":"2021-09-01T09:25:41","modified_gmt":"2021-09-01T09:25:41","slug":"cursos-formacion-profesional-para-el-empleo","status":"publish","type":"post","link":"https:\/\/metodoformacion.com\/blog\/cursos-formacion-profesional-para-el-empleo\/","title":{"rendered":"Vuelta al cole 2021, \u00a1f\u00f3rmate para el presente!"},"content":{"rendered":"<p>Entramos en septiembre y como en cada septiembre de cada a\u00f1o volvemos a la rutina, volvemos al cole. El verano da sus \u00faltimos coletazos, volvemos al trabajo o al horario de trabajo habitual y empezamos a pensar en cambiar la ropa del armario. Los que tenemos peques en casa estamos ya preparando todo para el inicio del curso escolar y, en definitiva, \u00a1se termina el verano! Y cuando termina el verano muchos de nosotros buscamos alg\u00fan quehacer m\u00e1s all\u00e1 de los rutinarios, alguna satisfacci\u00f3n personal independiente del trabajo o la familia: nos apuntamos a clases de m\u00fasica, de yoga, hacemos danza, teatro, cursos de idiomas\u2026 o nos apuntamos a alg\u00fan curso de Formaci\u00f3n Profesional para el Empleo (FPE).<\/p>\n<p><img loading=\"lazy\" class=\"aligncenter size-full wp-image-1993\" src=\"https:\/\/metodoformacion.com\/blog\/wp-content\/uploads\/2021\/08\/la-vuelta-al-cole.jpg\" alt=\"\" width=\"650\" height=\"325\" srcset=\"https:\/\/metodoformacion.com\/blog\/wp-content\/uploads\/2021\/08\/la-vuelta-al-cole.jpg 650w, https:\/\/metodoformacion.com\/blog\/wp-content\/uploads\/2021\/08\/la-vuelta-al-cole-300x150.jpg 300w\" sizes=\"(max-width: 650px) 100vw, 650px\" \/><\/p>\n<div id=\"ez-toc-container\" class=\"ez-toc-v2_0_62 counter-hierarchy ez-toc-counter ez-toc-custom ez-toc-container-direction\">\n<p class=\"ez-toc-title\">Hablamos sobre...<\/p>\n<label for=\"ez-toc-cssicon-toggle-item-69f4ed1555924\" class=\"ez-toc-cssicon-toggle-label\"><span class=\"\"><span class=\"eztoc-hide\" style=\"display:none;\">Toggle<\/span><span class=\"ez-toc-icon-toggle-span\"><svg style=\"fill: #000000;color:#000000\" xmlns=\"http:\/\/www.w3.org\/2000\/svg\" class=\"list-377408\" width=\"20px\" height=\"20px\" viewBox=\"0 0 24 24\" fill=\"none\"><path d=\"M6 6H4v2h2V6zm14 0H8v2h12V6zM4 11h2v2H4v-2zm16 0H8v2h12v-2zM4 16h2v2H4v-2zm16 0H8v2h12v-2z\" fill=\"currentColor\"><\/path><\/svg><svg style=\"fill: #000000;color:#000000\" class=\"arrow-unsorted-368013\" xmlns=\"http:\/\/www.w3.org\/2000\/svg\" width=\"10px\" height=\"10px\" viewBox=\"0 0 24 24\" version=\"1.2\" baseProfile=\"tiny\"><path d=\"M18.2 9.3l-6.2-6.3-6.2 6.3c-.2.2-.3.4-.3.7s.1.5.3.7c.2.2.4.3.7.3h11c.3 0 .5-.1.7-.3.2-.2.3-.5.3-.7s-.1-.5-.3-.7zM5.8 14.7l6.2 6.3 6.2-6.3c.2-.2.3-.5.3-.7s-.1-.5-.3-.7c-.2-.2-.4-.3-.7-.3h-11c-.3 0-.5.1-.7.3-.2.2-.3.5-.3.7s.1.5.3.7z\"\/><\/svg><\/span><\/span><\/label><input type=\"checkbox\"  id=\"ez-toc-cssicon-toggle-item-69f4ed1555924\" checked aria-label=\"Toggle\" \/><nav><ul class='ez-toc-list ez-toc-list-level-1 ' ><li class='ez-toc-page-1 ez-toc-heading-level-2'><a class=\"ez-toc-link ez-toc-heading-1\" href=\"https:\/\/metodoformacion.com\/blog\/cursos-formacion-profesional-para-el-empleo\/#Cursos_de_Formacion_Profesional_para_el_Empleo\" title=\"Cursos de Formaci\u00f3n Profesional para el Empleo\">Cursos de Formaci\u00f3n Profesional para el Empleo<\/a><ul class='ez-toc-list-level-3' ><li class='ez-toc-heading-level-3'><a class=\"ez-toc-link ez-toc-heading-2\" href=\"https:\/\/metodoformacion.com\/blog\/cursos-formacion-profesional-para-el-empleo\/#Formacion_gratuita_y_de_calidad\" title=\"Formaci\u00f3n gratuita y de calidad \">Formaci\u00f3n gratuita y de calidad <\/a><\/li><li class='ez-toc-page-1 ez-toc-heading-level-3'><a class=\"ez-toc-link ez-toc-heading-3\" href=\"https:\/\/metodoformacion.com\/blog\/cursos-formacion-profesional-para-el-empleo\/#Formacion_online_100_flexible\" title=\"Formaci\u00f3n online 100% flexible\">Formaci\u00f3n online 100% flexible<\/a><ul class='ez-toc-list-level-4' ><li class='ez-toc-heading-level-4'><a class=\"ez-toc-link ez-toc-heading-4\" href=\"https:\/\/metodoformacion.com\/blog\/cursos-formacion-profesional-para-el-empleo\/#Nuestras_ventajas\" title=\"Nuestras ventajas\">Nuestras ventajas<\/a><\/li><\/ul><\/li><li class='ez-toc-page-1 ez-toc-heading-level-3'><a class=\"ez-toc-link ez-toc-heading-5\" href=\"https:\/\/metodoformacion.com\/blog\/cursos-formacion-profesional-para-el-empleo\/#Seguimiento_diario_personalizado\" title=\"Seguimiento diario personalizado\">Seguimiento diario personalizado<\/a><\/li><li class='ez-toc-page-1 ez-toc-heading-level-3'><a class=\"ez-toc-link ez-toc-heading-6\" href=\"https:\/\/metodoformacion.com\/blog\/cursos-formacion-profesional-para-el-empleo\/#Diploma_de_aprovechamiento_avalado\" title=\"Diploma de aprovechamiento avalado \">Diploma de aprovechamiento avalado <\/a><\/li><li class='ez-toc-page-1 ez-toc-heading-level-3'><a class=\"ez-toc-link ez-toc-heading-7\" href=\"https:\/\/metodoformacion.com\/blog\/cursos-formacion-profesional-para-el-empleo\/#Recuerda_la_FPE_es_sectorial\" title=\"Recuerda: la FPE es sectorial\">Recuerda: la FPE es sectorial<\/a><ul class='ez-toc-list-level-4' ><li class='ez-toc-heading-level-4'><a class=\"ez-toc-link ez-toc-heading-8\" href=\"https:\/\/metodoformacion.com\/blog\/cursos-formacion-profesional-para-el-empleo\/#%C2%BFTe_animas_a_hacer_la_vuelta_al_cole_con_nosotros%E2%80%A6_pero_tienes_dudas\" title=\"\u00bfTe animas a hacer la vuelta al cole con nosotros\u2026 pero tienes dudas?\">\u00bfTe animas a hacer la vuelta al cole con nosotros\u2026 pero tienes dudas?<\/a><\/li><\/ul><\/li><\/ul><\/li><\/ul><\/nav><\/div>\n<h2><span class=\"ez-toc-section\" id=\"Cursos_de_Formacion_Profesional_para_el_Empleo\"><\/span>Cursos de Formaci\u00f3n Profesional para el Empleo<span class=\"ez-toc-section-end\"><\/span><\/h2>\n<p>La FPE, adem\u00e1s de satisfacer curiosidades y satisfacernos personalmente, nos permite ampliar nuestro curr\u00edculum profesional y aumentar nuestras competencias. En definitiva, nos da una buena oportunidad para estar preparados para el presente, \u00a1porque el futuro es ahora!<\/p>\n<h3><span class=\"ez-toc-section\" id=\"Formacion_gratuita_y_de_calidad\"><\/span><strong><span style=\"color: #00bce4;\">Formaci\u00f3n gratuita y de calidad<\/span> <\/strong><span class=\"ez-toc-section-end\"><\/span><\/h3>\n<p>Ahora tienes la oportunidad de obtener <span style=\"color: #333333;\"><a style=\"color: #333333;\" href=\"https:\/\/www.metodogrupo.com\/es\/nosotros\" target=\"_blank\" rel=\"noopener noreferrer\">formaci\u00f3n gratuita y de calidad<\/a><\/span>, a tu ritmo \u00a1y sin necesidad de desplazarte! Porque la mayor parte de nuestros cursos de Formaci\u00f3n Profesional para el Empleo son online, aunque tambi\u00e9n tenemos cursos de FPE en modalidad presencial y mixta.<\/p>\n<h3><span class=\"ez-toc-section\" id=\"Formacion_online_100_flexible\"><\/span><span style=\"color: #00bce4;\"><strong>Formaci\u00f3n online 100% flexible<\/strong><\/span><span class=\"ez-toc-section-end\"><\/span><\/h3>\n<p>Los <strong>cursos online de Grupo M\u00e9todo<\/strong> se desarrollan a trav\u00e9s de una plataforma de <em>elearning<\/em> cuidadosamente dise\u00f1ada para que, sean cuales sean tus competencias digitales, puedas trabajar con ella. Se trata de una plataforma muy intuitiva que estar\u00e1 a tu disposici\u00f3n las 24 horas los 7 d\u00edas de la semana, para que puedas realizar la formaci\u00f3n completamente a tu ritmo.<\/p>\n<p><strong>Vuelve al cole con Grupo M\u00e9todo, con todas las comodidades<\/strong>. \u00bfQue un d\u00eda tienes tiempo, llueve, hace fr\u00edo y te apetece avanzar toda la tarde en tu curso mientras tomas una infusi\u00f3n, y otro d\u00eda no dispones de tiempo o no te apetece hacer nada? Puedes hacerlo. \u00bfQue prefieres seguir el cronograma del curso que te da tu tutor o tutora al empezar y ser estricto con esa planificaci\u00f3n? Tambi\u00e9n puedes hacerlo.<\/p>\n<h4><span class=\"ez-toc-section\" id=\"Nuestras_ventajas\"><\/span><span style=\"color: #1c1b1b;\">Nuestras ventajas<\/span><span class=\"ez-toc-section-end\"><\/span><\/h4>\n<p>La ventaja de los cursos online de Formaci\u00f3n Profesional para el Empleo, adem\u00e1s de que son gratuitos y oficiales (subvencionados por el Servicio P\u00fablico de Empleo Estatal), es justamente que se pueden hacer con total flexibilidad, siempre y cuando se cumplan los requisitos de los primeros d\u00edas y se finalicen, a m\u00e1s tardar, en la fecha establecida.<\/p>\n<h3><span class=\"ez-toc-section\" id=\"Seguimiento_diario_personalizado\"><\/span><span style=\"color: #00bce4;\"><strong>Seguimiento diario personalizado<\/strong><\/span><span class=\"ez-toc-section-end\"><\/span><\/h3>\n<p>Contar\u00e1s con el apoyo y el seguimiento diario de una persona cualificada en el \u00e1mbito de tu formaci\u00f3n, quien revisar\u00e1 tus informes, evaluar\u00e1 tus actividades del curso y te asesorar\u00e1 en tus dudas o inconvenientes. Igualmente, si por cualquier circunstancia te retrasas en el avance del curso, tu tutora o tutor te dar\u00e1 un aviso por si te has despistado, con el \u00fanico objetivo de que tengas presente la formaci\u00f3n, puedas terminarla con \u00e9xito y, finalmente, obtengas tu diploma.<\/p>\n<h3><span class=\"ez-toc-section\" id=\"Diploma_de_aprovechamiento_avalado\"><\/span><strong><span style=\"color: #00bce4;\">Diploma de aprovechamiento avalado<\/span> <\/strong><span class=\"ez-toc-section-end\"><\/span><\/h3>\n<p>Al terminar cualquiera de nuestros cursos de Formaci\u00f3n Profesional para el Empleo recibir\u00e1s un diploma que acredita que has realizado la formaci\u00f3n completa. Este diploma estar\u00e1 avalado por el organismo p\u00fablico que subvenciona la formaci\u00f3n.<\/p>\n<p><img loading=\"lazy\" class=\"aligncenter size-full wp-image-1994\" src=\"https:\/\/metodoformacion.com\/blog\/wp-content\/uploads\/2021\/08\/septiembre-vuelta-al-cole.jpg\" alt=\"\" width=\"650\" height=\"325\" srcset=\"https:\/\/metodoformacion.com\/blog\/wp-content\/uploads\/2021\/08\/septiembre-vuelta-al-cole.jpg 650w, https:\/\/metodoformacion.com\/blog\/wp-content\/uploads\/2021\/08\/septiembre-vuelta-al-cole-300x150.jpg 300w\" sizes=\"(max-width: 650px) 100vw, 650px\" \/><\/p>\n<h3><span class=\"ez-toc-section\" id=\"Recuerda_la_FPE_es_sectorial\"><\/span><span style=\"color: #00bce4;\"><strong>Recuerda: la FPE es sectorial<\/strong><\/span><span class=\"ez-toc-section-end\"><\/span><\/h3>\n<p>Recuerda que trabajamos por sectores profesionales, por lo que tu acceso a la formaci\u00f3n va a depender, en primer lugar, del sector profesional en el que desarrolles tu actividad. Revisaremos tu contrato laboral para comprobar a qu\u00e9 convenio perteneces como trabajadora o como trabajador y confirmar de este modo si cumples el requisito sectorial. Algunos cursos de Formaci\u00f3n Profesional para el Empleo son intersectoriales (accesibles para cualquier persona en activo con independencia de su sector) y algunos tienen plazas para personas en situaci\u00f3n de desempleo.<\/p>\n<p>\u00a1Comprueba los requisitos en la ficha de cada curso!<\/p>\n<h4><span class=\"ez-toc-section\" id=\"%C2%BFTe_animas_a_hacer_la_vuelta_al_cole_con_nosotros%E2%80%A6_pero_tienes_dudas\"><\/span><strong>\u00bfTe animas a hacer la vuelta al cole con nosotros\u2026 pero tienes dudas?<\/strong><span class=\"ez-toc-section-end\"><\/span><\/h4>\n<p>Si tienes alguna duda<span style=\"color: #000000;\"> <a style=\"color: #000000;\" href=\"https:\/\/metodoformacion.com\/preguntas-frecuentes\" target=\"_blank\" rel=\"noopener noreferrer\">consulta nuestra p\u00e1gina de preguntas frecuentes<\/a><\/span>.<\/p>\n<p>Esta p\u00e1gina est\u00e1 dise\u00f1ada a partir de las dudas m\u00e1s habituales, recogidas a lo largo de los a\u00f1os y revisada con periodicidad por nuestro equipo para mantenerlas actualizadas.<\/p>\n<p>\u00a1Te esperamos!<\/p>\n","protected":false},"excerpt":{"rendered":"<p>Entramos en septiembre y como en cada septiembre de cada a\u00f1o volvemos a la rutina, volvemos al cole. El verano da sus \u00faltimos coletazos, volvemos al trabajo o al horario de trabajo habitual y empezamos a pensar en cambiar la ropa del armario. Los que tenemos peques en casa estamos ya preparando todo para el [&hellip;]<\/p>\n","protected":false},"author":2,"featured_media":1992,"comment_status":"open","ping_status":"open","sticky":false,"template":"","format":"standard","meta":{"_monsterinsights_skip_tracking":false,"_monsterinsights_sitenote_active":false,"_monsterinsights_sitenote_note":"","_monsterinsights_sitenote_category":0},"categories":[31,34],"tags":[],"yoast_head":"<!-- This site is optimized with the Yoast SEO plugin v19.14 - https:\/\/yoast.com\/wordpress\/plugins\/seo\/ -->\n<title>Cursos de Formaci\u00f3n Profesional para el Empleo | Blog Grupo M\u00e9todo<\/title>\n<meta name=\"description\" content=\"Prep\u00e1rate para el presente con nuestros cursos de Formaci\u00f3n Profesional para el Empleo. \u00a1Vuelta al cole con Grupo M\u00e9todo!\" \/>\n<meta name=\"robots\" content=\"index, follow, max-snippet:-1, max-image-preview:large, max-video-preview:-1\" \/>\n<link rel=\"canonical\" href=\"https:\/\/metodoformacion.com\/blog\/cursos-formacion-profesional-para-el-empleo\/\" \/>\n<meta property=\"og:locale\" content=\"es_ES\" \/>\n<meta property=\"og:type\" content=\"article\" \/>\n<meta property=\"og:title\" content=\"Cursos de Formaci\u00f3n Profesional para el Empleo | Blog Grupo M\u00e9todo\" \/>\n<meta property=\"og:description\" content=\"Prep\u00e1rate para el presente con nuestros cursos de Formaci\u00f3n Profesional para el Empleo. \u00a1Vuelta al cole con Grupo M\u00e9todo!\" \/>\n<meta property=\"og:url\" content=\"https:\/\/metodoformacion.com\/blog\/cursos-formacion-profesional-para-el-empleo\/\" \/>\n<meta property=\"og:site_name\" content=\"Blog sobre formaci\u00f3n subvencionada y empleo\" \/>\n<meta property=\"article:published_time\" content=\"2021-09-01T09:25:41+00:00\" \/>\n<meta property=\"og:image\" content=\"https:\/\/metodoformacion.com\/blog\/wp-content\/uploads\/2021\/08\/vuelve-al-cole.jpg\" \/>\n\t<meta property=\"og:image:width\" content=\"650\" \/>\n\t<meta property=\"og:image:height\" content=\"325\" \/>\n\t<meta property=\"og:image:type\" content=\"image\/jpeg\" \/>\n<meta name=\"author\" content=\"Arantxa Lamas\" \/>\n<meta name=\"twitter:card\" content=\"summary_large_image\" \/>\n<meta name=\"twitter:label1\" content=\"Escrito por\" \/>\n\t<meta name=\"twitter:data1\" content=\"Arantxa Lamas\" \/>\n\t<meta name=\"twitter:label2\" content=\"Tiempo de lectura\" \/>\n\t<meta name=\"twitter:data2\" content=\"4 minutos\" \/>\n<script type=\"application\/ld+json\" class=\"yoast-schema-graph\">{\"@context\":\"https:\/\/schema.org\",\"@graph\":[{\"@type\":\"Article\",\"@id\":\"https:\/\/metodoformacion.com\/blog\/cursos-formacion-profesional-para-el-empleo\/#article\",\"isPartOf\":{\"@id\":\"https:\/\/metodoformacion.com\/blog\/cursos-formacion-profesional-para-el-empleo\/\"},\"author\":{\"name\":\"Arantxa Lamas\",\"@id\":\"https:\/\/metodoformacion.com\/blog\/#\/schema\/person\/24dae8e4739a10c242abb3f3bdc6ca2a\"},\"headline\":\"Vuelta al cole 2021, \u00a1f\u00f3rmate para el presente!\",\"datePublished\":\"2021-09-01T09:25:41+00:00\",\"dateModified\":\"2021-09-01T09:25:41+00:00\",\"mainEntityOfPage\":{\"@id\":\"https:\/\/metodoformacion.com\/blog\/cursos-formacion-profesional-para-el-empleo\/\"},\"wordCount\":734,\"commentCount\":0,\"publisher\":{\"@id\":\"https:\/\/metodoformacion.com\/blog\/#organization\"},\"articleSection\":[\"Cursos gratis\",\"Formaci\u00f3n subvencionada\"],\"inLanguage\":\"es\",\"potentialAction\":[{\"@type\":\"CommentAction\",\"name\":\"Comment\",\"target\":[\"https:\/\/metodoformacion.com\/blog\/cursos-formacion-profesional-para-el-empleo\/#respond\"]}]},{\"@type\":\"WebPage\",\"@id\":\"https:\/\/metodoformacion.com\/blog\/cursos-formacion-profesional-para-el-empleo\/\",\"url\":\"https:\/\/metodoformacion.com\/blog\/cursos-formacion-profesional-para-el-empleo\/\",\"name\":\"Cursos de Formaci\u00f3n Profesional para el Empleo | Blog Grupo M\u00e9todo\",\"isPartOf\":{\"@id\":\"https:\/\/metodoformacion.com\/blog\/#website\"},\"datePublished\":\"2021-09-01T09:25:41+00:00\",\"dateModified\":\"2021-09-01T09:25:41+00:00\",\"description\":\"Prep\u00e1rate para el presente con nuestros cursos de Formaci\u00f3n Profesional para el Empleo. \u00a1Vuelta al cole con Grupo M\u00e9todo!\",\"breadcrumb\":{\"@id\":\"https:\/\/metodoformacion.com\/blog\/cursos-formacion-profesional-para-el-empleo\/#breadcrumb\"},\"inLanguage\":\"es\",\"potentialAction\":[{\"@type\":\"ReadAction\",\"target\":[\"https:\/\/metodoformacion.com\/blog\/cursos-formacion-profesional-para-el-empleo\/\"]}]},{\"@type\":\"BreadcrumbList\",\"@id\":\"https:\/\/metodoformacion.com\/blog\/cursos-formacion-profesional-para-el-empleo\/#breadcrumb\",\"itemListElement\":[{\"@type\":\"ListItem\",\"position\":1,\"name\":\"Inicio\",\"item\":\"https:\/\/metodoformacion.com\/blog\/\"},{\"@type\":\"ListItem\",\"position\":2,\"name\":\"Vuelta al cole 2021, \u00a1f\u00f3rmate para el presente!\"}]},{\"@type\":\"WebSite\",\"@id\":\"https:\/\/metodoformacion.com\/blog\/#website\",\"url\":\"https:\/\/metodoformacion.com\/blog\/\",\"name\":\"Blog sobre formaci\u00f3n subvencionada y empleo\",\"description\":\"\",\"publisher\":{\"@id\":\"https:\/\/metodoformacion.com\/blog\/#organization\"},\"potentialAction\":[{\"@type\":\"SearchAction\",\"target\":{\"@type\":\"EntryPoint\",\"urlTemplate\":\"https:\/\/metodoformacion.com\/blog\/?s={search_term_string}\"},\"query-input\":\"required name=search_term_string\"}],\"inLanguage\":\"es\"},{\"@type\":\"Organization\",\"@id\":\"https:\/\/metodoformacion.com\/blog\/#organization\",\"name\":\"Grupo M\u00e9todo\",\"url\":\"https:\/\/metodoformacion.com\/blog\/\",\"logo\":{\"@type\":\"ImageObject\",\"inLanguage\":\"es\",\"@id\":\"https:\/\/metodoformacion.com\/blog\/#\/schema\/logo\/image\/\",\"url\":\"https:\/\/metodoformacion.com\/blog\/wp-content\/uploads\/2019\/12\/logo-transparente.png\",\"contentUrl\":\"https:\/\/metodoformacion.com\/blog\/wp-content\/uploads\/2019\/12\/logo-transparente.png\",\"width\":160,\"height\":70,\"caption\":\"Grupo M\u00e9todo\"},\"image\":{\"@id\":\"https:\/\/metodoformacion.com\/blog\/#\/schema\/logo\/image\/\"}},{\"@type\":\"Person\",\"@id\":\"https:\/\/metodoformacion.com\/blog\/#\/schema\/person\/24dae8e4739a10c242abb3f3bdc6ca2a\",\"name\":\"Arantxa Lamas\",\"image\":{\"@type\":\"ImageObject\",\"inLanguage\":\"es\",\"@id\":\"https:\/\/metodoformacion.com\/blog\/#\/schema\/person\/image\/\",\"url\":\"https:\/\/secure.gravatar.com\/avatar\/26efd1f655893e370678c140563554cb?s=96&r=g\",\"contentUrl\":\"https:\/\/secure.gravatar.com\/avatar\/26efd1f655893e370678c140563554cb?s=96&r=g\",\"caption\":\"Arantxa Lamas\"},\"description\":\"Departamento de Marketing y Comunicaci\u00f3n de Grupo M\u00e9todo: responsable de contenidos y medios digitales.\",\"url\":\"https:\/\/metodoformacion.com\/blog\/author\/arantxa-lamas\/\"}]}<\/script>\n<!-- \/ Yoast SEO plugin. -->","yoast_head_json":{"title":"Cursos de Formaci\u00f3n Profesional para el Empleo | Blog Grupo M\u00e9todo","description":"Prep\u00e1rate para el presente con nuestros cursos de Formaci\u00f3n Profesional para el Empleo. \u00a1Vuelta al cole con Grupo M\u00e9todo!","robots":{"index":"index","follow":"follow","max-snippet":"max-snippet:-1","max-image-preview":"max-image-preview:large","max-video-preview":"max-video-preview:-1"},"canonical":"https:\/\/metodoformacion.com\/blog\/cursos-formacion-profesional-para-el-empleo\/","og_locale":"es_ES","og_type":"article","og_title":"Cursos de Formaci\u00f3n Profesional para el Empleo | Blog Grupo M\u00e9todo","og_description":"Prep\u00e1rate para el presente con nuestros cursos de Formaci\u00f3n Profesional para el Empleo. \u00a1Vuelta al cole con Grupo M\u00e9todo!","og_url":"https:\/\/metodoformacion.com\/blog\/cursos-formacion-profesional-para-el-empleo\/","og_site_name":"Blog sobre formaci\u00f3n subvencionada y empleo","article_published_time":"2021-09-01T09:25:41+00:00","og_image":[{"width":650,"height":325,"url":"https:\/\/metodoformacion.com\/blog\/wp-content\/uploads\/2021\/08\/vuelve-al-cole.jpg","type":"image\/jpeg"}],"author":"Arantxa Lamas","twitter_card":"summary_large_image","twitter_misc":{"Escrito por":"Arantxa Lamas","Tiempo de lectura":"4 minutos"},"schema":{"@context":"https:\/\/schema.org","@graph":[{"@type":"Article","@id":"https:\/\/metodoformacion.com\/blog\/cursos-formacion-profesional-para-el-empleo\/#article","isPartOf":{"@id":"https:\/\/metodoformacion.com\/blog\/cursos-formacion-profesional-para-el-empleo\/"},"author":{"name":"Arantxa Lamas","@id":"https:\/\/metodoformacion.com\/blog\/#\/schema\/person\/24dae8e4739a10c242abb3f3bdc6ca2a"},"headline":"Vuelta al cole 2021, \u00a1f\u00f3rmate para el presente!","datePublished":"2021-09-01T09:25:41+00:00","dateModified":"2021-09-01T09:25:41+00:00","mainEntityOfPage":{"@id":"https:\/\/metodoformacion.com\/blog\/cursos-formacion-profesional-para-el-empleo\/"},"wordCount":734,"commentCount":0,"publisher":{"@id":"https:\/\/metodoformacion.com\/blog\/#organization"},"articleSection":["Cursos gratis","Formaci\u00f3n subvencionada"],"inLanguage":"es","potentialAction":[{"@type":"CommentAction","name":"Comment","target":["https:\/\/metodoformacion.com\/blog\/cursos-formacion-profesional-para-el-empleo\/#respond"]}]},{"@type":"WebPage","@id":"https:\/\/metodoformacion.com\/blog\/cursos-formacion-profesional-para-el-empleo\/","url":"https:\/\/metodoformacion.com\/blog\/cursos-formacion-profesional-para-el-empleo\/","name":"Cursos de Formaci\u00f3n Profesional para el Empleo | Blog Grupo M\u00e9todo","isPartOf":{"@id":"https:\/\/metodoformacion.com\/blog\/#website"},"datePublished":"2021-09-01T09:25:41+00:00","dateModified":"2021-09-01T09:25:41+00:00","description":"Prep\u00e1rate para el presente con nuestros cursos de Formaci\u00f3n Profesional para el Empleo. \u00a1Vuelta al cole con Grupo M\u00e9todo!","breadcrumb":{"@id":"https:\/\/metodoformacion.com\/blog\/cursos-formacion-profesional-para-el-empleo\/#breadcrumb"},"inLanguage":"es","potentialAction":[{"@type":"ReadAction","target":["https:\/\/metodoformacion.com\/blog\/cursos-formacion-profesional-para-el-empleo\/"]}]},{"@type":"BreadcrumbList","@id":"https:\/\/metodoformacion.com\/blog\/cursos-formacion-profesional-para-el-empleo\/#breadcrumb","itemListElement":[{"@type":"ListItem","position":1,"name":"Inicio","item":"https:\/\/metodoformacion.com\/blog\/"},{"@type":"ListItem","position":2,"name":"Vuelta al cole 2021, \u00a1f\u00f3rmate para el presente!"}]},{"@type":"WebSite","@id":"https:\/\/metodoformacion.com\/blog\/#website","url":"https:\/\/metodoformacion.com\/blog\/","name":"Blog sobre formaci\u00f3n subvencionada y empleo","description":"","publisher":{"@id":"https:\/\/metodoformacion.com\/blog\/#organization"},"potentialAction":[{"@type":"SearchAction","target":{"@type":"EntryPoint","urlTemplate":"https:\/\/metodoformacion.com\/blog\/?s={search_term_string}"},"query-input":"required name=search_term_string"}],"inLanguage":"es"},{"@type":"Organization","@id":"https:\/\/metodoformacion.com\/blog\/#organization","name":"Grupo M\u00e9todo","url":"https:\/\/metodoformacion.com\/blog\/","logo":{"@type":"ImageObject","inLanguage":"es","@id":"https:\/\/metodoformacion.com\/blog\/#\/schema\/logo\/image\/","url":"https:\/\/metodoformacion.com\/blog\/wp-content\/uploads\/2019\/12\/logo-transparente.png","contentUrl":"https:\/\/metodoformacion.com\/blog\/wp-content\/uploads\/2019\/12\/logo-transparente.png","width":160,"height":70,"caption":"Grupo M\u00e9todo"},"image":{"@id":"https:\/\/metodoformacion.com\/blog\/#\/schema\/logo\/image\/"}},{"@type":"Person","@id":"https:\/\/metodoformacion.com\/blog\/#\/schema\/person\/24dae8e4739a10c242abb3f3bdc6ca2a","name":"Arantxa Lamas","image":{"@type":"ImageObject","inLanguage":"es","@id":"https:\/\/metodoformacion.com\/blog\/#\/schema\/person\/image\/","url":"https:\/\/secure.gravatar.com\/avatar\/26efd1f655893e370678c140563554cb?s=96&r=g","contentUrl":"https:\/\/secure.gravatar.com\/avatar\/26efd1f655893e370678c140563554cb?s=96&r=g","caption":"Arantxa Lamas"},"description":"Departamento de Marketing y Comunicaci\u00f3n de Grupo M\u00e9todo: responsable de contenidos y medios digitales.","url":"https:\/\/metodoformacion.com\/blog\/author\/arantxa-lamas\/"}]}},"_links":{"self":[{"href":"https:\/\/metodoformacion.com\/blog\/wp-json\/wp\/v2\/posts\/1987"}],"collection":[{"href":"https:\/\/metodoformacion.com\/blog\/wp-json\/wp\/v2\/posts"}],"about":[{"href":"https:\/\/metodoformacion.com\/blog\/wp-json\/wp\/v2\/types\/post"}],"author":[{"embeddable":true,"href":"https:\/\/metodoformacion.com\/blog\/wp-json\/wp\/v2\/users\/2"}],"replies":[{"embeddable":true,"href":"https:\/\/metodoformacion.com\/blog\/wp-json\/wp\/v2\/comments?post=1987"}],"version-history":[{"count":5,"href":"https:\/\/metodoformacion.com\/blog\/wp-json\/wp\/v2\/posts\/1987\/revisions"}],"predecessor-version":[{"id":1995,"href":"https:\/\/metodoformacion.com\/blog\/wp-json\/wp\/v2\/posts\/1987\/revisions\/1995"}],"wp:featuredmedia":[{"embeddable":true,"href":"https:\/\/metodoformacion.com\/blog\/wp-json\/wp\/v2\/media\/1992"}],"wp:attachment":[{"href":"https:\/\/metodoformacion.com\/blog\/wp-json\/wp\/v2\/media?parent=1987"}],"wp:term":[{"taxonomy":"category","embeddable":true,"href":"https:\/\/metodoformacion.com\/blog\/wp-json\/wp\/v2\/categories?post=1987"},{"taxonomy":"post_tag","embeddable":true,"href":"https:\/\/metodoformacion.com\/blog\/wp-json\/wp\/v2\/tags?post=1987"}],"curies":[{"name":"wp","href":"https:\/\/api.w.org\/{rel}","templated":true}]}}