{"id":2088,"date":"2021-11-03T11:14:32","date_gmt":"2021-11-03T11:14:32","guid":{"rendered":"https:\/\/metodoformacion.com\/blog\/?p=2088"},"modified":"2021-11-04T08:34:11","modified_gmt":"2021-11-04T08:34:11","slug":"competencias-transversales-mercado-trabajo","status":"publish","type":"post","link":"https:\/\/metodoformacion.com\/blog\/competencias-transversales-mercado-trabajo\/","title":{"rendered":"Jornada Competencias transversales en el mercado de trabajo"},"content":{"rendered":"<p>El jueves 18 de noviembre se celebra en Nigr\u00e1n una jornada sobre competencias transversales en el mercado de trabajo, basada en los resultados del proyecto europeo Unifors, parte del <a href=\"https:\/\/metodoformacion.com\/blog\/que-es-erasmus-plus\/\" target=\"_blank\" rel=\"noopener noreferrer\"><span style=\"color: #e94683;\">programa Erasmus+<\/span><\/a>.<\/p>\n<div id=\"ez-toc-container\" class=\"ez-toc-v2_0_62 counter-hierarchy ez-toc-counter ez-toc-custom ez-toc-container-direction\">\n<p class=\"ez-toc-title\">Hablamos sobre...<\/p>\n<label for=\"ez-toc-cssicon-toggle-item-69f5cc1b967cf\" class=\"ez-toc-cssicon-toggle-label\"><span class=\"\"><span class=\"eztoc-hide\" style=\"display:none;\">Toggle<\/span><span class=\"ez-toc-icon-toggle-span\"><svg style=\"fill: #000000;color:#000000\" xmlns=\"http:\/\/www.w3.org\/2000\/svg\" class=\"list-377408\" width=\"20px\" height=\"20px\" viewBox=\"0 0 24 24\" fill=\"none\"><path d=\"M6 6H4v2h2V6zm14 0H8v2h12V6zM4 11h2v2H4v-2zm16 0H8v2h12v-2zM4 16h2v2H4v-2zm16 0H8v2h12v-2z\" fill=\"currentColor\"><\/path><\/svg><svg style=\"fill: #000000;color:#000000\" class=\"arrow-unsorted-368013\" xmlns=\"http:\/\/www.w3.org\/2000\/svg\" width=\"10px\" height=\"10px\" viewBox=\"0 0 24 24\" version=\"1.2\" baseProfile=\"tiny\"><path d=\"M18.2 9.3l-6.2-6.3-6.2 6.3c-.2.2-.3.4-.3.7s.1.5.3.7c.2.2.4.3.7.3h11c.3 0 .5-.1.7-.3.2-.2.3-.5.3-.7s-.1-.5-.3-.7zM5.8 14.7l6.2 6.3 6.2-6.3c.2-.2.3-.5.3-.7s-.1-.5-.3-.7c-.2-.2-.4-.3-.7-.3h-11c-.3 0-.5.1-.7.3-.2.2-.3.5-.3.7s.1.5.3.7z\"\/><\/svg><\/span><\/span><\/label><input type=\"checkbox\"  id=\"ez-toc-cssicon-toggle-item-69f5cc1b967cf\" checked aria-label=\"Toggle\" \/><nav><ul class='ez-toc-list ez-toc-list-level-1 ' ><li class='ez-toc-page-1 ez-toc-heading-level-2'><a class=\"ez-toc-link ez-toc-heading-1\" href=\"https:\/\/metodoformacion.com\/blog\/competencias-transversales-mercado-trabajo\/#Parte_de_un_proyecto_europeo\" title=\"Parte de un proyecto europeo\">Parte de un proyecto europeo<\/a><ul class='ez-toc-list-level-3' ><li class='ez-toc-heading-level-3'><a class=\"ez-toc-link ez-toc-heading-2\" href=\"https:\/\/metodoformacion.com\/blog\/competencias-transversales-mercado-trabajo\/#En_que_consiste_la_jornada\" title=\"En qu\u00e9 consiste la jornada\">En qu\u00e9 consiste la jornada<\/a><ul class='ez-toc-list-level-4' ><li class='ez-toc-heading-level-4'><a class=\"ez-toc-link ez-toc-heading-3\" href=\"https:\/\/metodoformacion.com\/blog\/competencias-transversales-mercado-trabajo\/#Las_ponencias\" title=\"Las ponencias\">Las ponencias<\/a><\/li><li class='ez-toc-page-1 ez-toc-heading-level-4'><a class=\"ez-toc-link ez-toc-heading-4\" href=\"https:\/\/metodoformacion.com\/blog\/competencias-transversales-mercado-trabajo\/#%C2%BFQuieres_venir\" title=\"\u00bfQuieres venir?\">\u00bfQuieres venir?<\/a><\/li><\/ul><\/li><\/ul><\/li><\/ul><\/nav><\/div>\n<h2><span class=\"ez-toc-section\" id=\"Parte_de_un_proyecto_europeo\"><\/span>Parte de un proyecto europeo<span class=\"ez-toc-section-end\"><\/span><\/h2>\n<p>La jornada est\u00e1 organizada por la Universidad de Vigo y cuenta con la colaboraci\u00f3n de Grupo M\u00e9todo, como socios del proyecto europeo Unifors, y con la colaboraci\u00f3n del Consorcio Zona Franca de Vigo, que cede el Centro de Negocios Porto do Molle de Nigr\u00e1n (R\u00faa das Pontes V\u00eda A, 4) para la realizaci\u00f3n de la jornada, colabora activamente en la jornada y tambi\u00e9n colabora en el \u00e1mbito de la difusi\u00f3n del evento.<\/p>\n<h3><span class=\"ez-toc-section\" id=\"En_que_consiste_la_jornada\"><\/span>En qu\u00e9 consiste la jornada<span class=\"ez-toc-section-end\"><\/span><\/h3>\n<p>En esta jornada analizaremos la evoluci\u00f3n en el reconocimiento o la importancia de las habilidades transversales -habilidades blandas o soft skills- en el \u00e1mbito laboral en los \u00faltimos a\u00f1os, ya que han pasado de ser puramente anecd\u00f3ticas a ser un factor muy valorado en los procesos de selecci\u00f3n de personal en las empresas.<\/p>\n<p>Las jornadas abrir\u00e1n a las 9:45 con la recepci\u00f3n y la entrega de documentaci\u00f3n y cerrar\u00e1n con el <em>debate, conclusiones y propuestas de acci\u00f3n<\/em>, que empezar\u00e1 a las 13:00 y tendr\u00e1 una duraci\u00f3n aproximada de 45 minutos. Habr\u00e1 tres ponencias, con una pausa en el medio de 45 minutos para caf\u00e9 y networking.<\/p>\n<h4><span class=\"ez-toc-section\" id=\"Las_ponencias\"><\/span><span style=\"color: #000000;\">Las ponencias<\/span><span class=\"ez-toc-section-end\"><\/span><\/h4>\n<p><span style=\"color: #000000;\"><em><span style=\"color: #00bce4;\">\u00a0\u27a1<\/span>\u00a0 \u00bfQu\u00e9 entendemos por competencias transversales? Hacia una clasificaci\u00f3n<\/em><\/span>, por Manuel J. Fern\u00e1ndez Iglesias. Universidad de Vigo<\/p>\n<p><span style=\"color: #000000;\"><em><span style=\"color: #00bce4;\">\u00a0\u27a1<\/span>\u00a0 La demanda de competencias transversales en la empresa. Una perspectiva europea<\/em><\/span>, por Eduardo S\u00e1nchez. M\u00e9todo Estudios Consultores SLU<\/p>\n<p><span style=\"color: #000000;\"><em><span style=\"color: #00bce4;\">\u00a0\u27a1<\/span>\u00a0 Desarrollo de competencias transversales en la empresa. Una propuesta formativa<\/em><\/span>, por Itziar Goicoechea. Universidad de Vigo<\/p>\n<h4><span class=\"ez-toc-section\" id=\"%C2%BFQuieres_venir\"><\/span><span style=\"color: #000000;\">\u00bfQuieres venir?<\/span><span class=\"ez-toc-section-end\"><\/span><\/h4>\n<p>Aqu\u00ed tienes el <a href=\"https:\/\/docs.google.com\/forms\/d\/e\/1FAIpQLSdX204jkiJGIXFcDr_KBst9xjTfYsOYjq-PmOhUz4bOTi2ZwQ\/viewform\" target=\"_blank\" rel=\"noopener noreferrer\"><span style=\"color: #00bce4;\">programa completo y el formulario de inscripci\u00f3n<\/span><\/a> a la jornada sobre competencias transversales en el mercado de trabajo.<\/p>\n<p>Las plazas son limitadas y se adjudicar\u00e1n por orden de inscripci\u00f3n, \u00a1ap\u00fantate ahora!<\/p>\n<p>&nbsp;<\/p>\n<p>&nbsp;<\/p>\n<p>&nbsp;<\/p>\n","protected":false},"excerpt":{"rendered":"<p>El jueves 18 de noviembre se celebra en Nigr\u00e1n una jornada sobre competencias transversales en el mercado de trabajo, basada en los resultados del proyecto europeo Unifors, parte del programa Erasmus+. Parte de un proyecto europeo La jornada est\u00e1 organizada por la Universidad de Vigo y cuenta con la colaboraci\u00f3n de Grupo M\u00e9todo, como socios [&hellip;]<\/p>\n","protected":false},"author":2,"featured_media":2092,"comment_status":"open","ping_status":"open","sticky":false,"template":"","format":"standard","meta":{"_monsterinsights_skip_tracking":false,"_monsterinsights_sitenote_active":false,"_monsterinsights_sitenote_note":"","_monsterinsights_sitenote_category":0},"categories":[29,36,38],"tags":[],"yoast_head":"<!-- This site is optimized with the Yoast SEO plugin v19.14 - https:\/\/yoast.com\/wordpress\/plugins\/seo\/ -->\n<title>Jornada [UVigo] \ud83d\udc49 Competencias transversales en el mercado de trabajo<\/title>\n<meta name=\"description\" content=\"Jornada sobre la evoluci\u00f3n de las soft skills en el mercado laboral, tomando como referencia el \ud83e\udd47 proyecto europeo Unifors\" \/>\n<meta name=\"robots\" content=\"index, follow, max-snippet:-1, max-image-preview:large, max-video-preview:-1\" \/>\n<link rel=\"canonical\" href=\"https:\/\/metodoformacion.com\/blog\/competencias-transversales-mercado-trabajo\/\" \/>\n<meta property=\"og:locale\" content=\"es_ES\" \/>\n<meta property=\"og:type\" content=\"article\" \/>\n<meta property=\"og:title\" content=\"Jornada [UVigo] \ud83d\udc49 Competencias transversales en el mercado de trabajo\" \/>\n<meta property=\"og:description\" content=\"Jornada sobre la evoluci\u00f3n de las soft skills en el mercado laboral, tomando como referencia el \ud83e\udd47 proyecto europeo Unifors\" \/>\n<meta property=\"og:url\" content=\"https:\/\/metodoformacion.com\/blog\/competencias-transversales-mercado-trabajo\/\" \/>\n<meta property=\"og:site_name\" content=\"Blog sobre formaci\u00f3n subvencionada y empleo\" \/>\n<meta property=\"article:published_time\" content=\"2021-11-03T11:14:32+00:00\" \/>\n<meta property=\"article:modified_time\" content=\"2021-11-04T08:34:11+00:00\" \/>\n<meta property=\"og:image\" content=\"https:\/\/metodoformacion.com\/blog\/wp-content\/uploads\/2021\/11\/jornada-uvigo.png\" \/>\n\t<meta property=\"og:image:width\" content=\"650\" \/>\n\t<meta property=\"og:image:height\" content=\"325\" \/>\n\t<meta property=\"og:image:type\" content=\"image\/png\" \/>\n<meta name=\"author\" content=\"Arantxa Lamas\" \/>\n<meta name=\"twitter:card\" content=\"summary_large_image\" \/>\n<meta name=\"twitter:label1\" content=\"Escrito por\" \/>\n\t<meta name=\"twitter:data1\" content=\"Arantxa Lamas\" \/>\n\t<meta name=\"twitter:label2\" content=\"Tiempo de lectura\" \/>\n\t<meta name=\"twitter:data2\" content=\"2 minutos\" \/>\n<script type=\"application\/ld+json\" class=\"yoast-schema-graph\">{\"@context\":\"https:\/\/schema.org\",\"@graph\":[{\"@type\":\"Article\",\"@id\":\"https:\/\/metodoformacion.com\/blog\/competencias-transversales-mercado-trabajo\/#article\",\"isPartOf\":{\"@id\":\"https:\/\/metodoformacion.com\/blog\/competencias-transversales-mercado-trabajo\/\"},\"author\":{\"name\":\"Arantxa Lamas\",\"@id\":\"https:\/\/metodoformacion.com\/blog\/#\/schema\/person\/24dae8e4739a10c242abb3f3bdc6ca2a\"},\"headline\":\"Jornada Competencias transversales en el mercado de trabajo\",\"datePublished\":\"2021-11-03T11:14:32+00:00\",\"dateModified\":\"2021-11-04T08:34:11+00:00\",\"mainEntityOfPage\":{\"@id\":\"https:\/\/metodoformacion.com\/blog\/competencias-transversales-mercado-trabajo\/\"},\"wordCount\":343,\"commentCount\":0,\"publisher\":{\"@id\":\"https:\/\/metodoformacion.com\/blog\/#organization\"},\"articleSection\":[\"Noticias\",\"Proyectos\",\"Recursos Humanos\"],\"inLanguage\":\"es\",\"potentialAction\":[{\"@type\":\"CommentAction\",\"name\":\"Comment\",\"target\":[\"https:\/\/metodoformacion.com\/blog\/competencias-transversales-mercado-trabajo\/#respond\"]}]},{\"@type\":\"WebPage\",\"@id\":\"https:\/\/metodoformacion.com\/blog\/competencias-transversales-mercado-trabajo\/\",\"url\":\"https:\/\/metodoformacion.com\/blog\/competencias-transversales-mercado-trabajo\/\",\"name\":\"Jornada [UVigo] \ud83d\udc49 Competencias transversales en el mercado de trabajo\",\"isPartOf\":{\"@id\":\"https:\/\/metodoformacion.com\/blog\/#website\"},\"datePublished\":\"2021-11-03T11:14:32+00:00\",\"dateModified\":\"2021-11-04T08:34:11+00:00\",\"description\":\"Jornada sobre la evoluci\u00f3n de las soft skills en el mercado laboral, tomando como referencia el \ud83e\udd47 proyecto europeo Unifors\",\"breadcrumb\":{\"@id\":\"https:\/\/metodoformacion.com\/blog\/competencias-transversales-mercado-trabajo\/#breadcrumb\"},\"inLanguage\":\"es\",\"potentialAction\":[{\"@type\":\"ReadAction\",\"target\":[\"https:\/\/metodoformacion.com\/blog\/competencias-transversales-mercado-trabajo\/\"]}]},{\"@type\":\"BreadcrumbList\",\"@id\":\"https:\/\/metodoformacion.com\/blog\/competencias-transversales-mercado-trabajo\/#breadcrumb\",\"itemListElement\":[{\"@type\":\"ListItem\",\"position\":1,\"name\":\"Inicio\",\"item\":\"https:\/\/metodoformacion.com\/blog\/\"},{\"@type\":\"ListItem\",\"position\":2,\"name\":\"Jornada Competencias transversales en el mercado de trabajo\"}]},{\"@type\":\"WebSite\",\"@id\":\"https:\/\/metodoformacion.com\/blog\/#website\",\"url\":\"https:\/\/metodoformacion.com\/blog\/\",\"name\":\"Blog sobre formaci\u00f3n subvencionada y empleo\",\"description\":\"\",\"publisher\":{\"@id\":\"https:\/\/metodoformacion.com\/blog\/#organization\"},\"potentialAction\":[{\"@type\":\"SearchAction\",\"target\":{\"@type\":\"EntryPoint\",\"urlTemplate\":\"https:\/\/metodoformacion.com\/blog\/?s={search_term_string}\"},\"query-input\":\"required name=search_term_string\"}],\"inLanguage\":\"es\"},{\"@type\":\"Organization\",\"@id\":\"https:\/\/metodoformacion.com\/blog\/#organization\",\"name\":\"Grupo M\u00e9todo\",\"url\":\"https:\/\/metodoformacion.com\/blog\/\",\"logo\":{\"@type\":\"ImageObject\",\"inLanguage\":\"es\",\"@id\":\"https:\/\/metodoformacion.com\/blog\/#\/schema\/logo\/image\/\",\"url\":\"https:\/\/metodoformacion.com\/blog\/wp-content\/uploads\/2019\/12\/logo-transparente.png\",\"contentUrl\":\"https:\/\/metodoformacion.com\/blog\/wp-content\/uploads\/2019\/12\/logo-transparente.png\",\"width\":160,\"height\":70,\"caption\":\"Grupo M\u00e9todo\"},\"image\":{\"@id\":\"https:\/\/metodoformacion.com\/blog\/#\/schema\/logo\/image\/\"}},{\"@type\":\"Person\",\"@id\":\"https:\/\/metodoformacion.com\/blog\/#\/schema\/person\/24dae8e4739a10c242abb3f3bdc6ca2a\",\"name\":\"Arantxa Lamas\",\"image\":{\"@type\":\"ImageObject\",\"inLanguage\":\"es\",\"@id\":\"https:\/\/metodoformacion.com\/blog\/#\/schema\/person\/image\/\",\"url\":\"https:\/\/secure.gravatar.com\/avatar\/26efd1f655893e370678c140563554cb?s=96&r=g\",\"contentUrl\":\"https:\/\/secure.gravatar.com\/avatar\/26efd1f655893e370678c140563554cb?s=96&r=g\",\"caption\":\"Arantxa Lamas\"},\"description\":\"Departamento de Marketing y Comunicaci\u00f3n de Grupo M\u00e9todo: responsable de contenidos y medios digitales.\",\"url\":\"https:\/\/metodoformacion.com\/blog\/author\/arantxa-lamas\/\"}]}<\/script>\n<!-- \/ Yoast SEO plugin. -->","yoast_head_json":{"title":"Jornada [UVigo] \ud83d\udc49 Competencias transversales en el mercado de trabajo","description":"Jornada sobre la evoluci\u00f3n de las soft skills en el mercado laboral, tomando como referencia el \ud83e\udd47 proyecto europeo Unifors","robots":{"index":"index","follow":"follow","max-snippet":"max-snippet:-1","max-image-preview":"max-image-preview:large","max-video-preview":"max-video-preview:-1"},"canonical":"https:\/\/metodoformacion.com\/blog\/competencias-transversales-mercado-trabajo\/","og_locale":"es_ES","og_type":"article","og_title":"Jornada [UVigo] \ud83d\udc49 Competencias transversales en el mercado de trabajo","og_description":"Jornada sobre la evoluci\u00f3n de las soft skills en el mercado laboral, tomando como referencia el \ud83e\udd47 proyecto europeo Unifors","og_url":"https:\/\/metodoformacion.com\/blog\/competencias-transversales-mercado-trabajo\/","og_site_name":"Blog sobre formaci\u00f3n subvencionada y empleo","article_published_time":"2021-11-03T11:14:32+00:00","article_modified_time":"2021-11-04T08:34:11+00:00","og_image":[{"width":650,"height":325,"url":"https:\/\/metodoformacion.com\/blog\/wp-content\/uploads\/2021\/11\/jornada-uvigo.png","type":"image\/png"}],"author":"Arantxa Lamas","twitter_card":"summary_large_image","twitter_misc":{"Escrito por":"Arantxa Lamas","Tiempo de lectura":"2 minutos"},"schema":{"@context":"https:\/\/schema.org","@graph":[{"@type":"Article","@id":"https:\/\/metodoformacion.com\/blog\/competencias-transversales-mercado-trabajo\/#article","isPartOf":{"@id":"https:\/\/metodoformacion.com\/blog\/competencias-transversales-mercado-trabajo\/"},"author":{"name":"Arantxa Lamas","@id":"https:\/\/metodoformacion.com\/blog\/#\/schema\/person\/24dae8e4739a10c242abb3f3bdc6ca2a"},"headline":"Jornada Competencias transversales en el mercado de trabajo","datePublished":"2021-11-03T11:14:32+00:00","dateModified":"2021-11-04T08:34:11+00:00","mainEntityOfPage":{"@id":"https:\/\/metodoformacion.com\/blog\/competencias-transversales-mercado-trabajo\/"},"wordCount":343,"commentCount":0,"publisher":{"@id":"https:\/\/metodoformacion.com\/blog\/#organization"},"articleSection":["Noticias","Proyectos","Recursos Humanos"],"inLanguage":"es","potentialAction":[{"@type":"CommentAction","name":"Comment","target":["https:\/\/metodoformacion.com\/blog\/competencias-transversales-mercado-trabajo\/#respond"]}]},{"@type":"WebPage","@id":"https:\/\/metodoformacion.com\/blog\/competencias-transversales-mercado-trabajo\/","url":"https:\/\/metodoformacion.com\/blog\/competencias-transversales-mercado-trabajo\/","name":"Jornada [UVigo] \ud83d\udc49 Competencias transversales en el mercado de trabajo","isPartOf":{"@id":"https:\/\/metodoformacion.com\/blog\/#website"},"datePublished":"2021-11-03T11:14:32+00:00","dateModified":"2021-11-04T08:34:11+00:00","description":"Jornada sobre la evoluci\u00f3n de las soft skills en el mercado laboral, tomando como referencia el \ud83e\udd47 proyecto europeo Unifors","breadcrumb":{"@id":"https:\/\/metodoformacion.com\/blog\/competencias-transversales-mercado-trabajo\/#breadcrumb"},"inLanguage":"es","potentialAction":[{"@type":"ReadAction","target":["https:\/\/metodoformacion.com\/blog\/competencias-transversales-mercado-trabajo\/"]}]},{"@type":"BreadcrumbList","@id":"https:\/\/metodoformacion.com\/blog\/competencias-transversales-mercado-trabajo\/#breadcrumb","itemListElement":[{"@type":"ListItem","position":1,"name":"Inicio","item":"https:\/\/metodoformacion.com\/blog\/"},{"@type":"ListItem","position":2,"name":"Jornada Competencias transversales en el mercado de trabajo"}]},{"@type":"WebSite","@id":"https:\/\/metodoformacion.com\/blog\/#website","url":"https:\/\/metodoformacion.com\/blog\/","name":"Blog sobre formaci\u00f3n subvencionada y empleo","description":"","publisher":{"@id":"https:\/\/metodoformacion.com\/blog\/#organization"},"potentialAction":[{"@type":"SearchAction","target":{"@type":"EntryPoint","urlTemplate":"https:\/\/metodoformacion.com\/blog\/?s={search_term_string}"},"query-input":"required name=search_term_string"}],"inLanguage":"es"},{"@type":"Organization","@id":"https:\/\/metodoformacion.com\/blog\/#organization","name":"Grupo M\u00e9todo","url":"https:\/\/metodoformacion.com\/blog\/","logo":{"@type":"ImageObject","inLanguage":"es","@id":"https:\/\/metodoformacion.com\/blog\/#\/schema\/logo\/image\/","url":"https:\/\/metodoformacion.com\/blog\/wp-content\/uploads\/2019\/12\/logo-transparente.png","contentUrl":"https:\/\/metodoformacion.com\/blog\/wp-content\/uploads\/2019\/12\/logo-transparente.png","width":160,"height":70,"caption":"Grupo M\u00e9todo"},"image":{"@id":"https:\/\/metodoformacion.com\/blog\/#\/schema\/logo\/image\/"}},{"@type":"Person","@id":"https:\/\/metodoformacion.com\/blog\/#\/schema\/person\/24dae8e4739a10c242abb3f3bdc6ca2a","name":"Arantxa Lamas","image":{"@type":"ImageObject","inLanguage":"es","@id":"https:\/\/metodoformacion.com\/blog\/#\/schema\/person\/image\/","url":"https:\/\/secure.gravatar.com\/avatar\/26efd1f655893e370678c140563554cb?s=96&r=g","contentUrl":"https:\/\/secure.gravatar.com\/avatar\/26efd1f655893e370678c140563554cb?s=96&r=g","caption":"Arantxa Lamas"},"description":"Departamento de Marketing y Comunicaci\u00f3n de Grupo M\u00e9todo: responsable de contenidos y medios digitales.","url":"https:\/\/metodoformacion.com\/blog\/author\/arantxa-lamas\/"}]}},"_links":{"self":[{"href":"https:\/\/metodoformacion.com\/blog\/wp-json\/wp\/v2\/posts\/2088"}],"collection":[{"href":"https:\/\/metodoformacion.com\/blog\/wp-json\/wp\/v2\/posts"}],"about":[{"href":"https:\/\/metodoformacion.com\/blog\/wp-json\/wp\/v2\/types\/post"}],"author":[{"embeddable":true,"href":"https:\/\/metodoformacion.com\/blog\/wp-json\/wp\/v2\/users\/2"}],"replies":[{"embeddable":true,"href":"https:\/\/metodoformacion.com\/blog\/wp-json\/wp\/v2\/comments?post=2088"}],"version-history":[{"count":7,"href":"https:\/\/metodoformacion.com\/blog\/wp-json\/wp\/v2\/posts\/2088\/revisions"}],"predecessor-version":[{"id":2129,"href":"https:\/\/metodoformacion.com\/blog\/wp-json\/wp\/v2\/posts\/2088\/revisions\/2129"}],"wp:featuredmedia":[{"embeddable":true,"href":"https:\/\/metodoformacion.com\/blog\/wp-json\/wp\/v2\/media\/2092"}],"wp:attachment":[{"href":"https:\/\/metodoformacion.com\/blog\/wp-json\/wp\/v2\/media?parent=2088"}],"wp:term":[{"taxonomy":"category","embeddable":true,"href":"https:\/\/metodoformacion.com\/blog\/wp-json\/wp\/v2\/categories?post=2088"},{"taxonomy":"post_tag","embeddable":true,"href":"https:\/\/metodoformacion.com\/blog\/wp-json\/wp\/v2\/tags?post=2088"}],"curies":[{"name":"wp","href":"https:\/\/api.w.org\/{rel}","templated":true}]}}