{"id":2166,"date":"2021-11-05T17:25:33","date_gmt":"2021-11-05T17:25:33","guid":{"rendered":"https:\/\/metodoformacion.com\/blog\/?p=2166"},"modified":"2021-11-05T17:26:00","modified_gmt":"2021-11-05T17:26:00","slug":"grupo-metodo-participa-imcl-2021","status":"publish","type":"post","link":"https:\/\/metodoformacion.com\/blog\/grupo-metodo-participa-imcl-2021\/","title":{"rendered":"Grupo M\u00e9todo participa en la IMCL 2021"},"content":{"rendered":"<p>La <a href=\"http:\/\/www.imcl-conference.org\/\" target=\"_blank\" rel=\"noopener noreferrer\"><span style=\"color: #0093d1;\">14\u00aa Conferencia Internacional sobre Tecnolog\u00edas de Comunicaci\u00f3n M\u00f3vil Interactiva y Aprendizaje<\/span><\/a>, IMCL 2021\u00a0 se ha celebrado los d\u00edas 4 y 5 de noviembre 2021 de forma virtual, debido a las actuales restricciones en Grecia, donde estaba prevista su celebraci\u00f3n, debido al COVID-19.<\/p>\n<p>La conferencia IMCL2021 cubre todos los aspectos del aprendizaje m\u00f3vil, as\u00ed como la aparici\u00f3n de tecnolog\u00edas, infraestructuras y servicios de comunicaci\u00f3n m\u00f3vil y sus implicaciones para la<br \/>\neducaci\u00f3n, las empresas, los gobiernos y la sociedad. A su vez tiene como objetivo promover el desarrollo del aprendizaje m\u00f3vil, proporcionar un foro para la educaci\u00f3n y la transferencia de<br \/>\nconocimiento, exponer a los estudiantes a las \u00faltimas tecnolog\u00edas TIC y fomentar el estudio y la implementaci\u00f3n de aplicaciones m\u00f3viles en la ense\u00f1anza y el aprendizaje.<\/p>\n<p>El <a href=\"https:\/\/www.iti.gr\/iti\/index.html\" target=\"_blank\" rel=\"noopener noreferrer\"><span style=\"color: #0093d1;\">Instituto de Tecnolog\u00edas de la Informaci\u00f3n de CERTH<\/span><\/a> y <a href=\"https:\/\/www.metodogrupo.com\/es\/proyectos\" target=\"_blank\" rel=\"noopener noreferrer\"><span style=\"color: #0093d1;\">Grupo M\u00e9todo<\/span><\/a> han presentado un art\u00edculo conjunto titulado \u201cUso de an\u00e1lisis visual para el apoyo de ense\u00f1anza ling\u00fc\u00edstica a migrantes basada en escenarios\u201d. El art\u00edculo recoge el trabajo realizado hasta ahora en este campo dentro del <a href=\"https:\/\/welcome-h2020.eu\/\" target=\"_blank\" rel=\"noopener noreferrer\"><span style=\"color: #e94683;\">proyecto WELCOME<\/span><\/a>.<\/p>\n<p><img loading=\"lazy\" class=\"wp-image-2171 alignleft\" src=\"https:\/\/metodoformacion.com\/blog\/wp-content\/uploads\/2021\/11\/welcome_logo_blue.png\" alt=\"proyecto welcome\" width=\"240\" height=\"109\" srcset=\"https:\/\/metodoformacion.com\/blog\/wp-content\/uploads\/2021\/11\/welcome_logo_blue.png 800w, https:\/\/metodoformacion.com\/blog\/wp-content\/uploads\/2021\/11\/welcome_logo_blue-300x136.png 300w, https:\/\/metodoformacion.com\/blog\/wp-content\/uploads\/2021\/11\/welcome_logo_blue-768x348.png 768w\" sizes=\"(max-width: 240px) 100vw, 240px\" \/>\u00a0 WELCOME es un proyecto financiado por el programa H2020 de la Comisi\u00f3n Europea y que tiene como objetivo investigar y desarrollar tecnolog\u00edas inteligentes para apoyar la recepci\u00f3n e integraci\u00f3n de migrantes y refugiados en Europa. WELCOME ofrecer\u00e1 una soluci\u00f3n personalizada, psicol\u00f3gica y socialmente competente tanto para migrantes y refugiados como para las administraciones p\u00fablicas. Desarrollar\u00e1 servicios inmersivos e inteligentes, en los que agentes multiling\u00fces inteligentes encarnados actuar\u00e1n como asistentes personalizados dedicados de migrantes y refugiados en contextos de registro, orientaci\u00f3n, ense\u00f1anza de idiomas, educaci\u00f3n c\u00edvica e inclusi\u00f3n social y social.<\/p>\n<p>La presentaci\u00f3n la ha realizado Grigoriz Tzionis de ITI-CERTH, y <a href=\"https:\/\/doi.org\/10.5281\/zenodo.5567028\" target=\"_blank\" rel=\"noopener noreferrer\"><span style=\"color: #000000;\">el art\u00edculo completo puede leerse en ingl\u00e9s aqu\u00ed mismo<\/span><\/a>.<\/p>\n<p>&nbsp;<\/p>\n<p>&nbsp;<\/p>\n","protected":false},"excerpt":{"rendered":"<p>La 14\u00aa Conferencia Internacional sobre Tecnolog\u00edas de Comunicaci\u00f3n M\u00f3vil Interactiva y Aprendizaje, IMCL 2021\u00a0 se ha celebrado los d\u00edas 4 y 5 de noviembre 2021 de forma virtual, debido a las actuales restricciones en Grecia, donde estaba prevista su celebraci\u00f3n, debido al COVID-19. La conferencia IMCL2021 cubre todos los aspectos del aprendizaje m\u00f3vil, as\u00ed como [&hellip;]<\/p>\n","protected":false},"author":2,"featured_media":2170,"comment_status":"open","ping_status":"open","sticky":false,"template":"","format":"standard","meta":{"_monsterinsights_skip_tracking":false,"_monsterinsights_sitenote_active":false,"_monsterinsights_sitenote_note":"","_monsterinsights_sitenote_category":0},"categories":[29,36],"tags":[],"yoast_head":"<!-- This site is optimized with the Yoast SEO plugin v19.14 - https:\/\/yoast.com\/wordpress\/plugins\/seo\/ -->\n<title>[Noticias] \ud83d\udc49 Grupo M\u00e9todo participa en la IMCL 2021<\/title>\n<meta name=\"description\" content=\"Termina la 14\u00aa Conferencia Internacional sobre Tecnolog\u00edas de Comunicaci\u00f3n M\u00f3vil Interactiva y Aprendizaje en la que hemos participado \ud83d\ude80\" \/>\n<meta name=\"robots\" content=\"index, follow, max-snippet:-1, max-image-preview:large, max-video-preview:-1\" \/>\n<link rel=\"canonical\" href=\"https:\/\/metodoformacion.com\/blog\/grupo-metodo-participa-imcl-2021\/\" \/>\n<meta property=\"og:locale\" content=\"es_ES\" \/>\n<meta property=\"og:type\" content=\"article\" \/>\n<meta property=\"og:title\" content=\"[Noticias] \ud83d\udc49 Grupo M\u00e9todo participa en la IMCL 2021\" \/>\n<meta property=\"og:description\" content=\"Termina la 14\u00aa Conferencia Internacional sobre Tecnolog\u00edas de Comunicaci\u00f3n M\u00f3vil Interactiva y Aprendizaje en la que hemos participado \ud83d\ude80\" \/>\n<meta property=\"og:url\" content=\"https:\/\/metodoformacion.com\/blog\/grupo-metodo-participa-imcl-2021\/\" \/>\n<meta property=\"og:site_name\" content=\"Blog sobre formaci\u00f3n subvencionada y empleo\" \/>\n<meta property=\"article:published_time\" content=\"2021-11-05T17:25:33+00:00\" \/>\n<meta property=\"article:modified_time\" content=\"2021-11-05T17:26:00+00:00\" \/>\n<meta property=\"og:image\" content=\"https:\/\/metodoformacion.com\/blog\/wp-content\/uploads\/2021\/11\/IMCL2021.png\" \/>\n\t<meta property=\"og:image:width\" content=\"650\" \/>\n\t<meta property=\"og:image:height\" content=\"325\" \/>\n\t<meta property=\"og:image:type\" content=\"image\/png\" \/>\n<meta name=\"author\" content=\"Arantxa Lamas\" \/>\n<meta name=\"twitter:card\" content=\"summary_large_image\" \/>\n<meta name=\"twitter:label1\" content=\"Escrito por\" \/>\n\t<meta name=\"twitter:data1\" content=\"Arantxa Lamas\" \/>\n\t<meta name=\"twitter:label2\" content=\"Tiempo de lectura\" \/>\n\t<meta name=\"twitter:data2\" content=\"2 minutos\" \/>\n<script type=\"application\/ld+json\" class=\"yoast-schema-graph\">{\"@context\":\"https:\/\/schema.org\",\"@graph\":[{\"@type\":\"Article\",\"@id\":\"https:\/\/metodoformacion.com\/blog\/grupo-metodo-participa-imcl-2021\/#article\",\"isPartOf\":{\"@id\":\"https:\/\/metodoformacion.com\/blog\/grupo-metodo-participa-imcl-2021\/\"},\"author\":{\"name\":\"Arantxa Lamas\",\"@id\":\"https:\/\/metodoformacion.com\/blog\/#\/schema\/person\/24dae8e4739a10c242abb3f3bdc6ca2a\"},\"headline\":\"Grupo M\u00e9todo participa en la IMCL 2021\",\"datePublished\":\"2021-11-05T17:25:33+00:00\",\"dateModified\":\"2021-11-05T17:26:00+00:00\",\"mainEntityOfPage\":{\"@id\":\"https:\/\/metodoformacion.com\/blog\/grupo-metodo-participa-imcl-2021\/\"},\"wordCount\":329,\"commentCount\":0,\"publisher\":{\"@id\":\"https:\/\/metodoformacion.com\/blog\/#organization\"},\"articleSection\":[\"Noticias\",\"Proyectos\"],\"inLanguage\":\"es\",\"potentialAction\":[{\"@type\":\"CommentAction\",\"name\":\"Comment\",\"target\":[\"https:\/\/metodoformacion.com\/blog\/grupo-metodo-participa-imcl-2021\/#respond\"]}]},{\"@type\":\"WebPage\",\"@id\":\"https:\/\/metodoformacion.com\/blog\/grupo-metodo-participa-imcl-2021\/\",\"url\":\"https:\/\/metodoformacion.com\/blog\/grupo-metodo-participa-imcl-2021\/\",\"name\":\"[Noticias] \ud83d\udc49 Grupo M\u00e9todo participa en la IMCL 2021\",\"isPartOf\":{\"@id\":\"https:\/\/metodoformacion.com\/blog\/#website\"},\"datePublished\":\"2021-11-05T17:25:33+00:00\",\"dateModified\":\"2021-11-05T17:26:00+00:00\",\"description\":\"Termina la 14\u00aa Conferencia Internacional sobre Tecnolog\u00edas de Comunicaci\u00f3n M\u00f3vil Interactiva y Aprendizaje en la que hemos participado \ud83d\ude80\",\"breadcrumb\":{\"@id\":\"https:\/\/metodoformacion.com\/blog\/grupo-metodo-participa-imcl-2021\/#breadcrumb\"},\"inLanguage\":\"es\",\"potentialAction\":[{\"@type\":\"ReadAction\",\"target\":[\"https:\/\/metodoformacion.com\/blog\/grupo-metodo-participa-imcl-2021\/\"]}]},{\"@type\":\"BreadcrumbList\",\"@id\":\"https:\/\/metodoformacion.com\/blog\/grupo-metodo-participa-imcl-2021\/#breadcrumb\",\"itemListElement\":[{\"@type\":\"ListItem\",\"position\":1,\"name\":\"Inicio\",\"item\":\"https:\/\/metodoformacion.com\/blog\/\"},{\"@type\":\"ListItem\",\"position\":2,\"name\":\"Grupo M\u00e9todo participa en la IMCL 2021\"}]},{\"@type\":\"WebSite\",\"@id\":\"https:\/\/metodoformacion.com\/blog\/#website\",\"url\":\"https:\/\/metodoformacion.com\/blog\/\",\"name\":\"Blog sobre formaci\u00f3n subvencionada y empleo\",\"description\":\"\",\"publisher\":{\"@id\":\"https:\/\/metodoformacion.com\/blog\/#organization\"},\"potentialAction\":[{\"@type\":\"SearchAction\",\"target\":{\"@type\":\"EntryPoint\",\"urlTemplate\":\"https:\/\/metodoformacion.com\/blog\/?s={search_term_string}\"},\"query-input\":\"required name=search_term_string\"}],\"inLanguage\":\"es\"},{\"@type\":\"Organization\",\"@id\":\"https:\/\/metodoformacion.com\/blog\/#organization\",\"name\":\"Grupo M\u00e9todo\",\"url\":\"https:\/\/metodoformacion.com\/blog\/\",\"logo\":{\"@type\":\"ImageObject\",\"inLanguage\":\"es\",\"@id\":\"https:\/\/metodoformacion.com\/blog\/#\/schema\/logo\/image\/\",\"url\":\"https:\/\/metodoformacion.com\/blog\/wp-content\/uploads\/2019\/12\/logo-transparente.png\",\"contentUrl\":\"https:\/\/metodoformacion.com\/blog\/wp-content\/uploads\/2019\/12\/logo-transparente.png\",\"width\":160,\"height\":70,\"caption\":\"Grupo M\u00e9todo\"},\"image\":{\"@id\":\"https:\/\/metodoformacion.com\/blog\/#\/schema\/logo\/image\/\"}},{\"@type\":\"Person\",\"@id\":\"https:\/\/metodoformacion.com\/blog\/#\/schema\/person\/24dae8e4739a10c242abb3f3bdc6ca2a\",\"name\":\"Arantxa Lamas\",\"image\":{\"@type\":\"ImageObject\",\"inLanguage\":\"es\",\"@id\":\"https:\/\/metodoformacion.com\/blog\/#\/schema\/person\/image\/\",\"url\":\"https:\/\/secure.gravatar.com\/avatar\/26efd1f655893e370678c140563554cb?s=96&r=g\",\"contentUrl\":\"https:\/\/secure.gravatar.com\/avatar\/26efd1f655893e370678c140563554cb?s=96&r=g\",\"caption\":\"Arantxa Lamas\"},\"description\":\"Departamento de Marketing y Comunicaci\u00f3n de Grupo M\u00e9todo: responsable de contenidos y medios digitales.\",\"url\":\"https:\/\/metodoformacion.com\/blog\/author\/arantxa-lamas\/\"}]}<\/script>\n<!-- \/ Yoast SEO plugin. -->","yoast_head_json":{"title":"[Noticias] \ud83d\udc49 Grupo M\u00e9todo participa en la IMCL 2021","description":"Termina la 14\u00aa Conferencia Internacional sobre Tecnolog\u00edas de Comunicaci\u00f3n M\u00f3vil Interactiva y Aprendizaje en la que hemos participado \ud83d\ude80","robots":{"index":"index","follow":"follow","max-snippet":"max-snippet:-1","max-image-preview":"max-image-preview:large","max-video-preview":"max-video-preview:-1"},"canonical":"https:\/\/metodoformacion.com\/blog\/grupo-metodo-participa-imcl-2021\/","og_locale":"es_ES","og_type":"article","og_title":"[Noticias] \ud83d\udc49 Grupo M\u00e9todo participa en la IMCL 2021","og_description":"Termina la 14\u00aa Conferencia Internacional sobre Tecnolog\u00edas de Comunicaci\u00f3n M\u00f3vil Interactiva y Aprendizaje en la que hemos participado \ud83d\ude80","og_url":"https:\/\/metodoformacion.com\/blog\/grupo-metodo-participa-imcl-2021\/","og_site_name":"Blog sobre formaci\u00f3n subvencionada y empleo","article_published_time":"2021-11-05T17:25:33+00:00","article_modified_time":"2021-11-05T17:26:00+00:00","og_image":[{"width":650,"height":325,"url":"https:\/\/metodoformacion.com\/blog\/wp-content\/uploads\/2021\/11\/IMCL2021.png","type":"image\/png"}],"author":"Arantxa Lamas","twitter_card":"summary_large_image","twitter_misc":{"Escrito por":"Arantxa Lamas","Tiempo de lectura":"2 minutos"},"schema":{"@context":"https:\/\/schema.org","@graph":[{"@type":"Article","@id":"https:\/\/metodoformacion.com\/blog\/grupo-metodo-participa-imcl-2021\/#article","isPartOf":{"@id":"https:\/\/metodoformacion.com\/blog\/grupo-metodo-participa-imcl-2021\/"},"author":{"name":"Arantxa Lamas","@id":"https:\/\/metodoformacion.com\/blog\/#\/schema\/person\/24dae8e4739a10c242abb3f3bdc6ca2a"},"headline":"Grupo M\u00e9todo participa en la IMCL 2021","datePublished":"2021-11-05T17:25:33+00:00","dateModified":"2021-11-05T17:26:00+00:00","mainEntityOfPage":{"@id":"https:\/\/metodoformacion.com\/blog\/grupo-metodo-participa-imcl-2021\/"},"wordCount":329,"commentCount":0,"publisher":{"@id":"https:\/\/metodoformacion.com\/blog\/#organization"},"articleSection":["Noticias","Proyectos"],"inLanguage":"es","potentialAction":[{"@type":"CommentAction","name":"Comment","target":["https:\/\/metodoformacion.com\/blog\/grupo-metodo-participa-imcl-2021\/#respond"]}]},{"@type":"WebPage","@id":"https:\/\/metodoformacion.com\/blog\/grupo-metodo-participa-imcl-2021\/","url":"https:\/\/metodoformacion.com\/blog\/grupo-metodo-participa-imcl-2021\/","name":"[Noticias] \ud83d\udc49 Grupo M\u00e9todo participa en la IMCL 2021","isPartOf":{"@id":"https:\/\/metodoformacion.com\/blog\/#website"},"datePublished":"2021-11-05T17:25:33+00:00","dateModified":"2021-11-05T17:26:00+00:00","description":"Termina la 14\u00aa Conferencia Internacional sobre Tecnolog\u00edas de Comunicaci\u00f3n M\u00f3vil Interactiva y Aprendizaje en la que hemos participado \ud83d\ude80","breadcrumb":{"@id":"https:\/\/metodoformacion.com\/blog\/grupo-metodo-participa-imcl-2021\/#breadcrumb"},"inLanguage":"es","potentialAction":[{"@type":"ReadAction","target":["https:\/\/metodoformacion.com\/blog\/grupo-metodo-participa-imcl-2021\/"]}]},{"@type":"BreadcrumbList","@id":"https:\/\/metodoformacion.com\/blog\/grupo-metodo-participa-imcl-2021\/#breadcrumb","itemListElement":[{"@type":"ListItem","position":1,"name":"Inicio","item":"https:\/\/metodoformacion.com\/blog\/"},{"@type":"ListItem","position":2,"name":"Grupo M\u00e9todo participa en la IMCL 2021"}]},{"@type":"WebSite","@id":"https:\/\/metodoformacion.com\/blog\/#website","url":"https:\/\/metodoformacion.com\/blog\/","name":"Blog sobre formaci\u00f3n subvencionada y empleo","description":"","publisher":{"@id":"https:\/\/metodoformacion.com\/blog\/#organization"},"potentialAction":[{"@type":"SearchAction","target":{"@type":"EntryPoint","urlTemplate":"https:\/\/metodoformacion.com\/blog\/?s={search_term_string}"},"query-input":"required name=search_term_string"}],"inLanguage":"es"},{"@type":"Organization","@id":"https:\/\/metodoformacion.com\/blog\/#organization","name":"Grupo M\u00e9todo","url":"https:\/\/metodoformacion.com\/blog\/","logo":{"@type":"ImageObject","inLanguage":"es","@id":"https:\/\/metodoformacion.com\/blog\/#\/schema\/logo\/image\/","url":"https:\/\/metodoformacion.com\/blog\/wp-content\/uploads\/2019\/12\/logo-transparente.png","contentUrl":"https:\/\/metodoformacion.com\/blog\/wp-content\/uploads\/2019\/12\/logo-transparente.png","width":160,"height":70,"caption":"Grupo M\u00e9todo"},"image":{"@id":"https:\/\/metodoformacion.com\/blog\/#\/schema\/logo\/image\/"}},{"@type":"Person","@id":"https:\/\/metodoformacion.com\/blog\/#\/schema\/person\/24dae8e4739a10c242abb3f3bdc6ca2a","name":"Arantxa Lamas","image":{"@type":"ImageObject","inLanguage":"es","@id":"https:\/\/metodoformacion.com\/blog\/#\/schema\/person\/image\/","url":"https:\/\/secure.gravatar.com\/avatar\/26efd1f655893e370678c140563554cb?s=96&r=g","contentUrl":"https:\/\/secure.gravatar.com\/avatar\/26efd1f655893e370678c140563554cb?s=96&r=g","caption":"Arantxa Lamas"},"description":"Departamento de Marketing y Comunicaci\u00f3n de Grupo M\u00e9todo: responsable de contenidos y medios digitales.","url":"https:\/\/metodoformacion.com\/blog\/author\/arantxa-lamas\/"}]}},"_links":{"self":[{"href":"https:\/\/metodoformacion.com\/blog\/wp-json\/wp\/v2\/posts\/2166"}],"collection":[{"href":"https:\/\/metodoformacion.com\/blog\/wp-json\/wp\/v2\/posts"}],"about":[{"href":"https:\/\/metodoformacion.com\/blog\/wp-json\/wp\/v2\/types\/post"}],"author":[{"embeddable":true,"href":"https:\/\/metodoformacion.com\/blog\/wp-json\/wp\/v2\/users\/2"}],"replies":[{"embeddable":true,"href":"https:\/\/metodoformacion.com\/blog\/wp-json\/wp\/v2\/comments?post=2166"}],"version-history":[{"count":3,"href":"https:\/\/metodoformacion.com\/blog\/wp-json\/wp\/v2\/posts\/2166\/revisions"}],"predecessor-version":[{"id":2173,"href":"https:\/\/metodoformacion.com\/blog\/wp-json\/wp\/v2\/posts\/2166\/revisions\/2173"}],"wp:featuredmedia":[{"embeddable":true,"href":"https:\/\/metodoformacion.com\/blog\/wp-json\/wp\/v2\/media\/2170"}],"wp:attachment":[{"href":"https:\/\/metodoformacion.com\/blog\/wp-json\/wp\/v2\/media?parent=2166"}],"wp:term":[{"taxonomy":"category","embeddable":true,"href":"https:\/\/metodoformacion.com\/blog\/wp-json\/wp\/v2\/categories?post=2166"},{"taxonomy":"post_tag","embeddable":true,"href":"https:\/\/metodoformacion.com\/blog\/wp-json\/wp\/v2\/tags?post=2166"}],"curies":[{"name":"wp","href":"https:\/\/api.w.org\/{rel}","templated":true}]}}