{"id":2174,"date":"2021-11-08T10:16:37","date_gmt":"2021-11-08T10:16:37","guid":{"rendered":"https:\/\/metodoformacion.com\/blog\/?p=2174"},"modified":"2021-11-08T12:43:34","modified_gmt":"2021-11-08T12:43:34","slug":"feria-km0-moda-profesionales-sector-textil","status":"publish","type":"post","link":"https:\/\/metodoformacion.com\/blog\/feria-km0-moda-profesionales-sector-textil\/","title":{"rendered":"Feria Km0 Moda: encuentro entre profesionales del sector textil"},"content":{"rendered":"<p>La <a href=\"https:\/\/km0moda.org\/\" target=\"_blank\" rel=\"noopener noreferrer\"><span style=\"color: #0093d1;\"><span style=\"color: #000000;\">feria Km0 Moda<\/span><\/span><\/a> re\u00fane a productores textiles de proximidad y a empresas de la industria. El evento tuvo lugar los d\u00edas 3-4 de noviembre en el imponente Palacio de Santo\u00f1a de Madrid y <span style=\"color: #e94683;\">all\u00ed estuvo nuestro Director de Marketing, Sergio del R\u00edo Anidjar<\/span>, en representaci\u00f3n de Grupo M\u00e9todo como entidad que apuesta por la formaci\u00f3n profesional continua con un completo <strong><span style=\"color: #000000;\"><\/span><\/strong>.<\/p>\n<p>Este evento fue organizado por la <span style=\"color: #000000;\"><a style=\"color: #000000;\" href=\"https:\/\/fedecon.es\/\" target=\"_blank\" rel=\"noopener noreferrer\">Federaci\u00f3n Espa\u00f1ola de Empresas de la Confecci\u00f3n, Fedecon<\/a><\/span> y la <a href=\"http:\/\/www.agrupaciontextil.org\/\" target=\"_blank\" rel=\"noopener noreferrer\"><span style=\"color: #000000;\">Agrupaci\u00f3n espa\u00f1ola del g\u00e9nero de punto, AEGP<\/span><\/a>, en colaboraci\u00f3n con la <a href=\"https:\/\/www.modaespana.org\/\" target=\"_blank\" rel=\"noopener noreferrer\"><span style=\"color: #000000;\">Confederaci\u00f3n de empresas de la Moda de Espa\u00f1a, ModaEspa\u00f1a<\/span><\/a><span style=\"color: #000000;\">,<\/span> el <span style=\"color: #000000;\"><a style=\"color: #000000;\" href=\"https:\/\/www.modacc.cat\/es\/\" target=\"_blank\" rel=\"noopener noreferrer\">Cl\u00faster Catal\u00e1n de la Moda y del Textil, MODACC<\/a><\/span> y el <span style=\"color: #000000;\"><a style=\"color: #000000;\" href=\"https:\/\/igualadafashionlab.cat\/\" target=\"_blank\" rel=\"noopener noreferrer\">Igualdad Fashion Lab, IFL<\/a>.<\/span><\/p>\n<p>Las razones que impulsan este evento, y que son su sentido de ser, son: <img loading=\"lazy\" class=\"size-full wp-image-2175 alignleft\" src=\"https:\/\/metodoformacion.com\/blog\/wp-content\/uploads\/2021\/11\/km0-moda-feria.jpg\" alt=\"feria km0 Moda\" width=\"350\" height=\"307\" srcset=\"https:\/\/metodoformacion.com\/blog\/wp-content\/uploads\/2021\/11\/km0-moda-feria.jpg 350w, https:\/\/metodoformacion.com\/blog\/wp-content\/uploads\/2021\/11\/km0-moda-feria-300x263.jpg 300w\" sizes=\"(max-width: 350px) 100vw, 350px\" \/><\/p>\n<ul>\n<li aria-level=\"1\">Dar a conocer las capacidades industriales de productores textiles de proximidad.<\/li>\n<li aria-level=\"1\">Impulsar acuerdos comerciales entre los productores textiles y las marcas, interesadas en obtener el valor a\u00f1adido de fabricar en proximidad.<\/li>\n<li aria-level=\"1\">Contribuir a la difusi\u00f3n del plan de marca y etiquetado <span style=\"color: #0093d1;\"><a style=\"color: #0093d1;\" href=\"https:\/\/modaespana.org\/etiquetas.php\" target=\"_blank\" rel=\"noopener noreferrer\">M\u00d1 MODAESPA\u00d1A<\/a><\/span><\/li>\n<\/ul>\n<p>All\u00ed estuvo <span style=\"text-decoration: underline;\"><span style=\"color: #000000; text-decoration: underline;\">Galo Guti\u00e9rrez Monzon\u00eds<\/span><\/span><span style=\"color: #333333;\"> inaugurando el evento junto a <span style=\"text-decoration: underline; color: #000000;\">Arancha Alg\u00e1s<\/span><span style=\"color: #000000;\">. <span style=\"color: #333333;\">Tambi\u00e9n tuvimos la oportunidad de escuchar a<\/span> <span style=\"text-decoration: underline;\">\u00c1ngel Asensio. <\/span><\/span><\/span><\/p>\n<p>Galo Guti\u00e9rrez es el actual Director General de Industria y Pyme del <a href=\"https:\/\/www.mincotur.gob.es\/es-es\/Paginas\/index.aspx\"><span style=\"color: #0093d1;\">Ministerio de Industria de Comercio y Turismo<\/span><\/a>. Comprometido con la transformaci\u00f3n digital y la innovaci\u00f3n empresarial, Galo Guti\u00e9rrez fue nombrado Ingeniero del A\u00f1o en 2019 por el Colegio y la Asociaci\u00f3n de Ingenieros Industriales de Madrid<\/p>\n<p>Arancha Alg\u00e1s es la directora general de Boboli y la presidenta del Cl\u00faster catal\u00e1n de la Moda (MODACC), entidad que colabora en la organizaci\u00f3n del evento. Modacc agrupa casi 150 empresas del sector de la moda en Catalu\u00f1a y representa 6.000 trabajadores y 2.000 millones de euros de facturaci\u00f3n agregada.<\/p>\n<p><span style=\"color: #333333;\">\u00c1ngel Asensio es <\/span>uno de los referentes patronales de la industria textil espa\u00f1ola. Adem\u00e1s de presidir Moda Espa\u00f1a, entidad colaboradora en la organizaci\u00f3n del evento, \u00c1ngel Asensio est\u00e1 al frente de Asecom y, desde 2008, de la C\u00e1mara de Comercio de Madrid y tambi\u00e9n dirige la empresa de tradici\u00f3n familiar Confecciones Asensio, llevando la exitosa marca Kiff Kiff.<\/p>\n<h3><span style=\"color: #000000;\">El sector textil en Espa\u00f1a<\/span><\/h3>\n<p><span dir=\"ltr\" role=\"presentation\">El sector<\/span><span dir=\"ltr\" role=\"presentation\">Textil y Confecci\u00f3n <\/span><span dir=\"ltr\" role=\"presentation\">(Divisiones 13 y 14 de la CNAE-2009 y Rama 16 de la clasificaci\u00f3n <\/span><span dir=\"ltr\" role=\"presentation\">RAMI) comprende los siguientes subsectores:<\/span><\/p>\n<ul style=\"list-style-type: square;\">\n<li><span dir=\"ltr\" role=\"presentation\">Preparaci\u00f3n e hilado de fibras textiles (Grupo 13.1, CNAE-2009)<\/span><\/li>\n<li><span dir=\"ltr\" role=\"presentation\">Fabricaci\u00f3n de tejidos textiles (Grupo 13.2, CNAE-2009)<\/span><\/li>\n<li><span dir=\"ltr\" role=\"presentation\">Acabado de textiles (Grupo 13.3, CNAE-2009)<\/span><\/li>\n<li><span dir=\"ltr\" role=\"presentation\">Fabricaci\u00f3n de otros productos d<\/span><span dir=\"ltr\" role=\"presentation\">e textiles (Grupo 13.9, CNAE-2009)<\/span><\/li>\n<li><span dir=\"ltr\" role=\"presentation\">Confecci\u00f3n de prendas de vestir (Grupo 14.1, CNAE-2009)<\/span><\/li>\n<li><span dir=\"ltr\" role=\"presentation\">Fabricaci\u00f3n de art\u00edculos de peleter\u00eda <\/span><span dir=\"ltr\" role=\"presentation\">(Grupo 14.2, CNAE-2009)<\/span><\/li>\n<li><span dir=\"ltr\" role=\"presentation\">Confecci\u00f3n de prendas de vestir de punto <\/span><span dir=\"ltr\" role=\"presentation\">(Grupo 14.3, CNAE-2009)<\/span><\/li>\n<\/ul>\n<p>&nbsp;<\/p>\n<div class=\"canvasWrapper\"><\/div>\n<p>&nbsp;<\/p>\n<p>&nbsp;<\/p>\n<p>&nbsp;<\/p>\n<p>&nbsp;<\/p>\n<p>&nbsp;<\/p>\n","protected":false},"excerpt":{"rendered":"<p>La feria Km0 Moda re\u00fane a productores textiles de proximidad y a empresas de la industria. El evento tuvo lugar los d\u00edas 3-4 de noviembre en el imponente Palacio de Santo\u00f1a de Madrid y all\u00ed estuvo nuestro Director de Marketing, Sergio del R\u00edo Anidjar, en representaci\u00f3n de Grupo M\u00e9todo como entidad que apuesta por la [&hellip;]<\/p>\n","protected":false},"author":2,"featured_media":2179,"comment_status":"open","ping_status":"open","sticky":false,"template":"","format":"standard","meta":{"_monsterinsights_skip_tracking":false,"_monsterinsights_sitenote_active":false,"_monsterinsights_sitenote_note":"","_monsterinsights_sitenote_category":0},"categories":[29,24],"tags":[],"yoast_head":"<!-- This site is optimized with the Yoast SEO plugin v19.14 - https:\/\/yoast.com\/wordpress\/plugins\/seo\/ -->\n<title>Feria Km0 Moda: encuentro entre profesionales del sector textil \ud83d\udc47<\/title>\n<meta name=\"description\" content=\"La feria Km0 Moda se ha celebrado los d\u00edas 3-4 de noviembre en Madrid para reunir a profesionales del sector textil con productores de proximidad.\" \/>\n<meta name=\"robots\" content=\"index, follow, max-snippet:-1, max-image-preview:large, max-video-preview:-1\" \/>\n<link rel=\"canonical\" href=\"https:\/\/metodoformacion.com\/blog\/feria-km0-moda-profesionales-sector-textil\/\" \/>\n<meta property=\"og:locale\" content=\"es_ES\" \/>\n<meta property=\"og:type\" content=\"article\" \/>\n<meta property=\"og:title\" content=\"Feria Km0 Moda: encuentro entre profesionales del sector textil \ud83d\udc47\" \/>\n<meta property=\"og:description\" content=\"La feria Km0 Moda se ha celebrado los d\u00edas 3-4 de noviembre en Madrid para reunir a profesionales del sector textil con productores de proximidad.\" \/>\n<meta property=\"og:url\" content=\"https:\/\/metodoformacion.com\/blog\/feria-km0-moda-profesionales-sector-textil\/\" \/>\n<meta property=\"og:site_name\" content=\"Blog sobre formaci\u00f3n subvencionada y empleo\" \/>\n<meta property=\"article:published_time\" content=\"2021-11-08T10:16:37+00:00\" \/>\n<meta property=\"article:modified_time\" content=\"2021-11-08T12:43:34+00:00\" \/>\n<meta property=\"og:image\" content=\"https:\/\/metodoformacion.com\/blog\/wp-content\/uploads\/2021\/11\/IMCL20211.png\" \/>\n\t<meta property=\"og:image:width\" content=\"650\" \/>\n\t<meta property=\"og:image:height\" content=\"325\" \/>\n\t<meta property=\"og:image:type\" content=\"image\/png\" \/>\n<meta name=\"author\" content=\"Arantxa Lamas\" \/>\n<meta name=\"twitter:card\" content=\"summary_large_image\" \/>\n<meta name=\"twitter:label1\" content=\"Escrito por\" \/>\n\t<meta name=\"twitter:data1\" content=\"Arantxa Lamas\" \/>\n\t<meta name=\"twitter:label2\" content=\"Tiempo de lectura\" \/>\n\t<meta name=\"twitter:data2\" content=\"2 minutos\" \/>\n<script type=\"application\/ld+json\" class=\"yoast-schema-graph\">{\"@context\":\"https:\/\/schema.org\",\"@graph\":[{\"@type\":\"Article\",\"@id\":\"https:\/\/metodoformacion.com\/blog\/feria-km0-moda-profesionales-sector-textil\/#article\",\"isPartOf\":{\"@id\":\"https:\/\/metodoformacion.com\/blog\/feria-km0-moda-profesionales-sector-textil\/\"},\"author\":{\"name\":\"Arantxa Lamas\",\"@id\":\"https:\/\/metodoformacion.com\/blog\/#\/schema\/person\/24dae8e4739a10c242abb3f3bdc6ca2a\"},\"headline\":\"Feria Km0 Moda: encuentro entre profesionales del sector textil\",\"datePublished\":\"2021-11-08T10:16:37+00:00\",\"dateModified\":\"2021-11-08T12:43:34+00:00\",\"mainEntityOfPage\":{\"@id\":\"https:\/\/metodoformacion.com\/blog\/feria-km0-moda-profesionales-sector-textil\/\"},\"wordCount\":489,\"commentCount\":0,\"publisher\":{\"@id\":\"https:\/\/metodoformacion.com\/blog\/#organization\"},\"articleSection\":[\"Noticias\",\"Textil\"],\"inLanguage\":\"es\",\"potentialAction\":[{\"@type\":\"CommentAction\",\"name\":\"Comment\",\"target\":[\"https:\/\/metodoformacion.com\/blog\/feria-km0-moda-profesionales-sector-textil\/#respond\"]}]},{\"@type\":\"WebPage\",\"@id\":\"https:\/\/metodoformacion.com\/blog\/feria-km0-moda-profesionales-sector-textil\/\",\"url\":\"https:\/\/metodoformacion.com\/blog\/feria-km0-moda-profesionales-sector-textil\/\",\"name\":\"Feria Km0 Moda: encuentro entre profesionales del sector textil \ud83d\udc47\",\"isPartOf\":{\"@id\":\"https:\/\/metodoformacion.com\/blog\/#website\"},\"datePublished\":\"2021-11-08T10:16:37+00:00\",\"dateModified\":\"2021-11-08T12:43:34+00:00\",\"description\":\"La feria Km0 Moda se ha celebrado los d\u00edas 3-4 de noviembre en Madrid para reunir a profesionales del sector textil con productores de proximidad.\",\"breadcrumb\":{\"@id\":\"https:\/\/metodoformacion.com\/blog\/feria-km0-moda-profesionales-sector-textil\/#breadcrumb\"},\"inLanguage\":\"es\",\"potentialAction\":[{\"@type\":\"ReadAction\",\"target\":[\"https:\/\/metodoformacion.com\/blog\/feria-km0-moda-profesionales-sector-textil\/\"]}]},{\"@type\":\"BreadcrumbList\",\"@id\":\"https:\/\/metodoformacion.com\/blog\/feria-km0-moda-profesionales-sector-textil\/#breadcrumb\",\"itemListElement\":[{\"@type\":\"ListItem\",\"position\":1,\"name\":\"Inicio\",\"item\":\"https:\/\/metodoformacion.com\/blog\/\"},{\"@type\":\"ListItem\",\"position\":2,\"name\":\"Feria Km0 Moda: encuentro entre profesionales del sector textil\"}]},{\"@type\":\"WebSite\",\"@id\":\"https:\/\/metodoformacion.com\/blog\/#website\",\"url\":\"https:\/\/metodoformacion.com\/blog\/\",\"name\":\"Blog sobre formaci\u00f3n subvencionada y empleo\",\"description\":\"\",\"publisher\":{\"@id\":\"https:\/\/metodoformacion.com\/blog\/#organization\"},\"potentialAction\":[{\"@type\":\"SearchAction\",\"target\":{\"@type\":\"EntryPoint\",\"urlTemplate\":\"https:\/\/metodoformacion.com\/blog\/?s={search_term_string}\"},\"query-input\":\"required name=search_term_string\"}],\"inLanguage\":\"es\"},{\"@type\":\"Organization\",\"@id\":\"https:\/\/metodoformacion.com\/blog\/#organization\",\"name\":\"Grupo M\u00e9todo\",\"url\":\"https:\/\/metodoformacion.com\/blog\/\",\"logo\":{\"@type\":\"ImageObject\",\"inLanguage\":\"es\",\"@id\":\"https:\/\/metodoformacion.com\/blog\/#\/schema\/logo\/image\/\",\"url\":\"https:\/\/metodoformacion.com\/blog\/wp-content\/uploads\/2019\/12\/logo-transparente.png\",\"contentUrl\":\"https:\/\/metodoformacion.com\/blog\/wp-content\/uploads\/2019\/12\/logo-transparente.png\",\"width\":160,\"height\":70,\"caption\":\"Grupo M\u00e9todo\"},\"image\":{\"@id\":\"https:\/\/metodoformacion.com\/blog\/#\/schema\/logo\/image\/\"}},{\"@type\":\"Person\",\"@id\":\"https:\/\/metodoformacion.com\/blog\/#\/schema\/person\/24dae8e4739a10c242abb3f3bdc6ca2a\",\"name\":\"Arantxa Lamas\",\"image\":{\"@type\":\"ImageObject\",\"inLanguage\":\"es\",\"@id\":\"https:\/\/metodoformacion.com\/blog\/#\/schema\/person\/image\/\",\"url\":\"https:\/\/secure.gravatar.com\/avatar\/26efd1f655893e370678c140563554cb?s=96&r=g\",\"contentUrl\":\"https:\/\/secure.gravatar.com\/avatar\/26efd1f655893e370678c140563554cb?s=96&r=g\",\"caption\":\"Arantxa Lamas\"},\"description\":\"Departamento de Marketing y Comunicaci\u00f3n de Grupo M\u00e9todo: responsable de contenidos y medios digitales.\",\"url\":\"https:\/\/metodoformacion.com\/blog\/author\/arantxa-lamas\/\"}]}<\/script>\n<!-- \/ Yoast SEO plugin. -->","yoast_head_json":{"title":"Feria Km0 Moda: encuentro entre profesionales del sector textil \ud83d\udc47","description":"La feria Km0 Moda se ha celebrado los d\u00edas 3-4 de noviembre en Madrid para reunir a profesionales del sector textil con productores de proximidad.","robots":{"index":"index","follow":"follow","max-snippet":"max-snippet:-1","max-image-preview":"max-image-preview:large","max-video-preview":"max-video-preview:-1"},"canonical":"https:\/\/metodoformacion.com\/blog\/feria-km0-moda-profesionales-sector-textil\/","og_locale":"es_ES","og_type":"article","og_title":"Feria Km0 Moda: encuentro entre profesionales del sector textil \ud83d\udc47","og_description":"La feria Km0 Moda se ha celebrado los d\u00edas 3-4 de noviembre en Madrid para reunir a profesionales del sector textil con productores de proximidad.","og_url":"https:\/\/metodoformacion.com\/blog\/feria-km0-moda-profesionales-sector-textil\/","og_site_name":"Blog sobre formaci\u00f3n subvencionada y empleo","article_published_time":"2021-11-08T10:16:37+00:00","article_modified_time":"2021-11-08T12:43:34+00:00","og_image":[{"width":650,"height":325,"url":"https:\/\/metodoformacion.com\/blog\/wp-content\/uploads\/2021\/11\/IMCL20211.png","type":"image\/png"}],"author":"Arantxa Lamas","twitter_card":"summary_large_image","twitter_misc":{"Escrito por":"Arantxa Lamas","Tiempo de lectura":"2 minutos"},"schema":{"@context":"https:\/\/schema.org","@graph":[{"@type":"Article","@id":"https:\/\/metodoformacion.com\/blog\/feria-km0-moda-profesionales-sector-textil\/#article","isPartOf":{"@id":"https:\/\/metodoformacion.com\/blog\/feria-km0-moda-profesionales-sector-textil\/"},"author":{"name":"Arantxa Lamas","@id":"https:\/\/metodoformacion.com\/blog\/#\/schema\/person\/24dae8e4739a10c242abb3f3bdc6ca2a"},"headline":"Feria Km0 Moda: encuentro entre profesionales del sector textil","datePublished":"2021-11-08T10:16:37+00:00","dateModified":"2021-11-08T12:43:34+00:00","mainEntityOfPage":{"@id":"https:\/\/metodoformacion.com\/blog\/feria-km0-moda-profesionales-sector-textil\/"},"wordCount":489,"commentCount":0,"publisher":{"@id":"https:\/\/metodoformacion.com\/blog\/#organization"},"articleSection":["Noticias","Textil"],"inLanguage":"es","potentialAction":[{"@type":"CommentAction","name":"Comment","target":["https:\/\/metodoformacion.com\/blog\/feria-km0-moda-profesionales-sector-textil\/#respond"]}]},{"@type":"WebPage","@id":"https:\/\/metodoformacion.com\/blog\/feria-km0-moda-profesionales-sector-textil\/","url":"https:\/\/metodoformacion.com\/blog\/feria-km0-moda-profesionales-sector-textil\/","name":"Feria Km0 Moda: encuentro entre profesionales del sector textil \ud83d\udc47","isPartOf":{"@id":"https:\/\/metodoformacion.com\/blog\/#website"},"datePublished":"2021-11-08T10:16:37+00:00","dateModified":"2021-11-08T12:43:34+00:00","description":"La feria Km0 Moda se ha celebrado los d\u00edas 3-4 de noviembre en Madrid para reunir a profesionales del sector textil con productores de proximidad.","breadcrumb":{"@id":"https:\/\/metodoformacion.com\/blog\/feria-km0-moda-profesionales-sector-textil\/#breadcrumb"},"inLanguage":"es","potentialAction":[{"@type":"ReadAction","target":["https:\/\/metodoformacion.com\/blog\/feria-km0-moda-profesionales-sector-textil\/"]}]},{"@type":"BreadcrumbList","@id":"https:\/\/metodoformacion.com\/blog\/feria-km0-moda-profesionales-sector-textil\/#breadcrumb","itemListElement":[{"@type":"ListItem","position":1,"name":"Inicio","item":"https:\/\/metodoformacion.com\/blog\/"},{"@type":"ListItem","position":2,"name":"Feria Km0 Moda: encuentro entre profesionales del sector textil"}]},{"@type":"WebSite","@id":"https:\/\/metodoformacion.com\/blog\/#website","url":"https:\/\/metodoformacion.com\/blog\/","name":"Blog sobre formaci\u00f3n subvencionada y empleo","description":"","publisher":{"@id":"https:\/\/metodoformacion.com\/blog\/#organization"},"potentialAction":[{"@type":"SearchAction","target":{"@type":"EntryPoint","urlTemplate":"https:\/\/metodoformacion.com\/blog\/?s={search_term_string}"},"query-input":"required name=search_term_string"}],"inLanguage":"es"},{"@type":"Organization","@id":"https:\/\/metodoformacion.com\/blog\/#organization","name":"Grupo M\u00e9todo","url":"https:\/\/metodoformacion.com\/blog\/","logo":{"@type":"ImageObject","inLanguage":"es","@id":"https:\/\/metodoformacion.com\/blog\/#\/schema\/logo\/image\/","url":"https:\/\/metodoformacion.com\/blog\/wp-content\/uploads\/2019\/12\/logo-transparente.png","contentUrl":"https:\/\/metodoformacion.com\/blog\/wp-content\/uploads\/2019\/12\/logo-transparente.png","width":160,"height":70,"caption":"Grupo M\u00e9todo"},"image":{"@id":"https:\/\/metodoformacion.com\/blog\/#\/schema\/logo\/image\/"}},{"@type":"Person","@id":"https:\/\/metodoformacion.com\/blog\/#\/schema\/person\/24dae8e4739a10c242abb3f3bdc6ca2a","name":"Arantxa Lamas","image":{"@type":"ImageObject","inLanguage":"es","@id":"https:\/\/metodoformacion.com\/blog\/#\/schema\/person\/image\/","url":"https:\/\/secure.gravatar.com\/avatar\/26efd1f655893e370678c140563554cb?s=96&r=g","contentUrl":"https:\/\/secure.gravatar.com\/avatar\/26efd1f655893e370678c140563554cb?s=96&r=g","caption":"Arantxa Lamas"},"description":"Departamento de Marketing y Comunicaci\u00f3n de Grupo M\u00e9todo: responsable de contenidos y medios digitales.","url":"https:\/\/metodoformacion.com\/blog\/author\/arantxa-lamas\/"}]}},"_links":{"self":[{"href":"https:\/\/metodoformacion.com\/blog\/wp-json\/wp\/v2\/posts\/2174"}],"collection":[{"href":"https:\/\/metodoformacion.com\/blog\/wp-json\/wp\/v2\/posts"}],"about":[{"href":"https:\/\/metodoformacion.com\/blog\/wp-json\/wp\/v2\/types\/post"}],"author":[{"embeddable":true,"href":"https:\/\/metodoformacion.com\/blog\/wp-json\/wp\/v2\/users\/2"}],"replies":[{"embeddable":true,"href":"https:\/\/metodoformacion.com\/blog\/wp-json\/wp\/v2\/comments?post=2174"}],"version-history":[{"count":9,"href":"https:\/\/metodoformacion.com\/blog\/wp-json\/wp\/v2\/posts\/2174\/revisions"}],"predecessor-version":[{"id":2192,"href":"https:\/\/metodoformacion.com\/blog\/wp-json\/wp\/v2\/posts\/2174\/revisions\/2192"}],"wp:featuredmedia":[{"embeddable":true,"href":"https:\/\/metodoformacion.com\/blog\/wp-json\/wp\/v2\/media\/2179"}],"wp:attachment":[{"href":"https:\/\/metodoformacion.com\/blog\/wp-json\/wp\/v2\/media?parent=2174"}],"wp:term":[{"taxonomy":"category","embeddable":true,"href":"https:\/\/metodoformacion.com\/blog\/wp-json\/wp\/v2\/categories?post=2174"},{"taxonomy":"post_tag","embeddable":true,"href":"https:\/\/metodoformacion.com\/blog\/wp-json\/wp\/v2\/tags?post=2174"}],"curies":[{"name":"wp","href":"https:\/\/api.w.org\/{rel}","templated":true}]}}