{"id":2281,"date":"2021-11-18T09:03:41","date_gmt":"2021-11-18T09:03:41","guid":{"rendered":"https:\/\/metodoformacion.com\/blog\/?p=2281"},"modified":"2022-10-13T14:59:06","modified_gmt":"2022-10-13T14:59:06","slug":"formacion-profesional-empleo-extremadura-2021","status":"publish","type":"post","link":"https:\/\/metodoformacion.com\/blog\/formacion-profesional-empleo-extremadura-2021\/","title":{"rendered":"Formaci\u00f3n Profesional para el Empleo en Extremadura [convocatoria 2021]"},"content":{"rendered":"<p><span dir=\"ltr\" role=\"presentation\">El 29 de diciembre de 2020 sal\u00eda la <strong><span style=\"color: #000000;\"><em>RESOLUCI\u00d3N de la Secretar\u00eda General del <\/em><\/span><\/strong><\/span><strong><span style=\"color: #000000;\"><em><span dir=\"ltr\" role=\"presentation\">SEXPE, por la que se aprueba la convocatoria de las subvenciones <\/span><span dir=\"ltr\" role=\"presentation\">destinadas a la realizaci\u00f3n de Programas de Formaci\u00f3n dirigidos <\/span><span dir=\"ltr\" role=\"presentation\">prioritariamente a personas trabajadoras ocupadas en el \u00e1mbito de la <\/span><\/em><\/span><\/strong><span dir=\"ltr\" role=\"presentation\"><strong><span style=\"color: #000000;\"><em>Comunidad Aut\u00f3noma de Extremadura.<\/em><\/span><\/strong><span style=\"color: #333333;\"> Y es<\/span> ahora cuando empezamos a ofrecer este plan de Formaci\u00f3n Profesional para el Empleo en Extremadura. En esta convocatoria Grupo M\u00e9todo ofrecemos formaci\u00f3n continua para trabajadoras y trabajadores del sector dependencia y del sector comercio.<br \/>\n<\/span><\/p>\n<p>Toda la formaci\u00f3n es subvencionada por el Servicio P\u00fablico de Empleo Estatal (SEPE), el Servicio Extreme\u00f1o P\u00fablico de Empleo (SEXPE) y la Junta de Extremadura y la oferta de Formaci\u00f3n Profesional para el Empleo que Grupo M\u00e9todo ofrece en Extremadura consta de una serie de M\u00f3dulos Formativos pertenecientes a Certificados de Profesionalidad.<\/p>\n<h2>Formaci\u00f3n gratuita en Extremadura del sector dependencia<\/h2>\n<p>\ud83d\udca1 Mira la  en Extremadura, \u00bfte interesa?<\/p>\n<p>Siguiendo ese enlace vas a encontrarte toda la informaci\u00f3n de los M\u00f3dulos Formativos (MF) que grupo M\u00e9todo ofrece en Extremadura. Estos MF est\u00e1n destinados a profesionales del sector dependencia.<\/p>\n<p>Los MF pertenecen al <span style=\"color: #000000;\"><strong>Certificado de Profesionalidad de NIVEL 2 Atenci\u00f3n sociosanitaria a personas dependientes en instituciones sociales SSCS0208<\/strong><\/span>, agrupado en la familia profesional de <em>Servicios socioculturales y a la comunidad<\/em>, y son estos:<\/p>\n<ul style=\"list-style-type: square;\">\n<li><span class=\"style-scope fragment-curso\">MF1016_2 Apoyo en la organizaci\u00f3n de intervenciones en el \u00e1mbito institucional<\/span><\/li>\n<li><span class=\"style-scope fragment-curso\">MF1017_2 Intervenci\u00f3n en la atenci\u00f3n higi\u00e9nico-alimentaria en instituciones<\/span><\/li>\n<li>MF1018_2: Intervenci\u00f3n en la atenci\u00f3n sociosanitaria en instituciones<\/li>\n<li><span class=\"style-scope fragment-curso\">MF1019_2 Apoyo psicosocial, atenci\u00f3n relacional y comunicativa en instituciones<\/span><\/li>\n<\/ul>\n<p><img loading=\"lazy\" class=\"aligncenter wp-image-3178 size-full\" src=\"https:\/\/metodoformacion.com\/blog\/wp-content\/uploads\/2021\/11\/Captura.png\" alt=\"\" width=\"1747\" height=\"433\" srcset=\"https:\/\/metodoformacion.com\/blog\/wp-content\/uploads\/2021\/11\/Captura.png 1747w, https:\/\/metodoformacion.com\/blog\/wp-content\/uploads\/2021\/11\/Captura-300x74.png 300w, https:\/\/metodoformacion.com\/blog\/wp-content\/uploads\/2021\/11\/Captura-1024x254.png 1024w, https:\/\/metodoformacion.com\/blog\/wp-content\/uploads\/2021\/11\/Captura-768x190.png 768w, https:\/\/metodoformacion.com\/blog\/wp-content\/uploads\/2021\/11\/Captura-1536x381.png 1536w\" sizes=\"(max-width: 1747px) 100vw, 1747px\" \/><\/p>\n<p>\ud83d\udca1 Se desarrollan online en su mayor parte, pero tienen ex\u00e1menes y tutor\u00edas presenciales que se van a llevar a cabo en Badajoz.<\/p>\n<h2>Cursos en Extremadura del sector comercio<\/h2>\n<p>\ud83d\udca1 Aqu\u00ed tienes toda la  en Extremadura, \u00bfte interesa?<\/p>\n<p>En ese enlace encontrar\u00e1s toda la informaci\u00f3n acerca de los tres MF que ofrecemos en Extremadura para profesionales del sector comercio.<\/p>\n<p>Esos MF pertenecen al <strong><span style=\"color: #000000;\">Certificado de Profesionalidad de NIVEL 2 Actividades de venta\u00a0COMV0108<\/span><\/strong><span style=\"color: #000000;\">, agrupado en la familia profesional de <em>Comercio y Marketing<\/em>, y son los siguientes:<\/span><\/p>\n<ul style=\"list-style-type: square;\">\n<li><span class=\"style-scope fragment-curso\">MF1001_3 Gesti\u00f3n de la fuerza de ventas y equipos comerciales<\/span><\/li>\n<li><span class=\"style-scope fragment-curso\">MF1000_3 Organizaci\u00f3n comercial<\/span><\/li>\n<li><span class=\"style-scope fragment-curso\">MF0239_2 Operaciones de venta<\/span><\/li>\n<\/ul>\n<p>\ud83d\udca1 Se desarrollan en modalidad teleformaci\u00f3n -online- pero tienen tutor\u00edas y ex\u00e1menes presenciales que se impartir\u00e1n en C\u00e1ceres.<strong><br \/>\n<\/strong><\/p>\n<h3>\u00bfQu\u00e9 requisitos de acceso se piden para acceder a estas formaciones?<\/h3>\n<ol>\n<li>Los propios de un Certificado de Profesionalidad de nivel 2, que puedes consultar en la <a href=\"https:\/\/www.sepe.es\/HomeSepe\/ca\/que-es-el-sepe\/comunicacion-institucional\/noticias\/historico-de-noticias\/2017\/detalle-noticia.html?folder=\/2017\/Septiembre\/&amp;detail=certificados-de-profesionalidad-140917\" target=\"_blank\" rel=\"noopener noreferrer\"><span style=\"color: #e94683;\"><span style=\"color: #0093d1;\">p\u00e1gina de Certificados de Profesionalidad del SEPE<\/span><\/span><\/a> (ah\u00ed encontrar\u00e1s m\u00e1s informaci\u00f3n interesante sobre los Certificados).<\/li>\n<li>Ser profesional en activo del sector dependencia o del sector comercio en Extremadura.<\/li>\n<\/ol>\n<p>&nbsp;<\/p>\n<p><strong><span style=\"color: #000000;\">Para acceder a un Certificado de Profesionalidad de nivel 2, o a un M\u00f3dulo Formativo de nivel 2, necesitas cumplir uno de estos requisitos:<\/span><\/strong><\/p>\n<ul style=\"list-style-type: square;\">\n<li>Tener el t\u00edtulo de Graduado en Educaci\u00f3n Secundaria Obligatoria.<\/li>\n<li>Tener un certificado de profesionalidad de nivel 2.<\/li>\n<li>Tener un certificado de profesionalidad de nivel 1 de la misma familia y \u00e1rea profesional.<\/li>\n<li>Cumplir el requisito acad\u00e9mico de acceso a los ciclos formativos de grado medio o bien haber superado las correspondientes pruebas de acceso reguladas por las administraciones educativas.<\/li>\n<li>Tener superada la prueba de acceso a la universidad para mayores de 25 a\u00f1os y\/o de 45 a\u00f1os.<\/li>\n<li>Tener las competencias clave necesarias, de acuerdo con lo recogido en el anexo IV del real decreto 34\/2008, para cursar con aprovechamiento la formaci\u00f3n correspondiente al certificado de profesionalidad.<\/li>\n<\/ul>\n<p><span style=\"color: #e94683;\">\u00a1Si tienes alguna duda d\u00e9janos un comentario! \ud83d\ude09<br \/>\n<\/span><\/p>\n<p>&nbsp;<\/p>\n<p>&nbsp;<\/p>\n<p><img loading=\"lazy\" class=\"alignleft size-full wp-image-3180\" src=\"https:\/\/metodoformacion.com\/blog\/wp-content\/uploads\/2021\/11\/logotipos-extremadura-2021.png\" alt=\"\" width=\"710\" height=\"78\" srcset=\"https:\/\/metodoformacion.com\/blog\/wp-content\/uploads\/2021\/11\/logotipos-extremadura-2021.png 710w, https:\/\/metodoformacion.com\/blog\/wp-content\/uploads\/2021\/11\/logotipos-extremadura-2021-300x33.png 300w\" sizes=\"(max-width: 710px) 100vw, 710px\" \/><\/p>\n<p>&nbsp;<\/p>\n<p>&nbsp;<\/p>\n<p>&nbsp;<\/p>\n<p>&nbsp;<\/p>\n","protected":false},"excerpt":{"rendered":"<p>El 29 de diciembre de 2020 sal\u00eda la RESOLUCI\u00d3N de la Secretar\u00eda General del SEXPE, por la que se aprueba la convocatoria de las subvenciones destinadas a la realizaci\u00f3n de Programas de Formaci\u00f3n dirigidos prioritariamente a personas trabajadoras ocupadas en el \u00e1mbito de la Comunidad Aut\u00f3noma de Extremadura. Y es ahora cuando empezamos a ofrecer [&hellip;]<\/p>\n","protected":false},"author":2,"featured_media":2290,"comment_status":"open","ping_status":"open","sticky":false,"template":"","format":"standard","meta":{"_monsterinsights_skip_tracking":false,"_monsterinsights_sitenote_active":false,"_monsterinsights_sitenote_note":"","_monsterinsights_sitenote_category":0},"categories":[52,31],"tags":[],"yoast_head":"<!-- This site is optimized with the Yoast SEO plugin v19.14 - https:\/\/yoast.com\/wordpress\/plugins\/seo\/ -->\n<title>\u2705 Formaci\u00f3n Profesional para el Empleo en Extremadura 2021-2022<\/title>\n<meta name=\"description\" content=\"\u00a1Nueva convocatoria de Formaci\u00f3n Profesional para el Empleo en Extremadura!\ud83d\udc49 Aqu\u00ed la oferta formativa para profesionales del sector comercio y dependencia.\" \/>\n<meta name=\"robots\" content=\"index, follow, max-snippet:-1, max-image-preview:large, max-video-preview:-1\" \/>\n<link rel=\"canonical\" href=\"https:\/\/metodoformacion.com\/blog\/formacion-profesional-empleo-extremadura-2021\/\" \/>\n<meta property=\"og:locale\" content=\"es_ES\" \/>\n<meta property=\"og:type\" content=\"article\" \/>\n<meta property=\"og:title\" content=\"\u2705 Formaci\u00f3n Profesional para el Empleo en Extremadura 2021-2022\" \/>\n<meta property=\"og:description\" content=\"\u00a1Nueva convocatoria de Formaci\u00f3n Profesional para el Empleo en Extremadura!\ud83d\udc49 Aqu\u00ed la oferta formativa para profesionales del sector comercio y dependencia.\" \/>\n<meta property=\"og:url\" content=\"https:\/\/metodoformacion.com\/blog\/formacion-profesional-empleo-extremadura-2021\/\" \/>\n<meta property=\"og:site_name\" content=\"Blog sobre formaci\u00f3n subvencionada y empleo\" \/>\n<meta property=\"article:published_time\" content=\"2021-11-18T09:03:41+00:00\" \/>\n<meta property=\"article:modified_time\" content=\"2022-10-13T14:59:06+00:00\" \/>\n<meta property=\"og:image\" content=\"https:\/\/metodoformacion.com\/blog\/wp-content\/uploads\/2021\/11\/EXTREMADURA-destacada-blog.png\" \/>\n\t<meta property=\"og:image:width\" content=\"650\" \/>\n\t<meta property=\"og:image:height\" content=\"325\" \/>\n\t<meta property=\"og:image:type\" content=\"image\/png\" \/>\n<meta name=\"author\" content=\"Arantxa Lamas\" \/>\n<meta name=\"twitter:card\" content=\"summary_large_image\" \/>\n<meta name=\"twitter:label1\" content=\"Escrito por\" \/>\n\t<meta name=\"twitter:data1\" content=\"Arantxa Lamas\" \/>\n\t<meta name=\"twitter:label2\" content=\"Tiempo de lectura\" \/>\n\t<meta name=\"twitter:data2\" content=\"4 minutos\" \/>\n<script type=\"application\/ld+json\" class=\"yoast-schema-graph\">{\"@context\":\"https:\/\/schema.org\",\"@graph\":[{\"@type\":\"Article\",\"@id\":\"https:\/\/metodoformacion.com\/blog\/formacion-profesional-empleo-extremadura-2021\/#article\",\"isPartOf\":{\"@id\":\"https:\/\/metodoformacion.com\/blog\/formacion-profesional-empleo-extremadura-2021\/\"},\"author\":{\"name\":\"Arantxa Lamas\",\"@id\":\"https:\/\/metodoformacion.com\/blog\/#\/schema\/person\/24dae8e4739a10c242abb3f3bdc6ca2a\"},\"headline\":\"Formaci\u00f3n Profesional para el Empleo en Extremadura [convocatoria 2021]\",\"datePublished\":\"2021-11-18T09:03:41+00:00\",\"dateModified\":\"2022-10-13T14:59:06+00:00\",\"mainEntityOfPage\":{\"@id\":\"https:\/\/metodoformacion.com\/blog\/formacion-profesional-empleo-extremadura-2021\/\"},\"wordCount\":619,\"commentCount\":0,\"publisher\":{\"@id\":\"https:\/\/metodoformacion.com\/blog\/#organization\"},\"articleSection\":[\"Convocatoria Extremadura 2021\",\"Cursos gratis\"],\"inLanguage\":\"es\",\"potentialAction\":[{\"@type\":\"CommentAction\",\"name\":\"Comment\",\"target\":[\"https:\/\/metodoformacion.com\/blog\/formacion-profesional-empleo-extremadura-2021\/#respond\"]}]},{\"@type\":\"WebPage\",\"@id\":\"https:\/\/metodoformacion.com\/blog\/formacion-profesional-empleo-extremadura-2021\/\",\"url\":\"https:\/\/metodoformacion.com\/blog\/formacion-profesional-empleo-extremadura-2021\/\",\"name\":\"\u2705 Formaci\u00f3n Profesional para el Empleo en Extremadura 2021-2022\",\"isPartOf\":{\"@id\":\"https:\/\/metodoformacion.com\/blog\/#website\"},\"datePublished\":\"2021-11-18T09:03:41+00:00\",\"dateModified\":\"2022-10-13T14:59:06+00:00\",\"description\":\"\u00a1Nueva convocatoria de Formaci\u00f3n Profesional para el Empleo en Extremadura!\ud83d\udc49 Aqu\u00ed la oferta formativa para profesionales del sector comercio y dependencia.\",\"breadcrumb\":{\"@id\":\"https:\/\/metodoformacion.com\/blog\/formacion-profesional-empleo-extremadura-2021\/#breadcrumb\"},\"inLanguage\":\"es\",\"potentialAction\":[{\"@type\":\"ReadAction\",\"target\":[\"https:\/\/metodoformacion.com\/blog\/formacion-profesional-empleo-extremadura-2021\/\"]}]},{\"@type\":\"BreadcrumbList\",\"@id\":\"https:\/\/metodoformacion.com\/blog\/formacion-profesional-empleo-extremadura-2021\/#breadcrumb\",\"itemListElement\":[{\"@type\":\"ListItem\",\"position\":1,\"name\":\"Inicio\",\"item\":\"https:\/\/metodoformacion.com\/blog\/\"},{\"@type\":\"ListItem\",\"position\":2,\"name\":\"Formaci\u00f3n Profesional para el Empleo en Extremadura [convocatoria 2021]\"}]},{\"@type\":\"WebSite\",\"@id\":\"https:\/\/metodoformacion.com\/blog\/#website\",\"url\":\"https:\/\/metodoformacion.com\/blog\/\",\"name\":\"Blog sobre formaci\u00f3n subvencionada y empleo\",\"description\":\"\",\"publisher\":{\"@id\":\"https:\/\/metodoformacion.com\/blog\/#organization\"},\"potentialAction\":[{\"@type\":\"SearchAction\",\"target\":{\"@type\":\"EntryPoint\",\"urlTemplate\":\"https:\/\/metodoformacion.com\/blog\/?s={search_term_string}\"},\"query-input\":\"required name=search_term_string\"}],\"inLanguage\":\"es\"},{\"@type\":\"Organization\",\"@id\":\"https:\/\/metodoformacion.com\/blog\/#organization\",\"name\":\"Grupo M\u00e9todo\",\"url\":\"https:\/\/metodoformacion.com\/blog\/\",\"logo\":{\"@type\":\"ImageObject\",\"inLanguage\":\"es\",\"@id\":\"https:\/\/metodoformacion.com\/blog\/#\/schema\/logo\/image\/\",\"url\":\"https:\/\/metodoformacion.com\/blog\/wp-content\/uploads\/2019\/12\/logo-transparente.png\",\"contentUrl\":\"https:\/\/metodoformacion.com\/blog\/wp-content\/uploads\/2019\/12\/logo-transparente.png\",\"width\":160,\"height\":70,\"caption\":\"Grupo M\u00e9todo\"},\"image\":{\"@id\":\"https:\/\/metodoformacion.com\/blog\/#\/schema\/logo\/image\/\"}},{\"@type\":\"Person\",\"@id\":\"https:\/\/metodoformacion.com\/blog\/#\/schema\/person\/24dae8e4739a10c242abb3f3bdc6ca2a\",\"name\":\"Arantxa Lamas\",\"image\":{\"@type\":\"ImageObject\",\"inLanguage\":\"es\",\"@id\":\"https:\/\/metodoformacion.com\/blog\/#\/schema\/person\/image\/\",\"url\":\"https:\/\/secure.gravatar.com\/avatar\/26efd1f655893e370678c140563554cb?s=96&r=g\",\"contentUrl\":\"https:\/\/secure.gravatar.com\/avatar\/26efd1f655893e370678c140563554cb?s=96&r=g\",\"caption\":\"Arantxa Lamas\"},\"description\":\"Departamento de Marketing y Comunicaci\u00f3n de Grupo M\u00e9todo: responsable de contenidos y medios digitales.\",\"url\":\"https:\/\/metodoformacion.com\/blog\/author\/arantxa-lamas\/\"}]}<\/script>\n<!-- \/ Yoast SEO plugin. -->","yoast_head_json":{"title":"\u2705 Formaci\u00f3n Profesional para el Empleo en Extremadura 2021-2022","description":"\u00a1Nueva convocatoria de Formaci\u00f3n Profesional para el Empleo en Extremadura!\ud83d\udc49 Aqu\u00ed la oferta formativa para profesionales del sector comercio y dependencia.","robots":{"index":"index","follow":"follow","max-snippet":"max-snippet:-1","max-image-preview":"max-image-preview:large","max-video-preview":"max-video-preview:-1"},"canonical":"https:\/\/metodoformacion.com\/blog\/formacion-profesional-empleo-extremadura-2021\/","og_locale":"es_ES","og_type":"article","og_title":"\u2705 Formaci\u00f3n Profesional para el Empleo en Extremadura 2021-2022","og_description":"\u00a1Nueva convocatoria de Formaci\u00f3n Profesional para el Empleo en Extremadura!\ud83d\udc49 Aqu\u00ed la oferta formativa para profesionales del sector comercio y dependencia.","og_url":"https:\/\/metodoformacion.com\/blog\/formacion-profesional-empleo-extremadura-2021\/","og_site_name":"Blog sobre formaci\u00f3n subvencionada y empleo","article_published_time":"2021-11-18T09:03:41+00:00","article_modified_time":"2022-10-13T14:59:06+00:00","og_image":[{"width":650,"height":325,"url":"https:\/\/metodoformacion.com\/blog\/wp-content\/uploads\/2021\/11\/EXTREMADURA-destacada-blog.png","type":"image\/png"}],"author":"Arantxa Lamas","twitter_card":"summary_large_image","twitter_misc":{"Escrito por":"Arantxa Lamas","Tiempo de lectura":"4 minutos"},"schema":{"@context":"https:\/\/schema.org","@graph":[{"@type":"Article","@id":"https:\/\/metodoformacion.com\/blog\/formacion-profesional-empleo-extremadura-2021\/#article","isPartOf":{"@id":"https:\/\/metodoformacion.com\/blog\/formacion-profesional-empleo-extremadura-2021\/"},"author":{"name":"Arantxa Lamas","@id":"https:\/\/metodoformacion.com\/blog\/#\/schema\/person\/24dae8e4739a10c242abb3f3bdc6ca2a"},"headline":"Formaci\u00f3n Profesional para el Empleo en Extremadura [convocatoria 2021]","datePublished":"2021-11-18T09:03:41+00:00","dateModified":"2022-10-13T14:59:06+00:00","mainEntityOfPage":{"@id":"https:\/\/metodoformacion.com\/blog\/formacion-profesional-empleo-extremadura-2021\/"},"wordCount":619,"commentCount":0,"publisher":{"@id":"https:\/\/metodoformacion.com\/blog\/#organization"},"articleSection":["Convocatoria Extremadura 2021","Cursos gratis"],"inLanguage":"es","potentialAction":[{"@type":"CommentAction","name":"Comment","target":["https:\/\/metodoformacion.com\/blog\/formacion-profesional-empleo-extremadura-2021\/#respond"]}]},{"@type":"WebPage","@id":"https:\/\/metodoformacion.com\/blog\/formacion-profesional-empleo-extremadura-2021\/","url":"https:\/\/metodoformacion.com\/blog\/formacion-profesional-empleo-extremadura-2021\/","name":"\u2705 Formaci\u00f3n Profesional para el Empleo en Extremadura 2021-2022","isPartOf":{"@id":"https:\/\/metodoformacion.com\/blog\/#website"},"datePublished":"2021-11-18T09:03:41+00:00","dateModified":"2022-10-13T14:59:06+00:00","description":"\u00a1Nueva convocatoria de Formaci\u00f3n Profesional para el Empleo en Extremadura!\ud83d\udc49 Aqu\u00ed la oferta formativa para profesionales del sector comercio y dependencia.","breadcrumb":{"@id":"https:\/\/metodoformacion.com\/blog\/formacion-profesional-empleo-extremadura-2021\/#breadcrumb"},"inLanguage":"es","potentialAction":[{"@type":"ReadAction","target":["https:\/\/metodoformacion.com\/blog\/formacion-profesional-empleo-extremadura-2021\/"]}]},{"@type":"BreadcrumbList","@id":"https:\/\/metodoformacion.com\/blog\/formacion-profesional-empleo-extremadura-2021\/#breadcrumb","itemListElement":[{"@type":"ListItem","position":1,"name":"Inicio","item":"https:\/\/metodoformacion.com\/blog\/"},{"@type":"ListItem","position":2,"name":"Formaci\u00f3n Profesional para el Empleo en Extremadura [convocatoria 2021]"}]},{"@type":"WebSite","@id":"https:\/\/metodoformacion.com\/blog\/#website","url":"https:\/\/metodoformacion.com\/blog\/","name":"Blog sobre formaci\u00f3n subvencionada y empleo","description":"","publisher":{"@id":"https:\/\/metodoformacion.com\/blog\/#organization"},"potentialAction":[{"@type":"SearchAction","target":{"@type":"EntryPoint","urlTemplate":"https:\/\/metodoformacion.com\/blog\/?s={search_term_string}"},"query-input":"required name=search_term_string"}],"inLanguage":"es"},{"@type":"Organization","@id":"https:\/\/metodoformacion.com\/blog\/#organization","name":"Grupo M\u00e9todo","url":"https:\/\/metodoformacion.com\/blog\/","logo":{"@type":"ImageObject","inLanguage":"es","@id":"https:\/\/metodoformacion.com\/blog\/#\/schema\/logo\/image\/","url":"https:\/\/metodoformacion.com\/blog\/wp-content\/uploads\/2019\/12\/logo-transparente.png","contentUrl":"https:\/\/metodoformacion.com\/blog\/wp-content\/uploads\/2019\/12\/logo-transparente.png","width":160,"height":70,"caption":"Grupo M\u00e9todo"},"image":{"@id":"https:\/\/metodoformacion.com\/blog\/#\/schema\/logo\/image\/"}},{"@type":"Person","@id":"https:\/\/metodoformacion.com\/blog\/#\/schema\/person\/24dae8e4739a10c242abb3f3bdc6ca2a","name":"Arantxa Lamas","image":{"@type":"ImageObject","inLanguage":"es","@id":"https:\/\/metodoformacion.com\/blog\/#\/schema\/person\/image\/","url":"https:\/\/secure.gravatar.com\/avatar\/26efd1f655893e370678c140563554cb?s=96&r=g","contentUrl":"https:\/\/secure.gravatar.com\/avatar\/26efd1f655893e370678c140563554cb?s=96&r=g","caption":"Arantxa Lamas"},"description":"Departamento de Marketing y Comunicaci\u00f3n de Grupo M\u00e9todo: responsable de contenidos y medios digitales.","url":"https:\/\/metodoformacion.com\/blog\/author\/arantxa-lamas\/"}]}},"_links":{"self":[{"href":"https:\/\/metodoformacion.com\/blog\/wp-json\/wp\/v2\/posts\/2281"}],"collection":[{"href":"https:\/\/metodoformacion.com\/blog\/wp-json\/wp\/v2\/posts"}],"about":[{"href":"https:\/\/metodoformacion.com\/blog\/wp-json\/wp\/v2\/types\/post"}],"author":[{"embeddable":true,"href":"https:\/\/metodoformacion.com\/blog\/wp-json\/wp\/v2\/users\/2"}],"replies":[{"embeddable":true,"href":"https:\/\/metodoformacion.com\/blog\/wp-json\/wp\/v2\/comments?post=2281"}],"version-history":[{"count":16,"href":"https:\/\/metodoformacion.com\/blog\/wp-json\/wp\/v2\/posts\/2281\/revisions"}],"predecessor-version":[{"id":3181,"href":"https:\/\/metodoformacion.com\/blog\/wp-json\/wp\/v2\/posts\/2281\/revisions\/3181"}],"wp:featuredmedia":[{"embeddable":true,"href":"https:\/\/metodoformacion.com\/blog\/wp-json\/wp\/v2\/media\/2290"}],"wp:attachment":[{"href":"https:\/\/metodoformacion.com\/blog\/wp-json\/wp\/v2\/media?parent=2281"}],"wp:term":[{"taxonomy":"category","embeddable":true,"href":"https:\/\/metodoformacion.com\/blog\/wp-json\/wp\/v2\/categories?post=2281"},{"taxonomy":"post_tag","embeddable":true,"href":"https:\/\/metodoformacion.com\/blog\/wp-json\/wp\/v2\/tags?post=2281"}],"curies":[{"name":"wp","href":"https:\/\/api.w.org\/{rel}","templated":true}]}}