{"id":2545,"date":"2022-01-28T12:46:50","date_gmt":"2022-01-28T12:46:50","guid":{"rendered":"https:\/\/metodoformacion.com\/blog\/?p=2545"},"modified":"2022-01-28T13:03:28","modified_gmt":"2022-01-28T13:03:28","slug":"institucion-educativa-linkedin","status":"publish","type":"post","link":"https:\/\/metodoformacion.com\/blog\/institucion-educativa-linkedin\/","title":{"rendered":"\ud83c\udfc5 Somos Instituci\u00f3n educativa en LinkedIn: a\u00f1ade tus cursos en tu CV"},"content":{"rendered":"<p>\u00a1\u00a1Ahora Grupo M\u00e9todo somos parte de la familia educativa de LinkedIn!! Te voy a contar muy brevemente qu\u00e9 es una Instituci\u00f3n educativa en LinkedIn y c\u00f3mo a\u00f1adir la formaci\u00f3n que has hecho con nosotros a tu perfil, a tu curr\u00edculum online en esta red social.<\/p>\n<div id=\"ez-toc-container\" class=\"ez-toc-v2_0_62 counter-hierarchy ez-toc-counter ez-toc-custom ez-toc-container-direction\">\n<p class=\"ez-toc-title\">Hablamos sobre...<\/p>\n<label for=\"ez-toc-cssicon-toggle-item-69f5b88fa4bcb\" class=\"ez-toc-cssicon-toggle-label\"><span class=\"\"><span class=\"eztoc-hide\" style=\"display:none;\">Toggle<\/span><span class=\"ez-toc-icon-toggle-span\"><svg style=\"fill: #000000;color:#000000\" xmlns=\"http:\/\/www.w3.org\/2000\/svg\" class=\"list-377408\" width=\"20px\" height=\"20px\" viewBox=\"0 0 24 24\" fill=\"none\"><path d=\"M6 6H4v2h2V6zm14 0H8v2h12V6zM4 11h2v2H4v-2zm16 0H8v2h12v-2zM4 16h2v2H4v-2zm16 0H8v2h12v-2z\" fill=\"currentColor\"><\/path><\/svg><svg style=\"fill: #000000;color:#000000\" class=\"arrow-unsorted-368013\" xmlns=\"http:\/\/www.w3.org\/2000\/svg\" width=\"10px\" height=\"10px\" viewBox=\"0 0 24 24\" version=\"1.2\" baseProfile=\"tiny\"><path d=\"M18.2 9.3l-6.2-6.3-6.2 6.3c-.2.2-.3.4-.3.7s.1.5.3.7c.2.2.4.3.7.3h11c.3 0 .5-.1.7-.3.2-.2.3-.5.3-.7s-.1-.5-.3-.7zM5.8 14.7l6.2 6.3 6.2-6.3c.2-.2.3-.5.3-.7s-.1-.5-.3-.7c-.2-.2-.4-.3-.7-.3h-11c-.3 0-.5.1-.7.3-.2.2-.3.5-.3.7s.1.5.3.7z\"\/><\/svg><\/span><\/span><\/label><input type=\"checkbox\"  id=\"ez-toc-cssicon-toggle-item-69f5b88fa4bcb\" checked aria-label=\"Toggle\" \/><nav><ul class='ez-toc-list ez-toc-list-level-1 ' ><li class='ez-toc-page-1 ez-toc-heading-level-2'><a class=\"ez-toc-link ez-toc-heading-1\" href=\"https:\/\/metodoformacion.com\/blog\/institucion-educativa-linkedin\/#%C2%BFQue_es_una_Institucion_educativa_en_LinkedIn\" title=\"\u00bfQu\u00e9 es una Instituci\u00f3n educativa en LinkedIn?\">\u00bfQu\u00e9 es una Instituci\u00f3n educativa en LinkedIn?<\/a><ul class='ez-toc-list-level-3' ><li class='ez-toc-heading-level-3'><a class=\"ez-toc-link ez-toc-heading-2\" href=\"https:\/\/metodoformacion.com\/blog\/institucion-educativa-linkedin\/#%C2%BFQue_ventajas_tiene_ser_Institucion_educativa\" title=\"\u00bfQu\u00e9 ventajas tiene ser Instituci\u00f3n educativa?\">\u00bfQu\u00e9 ventajas tiene ser Instituci\u00f3n educativa?<\/a><\/li><\/ul><\/li><li class='ez-toc-page-1 ez-toc-heading-level-2'><a class=\"ez-toc-link ez-toc-heading-3\" href=\"https:\/\/metodoformacion.com\/blog\/institucion-educativa-linkedin\/#%F0%9F%93%9D_Como_dar_de_alta_un_curso_de_Metodo_en_LinkedIn_en_3_pasos\" title=\"\ud83d\udcdd C\u00f3mo dar de alta un curso de M\u00e9todo en LinkedIn en 3 pasos \n\">\ud83d\udcdd C\u00f3mo dar de alta un curso de M\u00e9todo en LinkedIn en 3 pasos \n<\/a><ul class='ez-toc-list-level-3' ><li class='ez-toc-heading-level-3'><a class=\"ez-toc-link ez-toc-heading-4\" href=\"https:\/\/metodoformacion.com\/blog\/institucion-educativa-linkedin\/#1_IR_A_TU_PERFIL\" title=\"1. IR A TU PERFIL \n\">1. IR A TU PERFIL \n<\/a><\/li><li class='ez-toc-page-1 ez-toc-heading-level-3'><a class=\"ez-toc-link ez-toc-heading-5\" href=\"https:\/\/metodoformacion.com\/blog\/institucion-educativa-linkedin\/#2_IR_A_EDUCACIONFORMACION\" title=\"2. IR A EDUCACI\u00d3N\/FORMACI\u00d3N\">2. IR A EDUCACI\u00d3N\/FORMACI\u00d3N<\/a><\/li><li class='ez-toc-page-1 ez-toc-heading-level-3'><a class=\"ez-toc-link ez-toc-heading-6\" href=\"https:\/\/metodoformacion.com\/blog\/institucion-educativa-linkedin\/#3_CUBRIR_FORMULARIO\" title=\"3. CUBRIR FORMULARIO\">3. CUBRIR FORMULARIO<\/a><\/li><li class='ez-toc-page-1 ez-toc-heading-level-3'><a class=\"ez-toc-link ez-toc-heading-7\" href=\"https:\/\/metodoformacion.com\/blog\/institucion-educativa-linkedin\/#4_GUARDAR\" title=\"4. GUARDAR\">4. GUARDAR<\/a><\/li><\/ul><\/li><\/ul><\/nav><\/div>\n<h2><span class=\"ez-toc-section\" id=\"%C2%BFQue_es_una_Institucion_educativa_en_LinkedIn\"><\/span><span style=\"color: #0093d1;\">\u00bfQu\u00e9 es una Instituci\u00f3n educativa en LinkedIn?<\/span><span class=\"ez-toc-section-end\"><\/span><\/h2>\n<p>Una Instituci\u00f3n educativa en LinkedIn es una empresa, ya sea de naturaleza p\u00fablica o privada, que se dedica a la formaci\u00f3n y que expide una certificaci\u00f3n a su alumnado.<\/p>\n<h3><span class=\"ez-toc-section\" id=\"%C2%BFQue_ventajas_tiene_ser_Institucion_educativa\"><\/span>\u00bfQu\u00e9 ventajas tiene ser Instituci\u00f3n educativa?<span class=\"ez-toc-section-end\"><\/span><\/h3>\n<p>Tanto para nosotros como para nuestro alumnado, la ventaja es el reconocimiento: ser instituci\u00f3n educativa permite que cuando nuestros alumnos han terminado una formaci\u00f3n con nosotros, pueden asociar nuestra p\u00e1gina, con nuestra imagen oficial, a la formaci\u00f3n que han cursado. Esto lo haremos en nuestro perfil, en la secci\u00f3n \u00abeducaci\u00f3n\u00bb.<\/p>\n<h2><span class=\"ez-toc-section\" id=\"%F0%9F%93%9D_Como_dar_de_alta_un_curso_de_Metodo_en_LinkedIn_en_3_pasos\"><\/span><span style=\"color: #0093d1;\">\ud83d\udcdd C\u00f3mo dar de alta un curso de M\u00e9todo en LinkedIn en 3 pasos<br \/>\n<\/span><span class=\"ez-toc-section-end\"><\/span><\/h2>\n<p>Te muestro primero el resultado, para que veas exactamente en qu\u00e9 consiste y c\u00f3mo queda en tu perfil, y luego te cuento c\u00f3mo hacerlo, paso a paso.<\/p>\n<p>As\u00ed es c\u00f3mo quedar\u00eda registrada tu formaci\u00f3n con Grupo M\u00e9todo en tu perfil profesional de LinkedIn \ud83d\udc47<\/p>\n<p><img loading=\"lazy\" class=\"aligncenter wp-image-2555 size-full\" src=\"https:\/\/metodoformacion.com\/blog\/wp-content\/uploads\/2022\/01\/instituci\u00f3n-educativa-cursos.png\" alt=\"c\u00f3mo a\u00f1adir formaci\u00f3n en LinkedIn\" width=\"795\" height=\"469\" srcset=\"https:\/\/metodoformacion.com\/blog\/wp-content\/uploads\/2022\/01\/instituci\u00f3n-educativa-cursos.png 795w, https:\/\/metodoformacion.com\/blog\/wp-content\/uploads\/2022\/01\/instituci\u00f3n-educativa-cursos-300x177.png 300w, https:\/\/metodoformacion.com\/blog\/wp-content\/uploads\/2022\/01\/instituci\u00f3n-educativa-cursos-768x453.png 768w\" sizes=\"(max-width: 795px) 100vw, 795px\" \/><\/p>\n<h3><span class=\"ez-toc-section\" id=\"1_IR_A_TU_PERFIL\"><\/span><span style=\"font-size: 12pt;\">1. IR A TU PERFIL<br \/>\n<\/span><span class=\"ez-toc-section-end\"><\/span><\/h3>\n<p><span style=\"font-size: 12pt;\">En la <a href=\"https:\/\/www.linkedin.com?utm_source=post&amp;utm_medium=blog&amp;utm_campaign=linkedIn\" target=\"_blank\" rel=\"noopener noreferrer\">p\u00e1gina de inicio de LinkedIn<\/a>, haces clic en \u201cYo\u201d y accede a \u201cVer Perfil\u201d \ud83d\udc40<br \/>\n<\/span><\/p>\n<p><img loading=\"lazy\" class=\"aligncenter wp-image-2547 size-full\" src=\"https:\/\/metodoformacion.com\/blog\/wp-content\/uploads\/2022\/01\/yo-perfil-linkedin.png\" alt=\"abrir perfil en linkedIn\" width=\"1271\" height=\"553\" srcset=\"https:\/\/metodoformacion.com\/blog\/wp-content\/uploads\/2022\/01\/yo-perfil-linkedin.png 1271w, https:\/\/metodoformacion.com\/blog\/wp-content\/uploads\/2022\/01\/yo-perfil-linkedin-300x131.png 300w, https:\/\/metodoformacion.com\/blog\/wp-content\/uploads\/2022\/01\/yo-perfil-linkedin-1024x446.png 1024w, https:\/\/metodoformacion.com\/blog\/wp-content\/uploads\/2022\/01\/yo-perfil-linkedin-768x334.png 768w\" sizes=\"(max-width: 1271px) 100vw, 1271px\" \/><\/p>\n<h3><span class=\"ez-toc-section\" id=\"2_IR_A_EDUCACIONFORMACION\"><\/span><span style=\"font-size: 12pt;\">2. IR A EDUCACI\u00d3N\/FORMACI\u00d3N<\/span><span class=\"ez-toc-section-end\"><\/span><\/h3>\n<p><span style=\"font-size: 12pt;\">Una vez dentro de tu perfil \ud83d\udc69\u200d\ud83d\udcbc si bajas un poco, ver\u00e1s tus experiencias profesionales. Un poco m\u00e1s abajo ver\u00e1s \u00abeducaci\u00f3n\u00bb. <\/span><span style=\"font-size: 12pt;\">Ah\u00ed, en educaci\u00f3n, haz clic en el s\u00edmbolo \u2795<br \/>\n<\/span><\/p>\n<p><img loading=\"lazy\" class=\"alignnone wp-image-2548 size-full\" src=\"https:\/\/metodoformacion.com\/blog\/wp-content\/uploads\/2022\/01\/educaci\u00f3n-linkedin-.png\" alt=\"formaci\u00f3n en LinkedIn\" width=\"1229\" height=\"837\" srcset=\"https:\/\/metodoformacion.com\/blog\/wp-content\/uploads\/2022\/01\/educaci\u00f3n-linkedin-.png 1229w, https:\/\/metodoformacion.com\/blog\/wp-content\/uploads\/2022\/01\/educaci\u00f3n-linkedin--300x204.png 300w, https:\/\/metodoformacion.com\/blog\/wp-content\/uploads\/2022\/01\/educaci\u00f3n-linkedin--1024x697.png 1024w, https:\/\/metodoformacion.com\/blog\/wp-content\/uploads\/2022\/01\/educaci\u00f3n-linkedin--768x523.png 768w\" sizes=\"(max-width: 1229px) 100vw, 1229px\" \/><\/p>\n<h3><span class=\"ez-toc-section\" id=\"3_CUBRIR_FORMULARIO\"><\/span><span style=\"font-size: 12pt;\">3. CUBRIR FORMULARIO<\/span><span class=\"ez-toc-section-end\"><\/span><\/h3>\n<p><span style=\"font-size: 12pt;\">Ahora te sale un formulario \ud83d\udcc4 Te preguntan en primer lugar si quieres notificar a tu red la actualizaci\u00f3n de tu curr\u00edculum <\/span><\/p>\n<p><span style=\"font-size: 12pt;\">\u2705 Habilita esta opci\u00f3n, \u00a1que todo el mundo sepa que sigues form\u00e1ndote!<\/span><\/p>\n<p><span style=\"font-size: 12pt;\">El primer campo del formulario es d\u00f3nde o con qu\u00e9 Instituci\u00f3n educativa te has formado. Ah\u00ed Pones Grupo M\u00e9todo, como ves en la imagen:<\/span><\/p>\n<p><img loading=\"lazy\" class=\"alignnone wp-image-2549 size-full\" src=\"https:\/\/metodoformacion.com\/blog\/wp-content\/uploads\/2022\/01\/grupo-m\u00e9todo-lk.png\" alt=\"qu\u00e9 es una instituci\u00f3n educativa en LinkedIn\" width=\"1193\" height=\"469\" srcset=\"https:\/\/metodoformacion.com\/blog\/wp-content\/uploads\/2022\/01\/grupo-m\u00e9todo-lk.png 1193w, https:\/\/metodoformacion.com\/blog\/wp-content\/uploads\/2022\/01\/grupo-m\u00e9todo-lk-300x118.png 300w, https:\/\/metodoformacion.com\/blog\/wp-content\/uploads\/2022\/01\/grupo-m\u00e9todo-lk-1024x403.png 1024w, https:\/\/metodoformacion.com\/blog\/wp-content\/uploads\/2022\/01\/grupo-m\u00e9todo-lk-768x302.png 768w\" sizes=\"(max-width: 1193px) 100vw, 1193px\" \/><\/p>\n<p><span style=\"font-size: 12pt;\">Ya puedes cubrir los dem\u00e1s campos del formulario.<\/span><\/p>\n<p><span style=\"font-size: 12pt;\"><span style=\"color: #0093d1;\">\u00a0\u27a1<\/span> En \u00abt\u00edtulo\u00bb puedes decir si tu formaci\u00f3n es: a) un certificado de profesionalidad b) un m\u00f3dulo formativo de un certificado de profesionalidad c) una especilidad formativa (un curso subvencionado).<\/span><\/p>\n<p><span style=\"font-size: 12pt;\"><span style=\"color: #0093d1;\">\u00a0\u27a1\u00a0<\/span> En \u00abdisciplina acad\u00e9mica\u00bb puedes incluir el nombre del curso. <\/span><\/p>\n<p><span style=\"font-size: 12pt;\"><span style=\"color: #0093d1;\">\u00a0\u27a1<\/span> En \u00abdescripci\u00f3n\u00bb podr\u00edas a\u00f1adir alg\u00fan detalle del curso que has hecho (los objetivos del curso, el n\u00famero de horas, si lo hiciste online o presencial, etc.).<\/span><\/p>\n<p><img loading=\"lazy\" class=\"alignnone wp-image-2550 size-full\" src=\"https:\/\/metodoformacion.com\/blog\/wp-content\/uploads\/2022\/01\/campos-lk.png\" alt=\"editar informaci\u00f3n de educaci\u00f3n en LinkedIn\" width=\"1188\" height=\"804\" srcset=\"https:\/\/metodoformacion.com\/blog\/wp-content\/uploads\/2022\/01\/campos-lk.png 1188w, https:\/\/metodoformacion.com\/blog\/wp-content\/uploads\/2022\/01\/campos-lk-300x203.png 300w, https:\/\/metodoformacion.com\/blog\/wp-content\/uploads\/2022\/01\/campos-lk-1024x693.png 1024w, https:\/\/metodoformacion.com\/blog\/wp-content\/uploads\/2022\/01\/campos-lk-768x520.png 768w\" sizes=\"(max-width: 1188px) 100vw, 1188px\" \/><\/p>\n<p><span style=\"font-size: 14pt;\">\u00a0<span style=\"font-size: 12pt;\">\ud83d\udca1 Abajo tambi\u00e9n tienes la opci\u00f3n de a\u00f1adir contenido multimedia, ya sea un link o un archivo. Cuando recibas tu certificado, podr\u00e1s subirlo ah\u00ed (cargar contenido) para demostrar que has finalizado la formaci\u00f3n\ud83d\udc99<\/span><\/span><\/p>\n<p><img loading=\"lazy\" class=\"size-full wp-image-2561 aligncenter\" src=\"https:\/\/metodoformacion.com\/blog\/wp-content\/uploads\/2022\/01\/multimedia-linkedin.png\" alt=\"a\u00f1adir multimedia en el perfil de LinkedIn\" width=\"746\" height=\"283\" srcset=\"https:\/\/metodoformacion.com\/blog\/wp-content\/uploads\/2022\/01\/multimedia-linkedin.png 746w, https:\/\/metodoformacion.com\/blog\/wp-content\/uploads\/2022\/01\/multimedia-linkedin-300x114.png 300w\" sizes=\"(max-width: 746px) 100vw, 746px\" \/><\/p>\n<h3><span class=\"ez-toc-section\" id=\"4_GUARDAR\"><\/span><span style=\"font-size: 12pt;\">4. GUARDAR<\/span><span class=\"ez-toc-section-end\"><\/span><\/h3>\n<p>\u00a1\u00a1Recuerda guardar tu actualizaci\u00f3n!! Aunque no ser\u00eda nada grave: no perder\u00e1s los datos que has introducido ya que si intentas salir sin guardar los cambios LinkedIn te preguntar\u00e1:<\/p>\n<p><img loading=\"lazy\" class=\"aligncenter wp-image-2564 size-large\" src=\"https:\/\/metodoformacion.com\/blog\/wp-content\/uploads\/2022\/01\/guardar-actualizaci\u00f3n-1024x575.png\" alt=\"guardar cambios en educaci\u00f3n LinkedIn\" width=\"812\" height=\"456\" srcset=\"https:\/\/metodoformacion.com\/blog\/wp-content\/uploads\/2022\/01\/guardar-actualizaci\u00f3n-1024x575.png 1024w, https:\/\/metodoformacion.com\/blog\/wp-content\/uploads\/2022\/01\/guardar-actualizaci\u00f3n-300x168.png 300w, https:\/\/metodoformacion.com\/blog\/wp-content\/uploads\/2022\/01\/guardar-actualizaci\u00f3n-768x431.png 768w, https:\/\/metodoformacion.com\/blog\/wp-content\/uploads\/2022\/01\/guardar-actualizaci\u00f3n.png 1051w\" sizes=\"(max-width: 812px) 100vw, 812px\" \/><\/p>\n<hr \/>\n<p>Espero que este post te haya resultado de inter\u00e9s y que te animes a actualizar tu Curr\u00edculum virtual de LinkedIn con los cursos que has hecho con Grupo M\u00e9todo \ud83d\ude09<\/p>\n","protected":false},"excerpt":{"rendered":"<p>\u00a1\u00a1Ahora Grupo M\u00e9todo somos parte de la familia educativa de LinkedIn!! Te voy a contar muy brevemente qu\u00e9 es una Instituci\u00f3n educativa en LinkedIn y c\u00f3mo a\u00f1adir la formaci\u00f3n que has hecho con nosotros a tu perfil, a tu curr\u00edculum online en esta red social. \u00bfQu\u00e9 es una Instituci\u00f3n educativa en LinkedIn? Una Instituci\u00f3n educativa [&hellip;]<\/p>\n","protected":false},"author":2,"featured_media":2560,"comment_status":"open","ping_status":"open","sticky":false,"template":"","format":"standard","meta":{"_monsterinsights_skip_tracking":false,"_monsterinsights_sitenote_active":false,"_monsterinsights_sitenote_note":"","_monsterinsights_sitenote_category":0},"categories":[29,48],"tags":[],"yoast_head":"<!-- This site is optimized with the Yoast SEO plugin v19.14 - https:\/\/yoast.com\/wordpress\/plugins\/seo\/ -->\n<title>\ud83c\udfc5 Somos Instituci\u00f3n educativa en LinkedIn: a\u00f1ade tus cursos en tu CV<\/title>\n<meta name=\"description\" content=\"Ahora puedes incluir en tu CV virtual de LinkedIn los cursos que hayas hecho con nosotros. \u00a1Somos Instituci\u00f3n educativa en LinkedIn!\" \/>\n<meta name=\"robots\" content=\"index, follow, max-snippet:-1, max-image-preview:large, max-video-preview:-1\" \/>\n<link rel=\"canonical\" href=\"https:\/\/metodoformacion.com\/blog\/institucion-educativa-linkedin\/\" \/>\n<meta property=\"og:locale\" content=\"es_ES\" \/>\n<meta property=\"og:type\" content=\"article\" \/>\n<meta property=\"og:title\" content=\"\ud83c\udfc5 Somos Instituci\u00f3n educativa en LinkedIn: a\u00f1ade tus cursos en tu CV\" \/>\n<meta property=\"og:description\" content=\"Ahora puedes incluir en tu CV virtual de LinkedIn los cursos que hayas hecho con nosotros. \u00a1Somos Instituci\u00f3n educativa en LinkedIn!\" \/>\n<meta property=\"og:url\" content=\"https:\/\/metodoformacion.com\/blog\/institucion-educativa-linkedin\/\" \/>\n<meta property=\"og:site_name\" content=\"Blog sobre formaci\u00f3n subvencionada y empleo\" \/>\n<meta property=\"article:published_time\" content=\"2022-01-28T12:46:50+00:00\" \/>\n<meta property=\"article:modified_time\" content=\"2022-01-28T13:03:28+00:00\" \/>\n<meta property=\"og:image\" content=\"https:\/\/metodoformacion.com\/blog\/wp-content\/uploads\/2022\/01\/INSTITUCI\u00d3N-EDU-LINKEDIN-1.png\" \/>\n\t<meta property=\"og:image:width\" content=\"650\" \/>\n\t<meta property=\"og:image:height\" content=\"325\" \/>\n\t<meta property=\"og:image:type\" content=\"image\/png\" \/>\n<meta name=\"author\" content=\"Arantxa Lamas\" \/>\n<meta name=\"twitter:card\" content=\"summary_large_image\" \/>\n<meta name=\"twitter:label1\" content=\"Escrito por\" \/>\n\t<meta name=\"twitter:data1\" content=\"Arantxa Lamas\" \/>\n\t<meta name=\"twitter:label2\" content=\"Tiempo de lectura\" \/>\n\t<meta name=\"twitter:data2\" content=\"3 minutos\" \/>\n<script type=\"application\/ld+json\" class=\"yoast-schema-graph\">{\"@context\":\"https:\/\/schema.org\",\"@graph\":[{\"@type\":\"Article\",\"@id\":\"https:\/\/metodoformacion.com\/blog\/institucion-educativa-linkedin\/#article\",\"isPartOf\":{\"@id\":\"https:\/\/metodoformacion.com\/blog\/institucion-educativa-linkedin\/\"},\"author\":{\"name\":\"Arantxa Lamas\",\"@id\":\"https:\/\/metodoformacion.com\/blog\/#\/schema\/person\/24dae8e4739a10c242abb3f3bdc6ca2a\"},\"headline\":\"\ud83c\udfc5 Somos Instituci\u00f3n educativa en LinkedIn: a\u00f1ade tus cursos en tu CV\",\"datePublished\":\"2022-01-28T12:46:50+00:00\",\"dateModified\":\"2022-01-28T13:03:28+00:00\",\"mainEntityOfPage\":{\"@id\":\"https:\/\/metodoformacion.com\/blog\/institucion-educativa-linkedin\/\"},\"wordCount\":544,\"commentCount\":8,\"publisher\":{\"@id\":\"https:\/\/metodoformacion.com\/blog\/#organization\"},\"articleSection\":[\"Noticias\",\"Social Media\"],\"inLanguage\":\"es\",\"potentialAction\":[{\"@type\":\"CommentAction\",\"name\":\"Comment\",\"target\":[\"https:\/\/metodoformacion.com\/blog\/institucion-educativa-linkedin\/#respond\"]}]},{\"@type\":\"WebPage\",\"@id\":\"https:\/\/metodoformacion.com\/blog\/institucion-educativa-linkedin\/\",\"url\":\"https:\/\/metodoformacion.com\/blog\/institucion-educativa-linkedin\/\",\"name\":\"\ud83c\udfc5 Somos Instituci\u00f3n educativa en LinkedIn: a\u00f1ade tus cursos en tu CV\",\"isPartOf\":{\"@id\":\"https:\/\/metodoformacion.com\/blog\/#website\"},\"datePublished\":\"2022-01-28T12:46:50+00:00\",\"dateModified\":\"2022-01-28T13:03:28+00:00\",\"description\":\"Ahora puedes incluir en tu CV virtual de LinkedIn los cursos que hayas hecho con nosotros. \u00a1Somos Instituci\u00f3n educativa en LinkedIn!\",\"breadcrumb\":{\"@id\":\"https:\/\/metodoformacion.com\/blog\/institucion-educativa-linkedin\/#breadcrumb\"},\"inLanguage\":\"es\",\"potentialAction\":[{\"@type\":\"ReadAction\",\"target\":[\"https:\/\/metodoformacion.com\/blog\/institucion-educativa-linkedin\/\"]}]},{\"@type\":\"BreadcrumbList\",\"@id\":\"https:\/\/metodoformacion.com\/blog\/institucion-educativa-linkedin\/#breadcrumb\",\"itemListElement\":[{\"@type\":\"ListItem\",\"position\":1,\"name\":\"Inicio\",\"item\":\"https:\/\/metodoformacion.com\/blog\/\"},{\"@type\":\"ListItem\",\"position\":2,\"name\":\"\ud83c\udfc5 Somos Instituci\u00f3n educativa en LinkedIn: a\u00f1ade tus cursos en tu CV\"}]},{\"@type\":\"WebSite\",\"@id\":\"https:\/\/metodoformacion.com\/blog\/#website\",\"url\":\"https:\/\/metodoformacion.com\/blog\/\",\"name\":\"Blog sobre formaci\u00f3n subvencionada y empleo\",\"description\":\"\",\"publisher\":{\"@id\":\"https:\/\/metodoformacion.com\/blog\/#organization\"},\"potentialAction\":[{\"@type\":\"SearchAction\",\"target\":{\"@type\":\"EntryPoint\",\"urlTemplate\":\"https:\/\/metodoformacion.com\/blog\/?s={search_term_string}\"},\"query-input\":\"required name=search_term_string\"}],\"inLanguage\":\"es\"},{\"@type\":\"Organization\",\"@id\":\"https:\/\/metodoformacion.com\/blog\/#organization\",\"name\":\"Grupo M\u00e9todo\",\"url\":\"https:\/\/metodoformacion.com\/blog\/\",\"logo\":{\"@type\":\"ImageObject\",\"inLanguage\":\"es\",\"@id\":\"https:\/\/metodoformacion.com\/blog\/#\/schema\/logo\/image\/\",\"url\":\"https:\/\/metodoformacion.com\/blog\/wp-content\/uploads\/2019\/12\/logo-transparente.png\",\"contentUrl\":\"https:\/\/metodoformacion.com\/blog\/wp-content\/uploads\/2019\/12\/logo-transparente.png\",\"width\":160,\"height\":70,\"caption\":\"Grupo M\u00e9todo\"},\"image\":{\"@id\":\"https:\/\/metodoformacion.com\/blog\/#\/schema\/logo\/image\/\"}},{\"@type\":\"Person\",\"@id\":\"https:\/\/metodoformacion.com\/blog\/#\/schema\/person\/24dae8e4739a10c242abb3f3bdc6ca2a\",\"name\":\"Arantxa Lamas\",\"image\":{\"@type\":\"ImageObject\",\"inLanguage\":\"es\",\"@id\":\"https:\/\/metodoformacion.com\/blog\/#\/schema\/person\/image\/\",\"url\":\"https:\/\/secure.gravatar.com\/avatar\/26efd1f655893e370678c140563554cb?s=96&r=g\",\"contentUrl\":\"https:\/\/secure.gravatar.com\/avatar\/26efd1f655893e370678c140563554cb?s=96&r=g\",\"caption\":\"Arantxa Lamas\"},\"description\":\"Departamento de Marketing y Comunicaci\u00f3n de Grupo M\u00e9todo: responsable de contenidos y medios digitales.\",\"url\":\"https:\/\/metodoformacion.com\/blog\/author\/arantxa-lamas\/\"}]}<\/script>\n<!-- \/ Yoast SEO plugin. -->","yoast_head_json":{"title":"\ud83c\udfc5 Somos Instituci\u00f3n educativa en LinkedIn: a\u00f1ade tus cursos en tu CV","description":"Ahora puedes incluir en tu CV virtual de LinkedIn los cursos que hayas hecho con nosotros. \u00a1Somos Instituci\u00f3n educativa en LinkedIn!","robots":{"index":"index","follow":"follow","max-snippet":"max-snippet:-1","max-image-preview":"max-image-preview:large","max-video-preview":"max-video-preview:-1"},"canonical":"https:\/\/metodoformacion.com\/blog\/institucion-educativa-linkedin\/","og_locale":"es_ES","og_type":"article","og_title":"\ud83c\udfc5 Somos Instituci\u00f3n educativa en LinkedIn: a\u00f1ade tus cursos en tu CV","og_description":"Ahora puedes incluir en tu CV virtual de LinkedIn los cursos que hayas hecho con nosotros. \u00a1Somos Instituci\u00f3n educativa en LinkedIn!","og_url":"https:\/\/metodoformacion.com\/blog\/institucion-educativa-linkedin\/","og_site_name":"Blog sobre formaci\u00f3n subvencionada y empleo","article_published_time":"2022-01-28T12:46:50+00:00","article_modified_time":"2022-01-28T13:03:28+00:00","og_image":[{"width":650,"height":325,"url":"https:\/\/metodoformacion.com\/blog\/wp-content\/uploads\/2022\/01\/INSTITUCI\u00d3N-EDU-LINKEDIN-1.png","type":"image\/png"}],"author":"Arantxa Lamas","twitter_card":"summary_large_image","twitter_misc":{"Escrito por":"Arantxa Lamas","Tiempo de lectura":"3 minutos"},"schema":{"@context":"https:\/\/schema.org","@graph":[{"@type":"Article","@id":"https:\/\/metodoformacion.com\/blog\/institucion-educativa-linkedin\/#article","isPartOf":{"@id":"https:\/\/metodoformacion.com\/blog\/institucion-educativa-linkedin\/"},"author":{"name":"Arantxa Lamas","@id":"https:\/\/metodoformacion.com\/blog\/#\/schema\/person\/24dae8e4739a10c242abb3f3bdc6ca2a"},"headline":"\ud83c\udfc5 Somos Instituci\u00f3n educativa en LinkedIn: a\u00f1ade tus cursos en tu CV","datePublished":"2022-01-28T12:46:50+00:00","dateModified":"2022-01-28T13:03:28+00:00","mainEntityOfPage":{"@id":"https:\/\/metodoformacion.com\/blog\/institucion-educativa-linkedin\/"},"wordCount":544,"commentCount":8,"publisher":{"@id":"https:\/\/metodoformacion.com\/blog\/#organization"},"articleSection":["Noticias","Social Media"],"inLanguage":"es","potentialAction":[{"@type":"CommentAction","name":"Comment","target":["https:\/\/metodoformacion.com\/blog\/institucion-educativa-linkedin\/#respond"]}]},{"@type":"WebPage","@id":"https:\/\/metodoformacion.com\/blog\/institucion-educativa-linkedin\/","url":"https:\/\/metodoformacion.com\/blog\/institucion-educativa-linkedin\/","name":"\ud83c\udfc5 Somos Instituci\u00f3n educativa en LinkedIn: a\u00f1ade tus cursos en tu CV","isPartOf":{"@id":"https:\/\/metodoformacion.com\/blog\/#website"},"datePublished":"2022-01-28T12:46:50+00:00","dateModified":"2022-01-28T13:03:28+00:00","description":"Ahora puedes incluir en tu CV virtual de LinkedIn los cursos que hayas hecho con nosotros. \u00a1Somos Instituci\u00f3n educativa en LinkedIn!","breadcrumb":{"@id":"https:\/\/metodoformacion.com\/blog\/institucion-educativa-linkedin\/#breadcrumb"},"inLanguage":"es","potentialAction":[{"@type":"ReadAction","target":["https:\/\/metodoformacion.com\/blog\/institucion-educativa-linkedin\/"]}]},{"@type":"BreadcrumbList","@id":"https:\/\/metodoformacion.com\/blog\/institucion-educativa-linkedin\/#breadcrumb","itemListElement":[{"@type":"ListItem","position":1,"name":"Inicio","item":"https:\/\/metodoformacion.com\/blog\/"},{"@type":"ListItem","position":2,"name":"\ud83c\udfc5 Somos Instituci\u00f3n educativa en LinkedIn: a\u00f1ade tus cursos en tu CV"}]},{"@type":"WebSite","@id":"https:\/\/metodoformacion.com\/blog\/#website","url":"https:\/\/metodoformacion.com\/blog\/","name":"Blog sobre formaci\u00f3n subvencionada y empleo","description":"","publisher":{"@id":"https:\/\/metodoformacion.com\/blog\/#organization"},"potentialAction":[{"@type":"SearchAction","target":{"@type":"EntryPoint","urlTemplate":"https:\/\/metodoformacion.com\/blog\/?s={search_term_string}"},"query-input":"required name=search_term_string"}],"inLanguage":"es"},{"@type":"Organization","@id":"https:\/\/metodoformacion.com\/blog\/#organization","name":"Grupo M\u00e9todo","url":"https:\/\/metodoformacion.com\/blog\/","logo":{"@type":"ImageObject","inLanguage":"es","@id":"https:\/\/metodoformacion.com\/blog\/#\/schema\/logo\/image\/","url":"https:\/\/metodoformacion.com\/blog\/wp-content\/uploads\/2019\/12\/logo-transparente.png","contentUrl":"https:\/\/metodoformacion.com\/blog\/wp-content\/uploads\/2019\/12\/logo-transparente.png","width":160,"height":70,"caption":"Grupo M\u00e9todo"},"image":{"@id":"https:\/\/metodoformacion.com\/blog\/#\/schema\/logo\/image\/"}},{"@type":"Person","@id":"https:\/\/metodoformacion.com\/blog\/#\/schema\/person\/24dae8e4739a10c242abb3f3bdc6ca2a","name":"Arantxa Lamas","image":{"@type":"ImageObject","inLanguage":"es","@id":"https:\/\/metodoformacion.com\/blog\/#\/schema\/person\/image\/","url":"https:\/\/secure.gravatar.com\/avatar\/26efd1f655893e370678c140563554cb?s=96&r=g","contentUrl":"https:\/\/secure.gravatar.com\/avatar\/26efd1f655893e370678c140563554cb?s=96&r=g","caption":"Arantxa Lamas"},"description":"Departamento de Marketing y Comunicaci\u00f3n de Grupo M\u00e9todo: responsable de contenidos y medios digitales.","url":"https:\/\/metodoformacion.com\/blog\/author\/arantxa-lamas\/"}]}},"_links":{"self":[{"href":"https:\/\/metodoformacion.com\/blog\/wp-json\/wp\/v2\/posts\/2545"}],"collection":[{"href":"https:\/\/metodoformacion.com\/blog\/wp-json\/wp\/v2\/posts"}],"about":[{"href":"https:\/\/metodoformacion.com\/blog\/wp-json\/wp\/v2\/types\/post"}],"author":[{"embeddable":true,"href":"https:\/\/metodoformacion.com\/blog\/wp-json\/wp\/v2\/users\/2"}],"replies":[{"embeddable":true,"href":"https:\/\/metodoformacion.com\/blog\/wp-json\/wp\/v2\/comments?post=2545"}],"version-history":[{"count":18,"href":"https:\/\/metodoformacion.com\/blog\/wp-json\/wp\/v2\/posts\/2545\/revisions"}],"predecessor-version":[{"id":2573,"href":"https:\/\/metodoformacion.com\/blog\/wp-json\/wp\/v2\/posts\/2545\/revisions\/2573"}],"wp:featuredmedia":[{"embeddable":true,"href":"https:\/\/metodoformacion.com\/blog\/wp-json\/wp\/v2\/media\/2560"}],"wp:attachment":[{"href":"https:\/\/metodoformacion.com\/blog\/wp-json\/wp\/v2\/media?parent=2545"}],"wp:term":[{"taxonomy":"category","embeddable":true,"href":"https:\/\/metodoformacion.com\/blog\/wp-json\/wp\/v2\/categories?post=2545"},{"taxonomy":"post_tag","embeddable":true,"href":"https:\/\/metodoformacion.com\/blog\/wp-json\/wp\/v2\/tags?post=2545"}],"curies":[{"name":"wp","href":"https:\/\/api.w.org\/{rel}","templated":true}]}}