{"id":2578,"date":"2022-02-14T11:34:47","date_gmt":"2022-02-14T11:34:47","guid":{"rendered":"https:\/\/metodoformacion.com\/blog\/?p=2578"},"modified":"2022-11-28T12:26:12","modified_gmt":"2022-11-28T12:26:12","slug":"cursos-gratuitos-canarias-convocatoria-fpe","status":"publish","type":"post","link":"https:\/\/metodoformacion.com\/blog\/cursos-gratuitos-canarias-convocatoria-fpe\/","title":{"rendered":"Cursos gratuitos en Canarias \ud83c\udf4c nueva convocatoria de FPE"},"content":{"rendered":"<p style=\"text-align: justify;\"><strong>Abierta la convocatoria de Formaci\u00f3n Profesional para el Empleo en Canarias<\/strong>. En Grupo M\u00e9todo ofrecemos <a href=\"https:\/\/metodoformacion.com\/campa%c3%b1as\/canarias_2021-266?utm_source=blog&amp;utm_medium=mailjet&amp;utm_campaign=FC-2021.2%2F05%2F1916806_Canarias&amp;utm_content=landing+canarias\" target=\"_blank\" rel=\"noopener noreferrer\"><span style=\"color: #0093d1;\">cursos gratuitos en Canarias para profesionales del sector de actividad INDUSTRIA<\/span><\/a>.<\/p>\n<div id=\"ez-toc-container\" class=\"ez-toc-v2_0_62 counter-hierarchy ez-toc-counter ez-toc-custom ez-toc-container-direction\">\n<p class=\"ez-toc-title\">Hablamos sobre...<\/p>\n<label for=\"ez-toc-cssicon-toggle-item-69f3569826f10\" class=\"ez-toc-cssicon-toggle-label\"><span class=\"\"><span class=\"eztoc-hide\" style=\"display:none;\">Toggle<\/span><span class=\"ez-toc-icon-toggle-span\"><svg style=\"fill: #000000;color:#000000\" xmlns=\"http:\/\/www.w3.org\/2000\/svg\" class=\"list-377408\" width=\"20px\" height=\"20px\" viewBox=\"0 0 24 24\" fill=\"none\"><path d=\"M6 6H4v2h2V6zm14 0H8v2h12V6zM4 11h2v2H4v-2zm16 0H8v2h12v-2zM4 16h2v2H4v-2zm16 0H8v2h12v-2z\" fill=\"currentColor\"><\/path><\/svg><svg style=\"fill: #000000;color:#000000\" class=\"arrow-unsorted-368013\" xmlns=\"http:\/\/www.w3.org\/2000\/svg\" width=\"10px\" height=\"10px\" viewBox=\"0 0 24 24\" version=\"1.2\" baseProfile=\"tiny\"><path d=\"M18.2 9.3l-6.2-6.3-6.2 6.3c-.2.2-.3.4-.3.7s.1.5.3.7c.2.2.4.3.7.3h11c.3 0 .5-.1.7-.3.2-.2.3-.5.3-.7s-.1-.5-.3-.7zM5.8 14.7l6.2 6.3 6.2-6.3c.2-.2.3-.5.3-.7s-.1-.5-.3-.7c-.2-.2-.4-.3-.7-.3h-11c-.3 0-.5.1-.7.3-.2.2-.3.5-.3.7s.1.5.3.7z\"\/><\/svg><\/span><\/span><\/label><input type=\"checkbox\"  id=\"ez-toc-cssicon-toggle-item-69f3569826f10\" checked aria-label=\"Toggle\" \/><nav><ul class='ez-toc-list ez-toc-list-level-1 ' ><li class='ez-toc-page-1 ez-toc-heading-level-2'><a class=\"ez-toc-link ez-toc-heading-1\" href=\"https:\/\/metodoformacion.com\/blog\/cursos-gratuitos-canarias-convocatoria-fpe\/#%C2%BFQue_sectores_de_actividad_se_incluyen_en_industria\" title=\"\u00bfQu\u00e9 sectores de actividad se incluyen en industria?\">\u00bfQu\u00e9 sectores de actividad se incluyen en industria?<\/a><ul class='ez-toc-list-level-3' ><li class='ez-toc-heading-level-3'><a class=\"ez-toc-link ez-toc-heading-2\" href=\"https:\/\/metodoformacion.com\/blog\/cursos-gratuitos-canarias-convocatoria-fpe\/#Por_que_hacer_cursos_subvencionados_de_Formacion_Profesional_para_el_Empleo\" title=\"Por qu\u00e9 hacer cursos subvencionados de Formaci\u00f3n Profesional para el Empleo\">Por qu\u00e9 hacer cursos subvencionados de Formaci\u00f3n Profesional para el Empleo<\/a><\/li><li class='ez-toc-page-1 ez-toc-heading-level-3'><a class=\"ez-toc-link ez-toc-heading-3\" href=\"https:\/\/metodoformacion.com\/blog\/cursos-gratuitos-canarias-convocatoria-fpe\/#9_cursos_online_gratis_disponibles_en_Canarias\" title=\"9 cursos online gratis disponibles en Canarias:\">9 cursos online gratis disponibles en Canarias:<\/a><\/li><\/ul><\/li><li class='ez-toc-page-1 ez-toc-heading-level-2'><a class=\"ez-toc-link ez-toc-heading-4\" href=\"https:\/\/metodoformacion.com\/blog\/cursos-gratuitos-canarias-convocatoria-fpe\/#%C2%BFEres_demandante_de_empleo\" title=\"\u00bfEres demandante de empleo?\">\u00bfEres demandante de empleo?<\/a><\/li><\/ul><\/nav><\/div>\n<h2><span class=\"ez-toc-section\" id=\"%C2%BFQue_sectores_de_actividad_se_incluyen_en_industria\"><\/span>\u00bfQu\u00e9 sectores de actividad se incluyen en industria?<span class=\"ez-toc-section-end\"><\/span><\/h2>\n<p>\ud83d\udca7\u00a0Industrias de captaci\u00f3n, elevaci\u00f3n, conducci\u00f3n, tratamiento, distribuci\u00f3n, saneamiento y depuraci\u00f3n de aguas potables y residuales<\/p>\n<p>\ud83e\udd61 Industrias de alimentaci\u00f3n y bebidas<\/p>\n<p>\ud83d\udce6 Artes gr\u00e1ficas, manipulados de papel y cart\u00f3n, editoriales e industrias afines<\/p>\n<p>\ud83d\udd0c Sector de la industria el\u00e9ctrica<\/p>\n<p>\ud83e\uddf5 Industria textil y de la confecci\u00f3n<\/p>\n<p>\u2744 Fr\u00edo Industrial<\/p>\n<p>\ud83e\ude9f\u00a0Industrias extractivas, industrias del vidrio, industrias de la cer\u00e1mica y el comercio exclusivista de los mismos materiales<\/p>\n<p>\ud83e\udd69\u00a0Industrias c\u00e1rnicas<\/p>\n<p>\ud83c\udf4d\u00a0 Conservas vegetales<\/p>\n<p>\ud83c\udf33\u00a0Recuperaci\u00f3n de residuos y materias primas secundarias o recicladas<\/p>\n<h3><span class=\"ez-toc-section\" id=\"Por_que_hacer_cursos_subvencionados_de_Formacion_Profesional_para_el_Empleo\"><\/span>Por qu\u00e9 hacer cursos subvencionados de Formaci\u00f3n Profesional para el Empleo<span class=\"ez-toc-section-end\"><\/span><\/h3>\n<p>Hay tres razones principales por las que es recomendable continuar form\u00e1ndose, y hacerlo con la FPE: la Formaci\u00f3n Profesional para el Empleo es una oportunidad para mejorar tus competencias profesionales; a su vez, porque los profesionales m\u00e1s formados aumentan la competitividad de las empresas, lo que nos lleva a que <span id=\"Aumenta_la_empleabilidad_de_las_personas\" class=\"ez-toc-section\">la formaci\u00f3n de las trabajadoras y los trabajadores a<\/span>umenta la empleabilidad.<\/p>\n<h3><span class=\"ez-toc-section\" id=\"9_cursos_online_gratis_disponibles_en_Canarias\"><\/span>9 cursos online gratis disponibles en Canarias:<span class=\"ez-toc-section-end\"><\/span><\/h3>\n<p><span class=\"style-scope fragment-curso\">Asesor de imagen. Estilista de moda | M<\/span><span class=\"style-scope fragment-curso\">icrobiolog\u00eda de los alimentos| <\/span><span class=\"style-scope fragment-curso\">Aditivos alimentarios<\/span><\/p>\n<p><span class=\"style-scope fragment-curso\">Protocolos IFS y BRC en seguridad alimentaria | <\/span><span class=\"style-scope fragment-curso\">Aut\u00f3matas programables | Gesti\u00f3n de residuos<br \/>\n<\/span><\/p>\n<p><span class=\"style-scope fragment-curso\">Energ\u00eda solar t\u00e9rmica I| <\/span><span class=\"style-scope fragment-curso\">Energ\u00eda solar t\u00e9rmica II | <\/span><span class=\"style-scope fragment-curso\">Sistema APPCC y pr\u00e1cticas correctas de higiene<\/span><\/p>\n<p><span class=\"style-scope fragment-curso\">\u00a0<\/span><\/p>\n<p style=\"text-align: center;\"><strong><span style=\"font-size: 18pt;\">\ud83d\udc47<span style=\"color: #000000;\"> \u00bfTe animas?<\/span> \ud83d\udc47<\/span><\/strong><\/p>\n<p>&nbsp;<\/p>\n<p><a href=\"https:\/\/metodoformacion.com\/campa%c3%b1as\/canarias_2021-266?utm_source=blog&amp;utm_medium=mailjet&amp;utm_campaign=FC-2021.2%2F05%2F1916806_Canarias&amp;utm_content=landing+canarias\"><img loading=\"lazy\" class=\"aligncenter wp-image-2585 size-full\" src=\"https:\/\/metodoformacion.com\/blog\/wp-content\/uploads\/2022\/02\/cursos-industria-ok.png\" alt=\"cursos gratuitos en canarias\" width=\"1884\" height=\"636\" srcset=\"https:\/\/metodoformacion.com\/blog\/wp-content\/uploads\/2022\/02\/cursos-industria-ok.png 1884w, https:\/\/metodoformacion.com\/blog\/wp-content\/uploads\/2022\/02\/cursos-industria-ok-300x101.png 300w, https:\/\/metodoformacion.com\/blog\/wp-content\/uploads\/2022\/02\/cursos-industria-ok-1024x346.png 1024w, https:\/\/metodoformacion.com\/blog\/wp-content\/uploads\/2022\/02\/cursos-industria-ok-768x259.png 768w, https:\/\/metodoformacion.com\/blog\/wp-content\/uploads\/2022\/02\/cursos-industria-ok-1536x519.png 1536w\" sizes=\"(max-width: 1884px) 100vw, 1884px\" \/><\/a><\/p>\n<p>&nbsp;<\/p>\n<p>&nbsp;<\/p>\n<p>&nbsp;<\/p>\n<h2><span class=\"ez-toc-section\" id=\"%C2%BFEres_demandante_de_empleo\"><\/span>\u00bfEres demandante de empleo?<span class=\"ez-toc-section-end\"><\/span><\/h2>\n<p>En este caso te alegrar\u00e1 saber que tambi\u00e9n tenemos formaci\u00f3n exclusiva para ti. Se trata de un itinerario formativo con compromiso de contrataci\u00f3n, que impartiremos en modalidad presencial en nuestro centro de la C\/ Uruguay n\u00ba 40, 35007 &#8211; Las Palmas de Gran Canaria.<\/p>\n<p><img loading=\"lazy\" class=\"aligncenter size-full wp-image-3224\" src=\"https:\/\/metodoformacion.com\/blog\/wp-content\/uploads\/2022\/02\/Captura.png\" alt=\"\" width=\"309\" height=\"504\" srcset=\"https:\/\/metodoformacion.com\/blog\/wp-content\/uploads\/2022\/02\/Captura.png 309w, https:\/\/metodoformacion.com\/blog\/wp-content\/uploads\/2022\/02\/Captura-184x300.png 184w\" sizes=\"(max-width: 309px) 100vw, 309px\" \/><\/p>\n<p>&nbsp;<\/p>\n<p><img loading=\"lazy\" class=\"aligncenter size-full wp-image-3225\" src=\"https:\/\/metodoformacion.com\/blog\/wp-content\/uploads\/2022\/02\/logotipos-canarias-2021.png\" alt=\"\" width=\"596\" height=\"78\" srcset=\"https:\/\/metodoformacion.com\/blog\/wp-content\/uploads\/2022\/02\/logotipos-canarias-2021.png 596w, https:\/\/metodoformacion.com\/blog\/wp-content\/uploads\/2022\/02\/logotipos-canarias-2021-300x39.png 300w\" sizes=\"(max-width: 596px) 100vw, 596px\" \/><\/p>\n<p>&nbsp;<\/p>\n","protected":false},"excerpt":{"rendered":"<p>Abierta la convocatoria de Formaci\u00f3n Profesional para el Empleo en Canarias. En Grupo M\u00e9todo ofrecemos cursos gratuitos en Canarias para profesionales del sector de actividad INDUSTRIA. \u00bfQu\u00e9 sectores de actividad se incluyen en industria? \ud83d\udca7\u00a0Industrias de captaci\u00f3n, elevaci\u00f3n, conducci\u00f3n, tratamiento, distribuci\u00f3n, saneamiento y depuraci\u00f3n de aguas potables y residuales \ud83e\udd61 Industrias de alimentaci\u00f3n y bebidas [&hellip;]<\/p>\n","protected":false},"author":2,"featured_media":2579,"comment_status":"open","ping_status":"open","sticky":false,"template":"","format":"standard","meta":{"_monsterinsights_skip_tracking":false,"_monsterinsights_sitenote_active":false,"_monsterinsights_sitenote_note":"","_monsterinsights_sitenote_category":0},"categories":[56,31,34,29],"tags":[],"yoast_head":"<!-- This site is optimized with the Yoast SEO plugin v19.14 - https:\/\/yoast.com\/wordpress\/plugins\/seo\/ -->\n<title>Cursos gratuitos en Canarias \ud83c\udf4c nueva convocatoria de FPE<\/title>\n<meta name=\"description\" content=\"Ampl\u00eda tus competencias profesionales y mejora tu empleabilidad. Descubre ahora la oferta de cursos gratuitos en Canarias \ud83c\udf4c \u00a1y ampl\u00eda tus competencias!\" \/>\n<meta name=\"robots\" content=\"index, follow, max-snippet:-1, max-image-preview:large, max-video-preview:-1\" \/>\n<link rel=\"canonical\" href=\"https:\/\/metodoformacion.com\/blog\/cursos-gratuitos-canarias-convocatoria-fpe\/\" \/>\n<meta property=\"og:locale\" content=\"es_ES\" \/>\n<meta property=\"og:type\" content=\"article\" \/>\n<meta property=\"og:title\" content=\"Cursos gratuitos en Canarias \ud83c\udf4c nueva convocatoria de FPE\" \/>\n<meta property=\"og:description\" content=\"Ampl\u00eda tus competencias profesionales y mejora tu empleabilidad. Descubre ahora la oferta de cursos gratuitos en Canarias \ud83c\udf4c \u00a1y ampl\u00eda tus competencias!\" \/>\n<meta property=\"og:url\" content=\"https:\/\/metodoformacion.com\/blog\/cursos-gratuitos-canarias-convocatoria-fpe\/\" \/>\n<meta property=\"og:site_name\" content=\"Blog sobre formaci\u00f3n subvencionada y empleo\" \/>\n<meta property=\"article:published_time\" content=\"2022-02-14T11:34:47+00:00\" \/>\n<meta property=\"article:modified_time\" content=\"2022-11-28T12:26:12+00:00\" \/>\n<meta property=\"og:image\" content=\"https:\/\/metodoformacion.com\/blog\/wp-content\/uploads\/2022\/02\/Canarias-blog.png\" \/>\n\t<meta property=\"og:image:width\" content=\"650\" \/>\n\t<meta property=\"og:image:height\" content=\"325\" \/>\n\t<meta property=\"og:image:type\" content=\"image\/png\" \/>\n<meta name=\"author\" content=\"Arantxa Lamas\" \/>\n<meta name=\"twitter:card\" content=\"summary_large_image\" \/>\n<meta name=\"twitter:label1\" content=\"Escrito por\" \/>\n\t<meta name=\"twitter:data1\" content=\"Arantxa Lamas\" \/>\n\t<meta name=\"twitter:label2\" content=\"Tiempo de lectura\" \/>\n\t<meta name=\"twitter:data2\" content=\"2 minutos\" \/>\n<script type=\"application\/ld+json\" class=\"yoast-schema-graph\">{\"@context\":\"https:\/\/schema.org\",\"@graph\":[{\"@type\":\"Article\",\"@id\":\"https:\/\/metodoformacion.com\/blog\/cursos-gratuitos-canarias-convocatoria-fpe\/#article\",\"isPartOf\":{\"@id\":\"https:\/\/metodoformacion.com\/blog\/cursos-gratuitos-canarias-convocatoria-fpe\/\"},\"author\":{\"name\":\"Arantxa Lamas\",\"@id\":\"https:\/\/metodoformacion.com\/blog\/#\/schema\/person\/24dae8e4739a10c242abb3f3bdc6ca2a\"},\"headline\":\"Cursos gratuitos en Canarias \ud83c\udf4c nueva convocatoria de FPE\",\"datePublished\":\"2022-02-14T11:34:47+00:00\",\"dateModified\":\"2022-11-28T12:26:12+00:00\",\"mainEntityOfPage\":{\"@id\":\"https:\/\/metodoformacion.com\/blog\/cursos-gratuitos-canarias-convocatoria-fpe\/\"},\"wordCount\":320,\"commentCount\":0,\"publisher\":{\"@id\":\"https:\/\/metodoformacion.com\/blog\/#organization\"},\"articleSection\":[\"Convocatoria Canarias\",\"Cursos gratis\",\"Formaci\u00f3n subvencionada\",\"Noticias\"],\"inLanguage\":\"es\",\"potentialAction\":[{\"@type\":\"CommentAction\",\"name\":\"Comment\",\"target\":[\"https:\/\/metodoformacion.com\/blog\/cursos-gratuitos-canarias-convocatoria-fpe\/#respond\"]}]},{\"@type\":\"WebPage\",\"@id\":\"https:\/\/metodoformacion.com\/blog\/cursos-gratuitos-canarias-convocatoria-fpe\/\",\"url\":\"https:\/\/metodoformacion.com\/blog\/cursos-gratuitos-canarias-convocatoria-fpe\/\",\"name\":\"Cursos gratuitos en Canarias \ud83c\udf4c nueva convocatoria de FPE\",\"isPartOf\":{\"@id\":\"https:\/\/metodoformacion.com\/blog\/#website\"},\"datePublished\":\"2022-02-14T11:34:47+00:00\",\"dateModified\":\"2022-11-28T12:26:12+00:00\",\"description\":\"Ampl\u00eda tus competencias profesionales y mejora tu empleabilidad. Descubre ahora la oferta de cursos gratuitos en Canarias \ud83c\udf4c \u00a1y ampl\u00eda tus competencias!\",\"breadcrumb\":{\"@id\":\"https:\/\/metodoformacion.com\/blog\/cursos-gratuitos-canarias-convocatoria-fpe\/#breadcrumb\"},\"inLanguage\":\"es\",\"potentialAction\":[{\"@type\":\"ReadAction\",\"target\":[\"https:\/\/metodoformacion.com\/blog\/cursos-gratuitos-canarias-convocatoria-fpe\/\"]}]},{\"@type\":\"BreadcrumbList\",\"@id\":\"https:\/\/metodoformacion.com\/blog\/cursos-gratuitos-canarias-convocatoria-fpe\/#breadcrumb\",\"itemListElement\":[{\"@type\":\"ListItem\",\"position\":1,\"name\":\"Inicio\",\"item\":\"https:\/\/metodoformacion.com\/blog\/\"},{\"@type\":\"ListItem\",\"position\":2,\"name\":\"Cursos gratuitos en Canarias \ud83c\udf4c nueva convocatoria de FPE\"}]},{\"@type\":\"WebSite\",\"@id\":\"https:\/\/metodoformacion.com\/blog\/#website\",\"url\":\"https:\/\/metodoformacion.com\/blog\/\",\"name\":\"Blog sobre formaci\u00f3n subvencionada y empleo\",\"description\":\"\",\"publisher\":{\"@id\":\"https:\/\/metodoformacion.com\/blog\/#organization\"},\"potentialAction\":[{\"@type\":\"SearchAction\",\"target\":{\"@type\":\"EntryPoint\",\"urlTemplate\":\"https:\/\/metodoformacion.com\/blog\/?s={search_term_string}\"},\"query-input\":\"required name=search_term_string\"}],\"inLanguage\":\"es\"},{\"@type\":\"Organization\",\"@id\":\"https:\/\/metodoformacion.com\/blog\/#organization\",\"name\":\"Grupo M\u00e9todo\",\"url\":\"https:\/\/metodoformacion.com\/blog\/\",\"logo\":{\"@type\":\"ImageObject\",\"inLanguage\":\"es\",\"@id\":\"https:\/\/metodoformacion.com\/blog\/#\/schema\/logo\/image\/\",\"url\":\"https:\/\/metodoformacion.com\/blog\/wp-content\/uploads\/2019\/12\/logo-transparente.png\",\"contentUrl\":\"https:\/\/metodoformacion.com\/blog\/wp-content\/uploads\/2019\/12\/logo-transparente.png\",\"width\":160,\"height\":70,\"caption\":\"Grupo M\u00e9todo\"},\"image\":{\"@id\":\"https:\/\/metodoformacion.com\/blog\/#\/schema\/logo\/image\/\"}},{\"@type\":\"Person\",\"@id\":\"https:\/\/metodoformacion.com\/blog\/#\/schema\/person\/24dae8e4739a10c242abb3f3bdc6ca2a\",\"name\":\"Arantxa Lamas\",\"image\":{\"@type\":\"ImageObject\",\"inLanguage\":\"es\",\"@id\":\"https:\/\/metodoformacion.com\/blog\/#\/schema\/person\/image\/\",\"url\":\"https:\/\/secure.gravatar.com\/avatar\/26efd1f655893e370678c140563554cb?s=96&r=g\",\"contentUrl\":\"https:\/\/secure.gravatar.com\/avatar\/26efd1f655893e370678c140563554cb?s=96&r=g\",\"caption\":\"Arantxa Lamas\"},\"description\":\"Departamento de Marketing y Comunicaci\u00f3n de Grupo M\u00e9todo: responsable de contenidos y medios digitales.\",\"url\":\"https:\/\/metodoformacion.com\/blog\/author\/arantxa-lamas\/\"}]}<\/script>\n<!-- \/ Yoast SEO plugin. -->","yoast_head_json":{"title":"Cursos gratuitos en Canarias \ud83c\udf4c nueva convocatoria de FPE","description":"Ampl\u00eda tus competencias profesionales y mejora tu empleabilidad. Descubre ahora la oferta de cursos gratuitos en Canarias \ud83c\udf4c \u00a1y ampl\u00eda tus competencias!","robots":{"index":"index","follow":"follow","max-snippet":"max-snippet:-1","max-image-preview":"max-image-preview:large","max-video-preview":"max-video-preview:-1"},"canonical":"https:\/\/metodoformacion.com\/blog\/cursos-gratuitos-canarias-convocatoria-fpe\/","og_locale":"es_ES","og_type":"article","og_title":"Cursos gratuitos en Canarias \ud83c\udf4c nueva convocatoria de FPE","og_description":"Ampl\u00eda tus competencias profesionales y mejora tu empleabilidad. Descubre ahora la oferta de cursos gratuitos en Canarias \ud83c\udf4c \u00a1y ampl\u00eda tus competencias!","og_url":"https:\/\/metodoformacion.com\/blog\/cursos-gratuitos-canarias-convocatoria-fpe\/","og_site_name":"Blog sobre formaci\u00f3n subvencionada y empleo","article_published_time":"2022-02-14T11:34:47+00:00","article_modified_time":"2022-11-28T12:26:12+00:00","og_image":[{"width":650,"height":325,"url":"https:\/\/metodoformacion.com\/blog\/wp-content\/uploads\/2022\/02\/Canarias-blog.png","type":"image\/png"}],"author":"Arantxa Lamas","twitter_card":"summary_large_image","twitter_misc":{"Escrito por":"Arantxa Lamas","Tiempo de lectura":"2 minutos"},"schema":{"@context":"https:\/\/schema.org","@graph":[{"@type":"Article","@id":"https:\/\/metodoformacion.com\/blog\/cursos-gratuitos-canarias-convocatoria-fpe\/#article","isPartOf":{"@id":"https:\/\/metodoformacion.com\/blog\/cursos-gratuitos-canarias-convocatoria-fpe\/"},"author":{"name":"Arantxa Lamas","@id":"https:\/\/metodoformacion.com\/blog\/#\/schema\/person\/24dae8e4739a10c242abb3f3bdc6ca2a"},"headline":"Cursos gratuitos en Canarias \ud83c\udf4c nueva convocatoria de FPE","datePublished":"2022-02-14T11:34:47+00:00","dateModified":"2022-11-28T12:26:12+00:00","mainEntityOfPage":{"@id":"https:\/\/metodoformacion.com\/blog\/cursos-gratuitos-canarias-convocatoria-fpe\/"},"wordCount":320,"commentCount":0,"publisher":{"@id":"https:\/\/metodoformacion.com\/blog\/#organization"},"articleSection":["Convocatoria Canarias","Cursos gratis","Formaci\u00f3n subvencionada","Noticias"],"inLanguage":"es","potentialAction":[{"@type":"CommentAction","name":"Comment","target":["https:\/\/metodoformacion.com\/blog\/cursos-gratuitos-canarias-convocatoria-fpe\/#respond"]}]},{"@type":"WebPage","@id":"https:\/\/metodoformacion.com\/blog\/cursos-gratuitos-canarias-convocatoria-fpe\/","url":"https:\/\/metodoformacion.com\/blog\/cursos-gratuitos-canarias-convocatoria-fpe\/","name":"Cursos gratuitos en Canarias \ud83c\udf4c nueva convocatoria de FPE","isPartOf":{"@id":"https:\/\/metodoformacion.com\/blog\/#website"},"datePublished":"2022-02-14T11:34:47+00:00","dateModified":"2022-11-28T12:26:12+00:00","description":"Ampl\u00eda tus competencias profesionales y mejora tu empleabilidad. Descubre ahora la oferta de cursos gratuitos en Canarias \ud83c\udf4c \u00a1y ampl\u00eda tus competencias!","breadcrumb":{"@id":"https:\/\/metodoformacion.com\/blog\/cursos-gratuitos-canarias-convocatoria-fpe\/#breadcrumb"},"inLanguage":"es","potentialAction":[{"@type":"ReadAction","target":["https:\/\/metodoformacion.com\/blog\/cursos-gratuitos-canarias-convocatoria-fpe\/"]}]},{"@type":"BreadcrumbList","@id":"https:\/\/metodoformacion.com\/blog\/cursos-gratuitos-canarias-convocatoria-fpe\/#breadcrumb","itemListElement":[{"@type":"ListItem","position":1,"name":"Inicio","item":"https:\/\/metodoformacion.com\/blog\/"},{"@type":"ListItem","position":2,"name":"Cursos gratuitos en Canarias \ud83c\udf4c nueva convocatoria de FPE"}]},{"@type":"WebSite","@id":"https:\/\/metodoformacion.com\/blog\/#website","url":"https:\/\/metodoformacion.com\/blog\/","name":"Blog sobre formaci\u00f3n subvencionada y empleo","description":"","publisher":{"@id":"https:\/\/metodoformacion.com\/blog\/#organization"},"potentialAction":[{"@type":"SearchAction","target":{"@type":"EntryPoint","urlTemplate":"https:\/\/metodoformacion.com\/blog\/?s={search_term_string}"},"query-input":"required name=search_term_string"}],"inLanguage":"es"},{"@type":"Organization","@id":"https:\/\/metodoformacion.com\/blog\/#organization","name":"Grupo M\u00e9todo","url":"https:\/\/metodoformacion.com\/blog\/","logo":{"@type":"ImageObject","inLanguage":"es","@id":"https:\/\/metodoformacion.com\/blog\/#\/schema\/logo\/image\/","url":"https:\/\/metodoformacion.com\/blog\/wp-content\/uploads\/2019\/12\/logo-transparente.png","contentUrl":"https:\/\/metodoformacion.com\/blog\/wp-content\/uploads\/2019\/12\/logo-transparente.png","width":160,"height":70,"caption":"Grupo M\u00e9todo"},"image":{"@id":"https:\/\/metodoformacion.com\/blog\/#\/schema\/logo\/image\/"}},{"@type":"Person","@id":"https:\/\/metodoformacion.com\/blog\/#\/schema\/person\/24dae8e4739a10c242abb3f3bdc6ca2a","name":"Arantxa Lamas","image":{"@type":"ImageObject","inLanguage":"es","@id":"https:\/\/metodoformacion.com\/blog\/#\/schema\/person\/image\/","url":"https:\/\/secure.gravatar.com\/avatar\/26efd1f655893e370678c140563554cb?s=96&r=g","contentUrl":"https:\/\/secure.gravatar.com\/avatar\/26efd1f655893e370678c140563554cb?s=96&r=g","caption":"Arantxa Lamas"},"description":"Departamento de Marketing y Comunicaci\u00f3n de Grupo M\u00e9todo: responsable de contenidos y medios digitales.","url":"https:\/\/metodoformacion.com\/blog\/author\/arantxa-lamas\/"}]}},"_links":{"self":[{"href":"https:\/\/metodoformacion.com\/blog\/wp-json\/wp\/v2\/posts\/2578"}],"collection":[{"href":"https:\/\/metodoformacion.com\/blog\/wp-json\/wp\/v2\/posts"}],"about":[{"href":"https:\/\/metodoformacion.com\/blog\/wp-json\/wp\/v2\/types\/post"}],"author":[{"embeddable":true,"href":"https:\/\/metodoformacion.com\/blog\/wp-json\/wp\/v2\/users\/2"}],"replies":[{"embeddable":true,"href":"https:\/\/metodoformacion.com\/blog\/wp-json\/wp\/v2\/comments?post=2578"}],"version-history":[{"count":20,"href":"https:\/\/metodoformacion.com\/blog\/wp-json\/wp\/v2\/posts\/2578\/revisions"}],"predecessor-version":[{"id":3226,"href":"https:\/\/metodoformacion.com\/blog\/wp-json\/wp\/v2\/posts\/2578\/revisions\/3226"}],"wp:featuredmedia":[{"embeddable":true,"href":"https:\/\/metodoformacion.com\/blog\/wp-json\/wp\/v2\/media\/2579"}],"wp:attachment":[{"href":"https:\/\/metodoformacion.com\/blog\/wp-json\/wp\/v2\/media?parent=2578"}],"wp:term":[{"taxonomy":"category","embeddable":true,"href":"https:\/\/metodoformacion.com\/blog\/wp-json\/wp\/v2\/categories?post=2578"},{"taxonomy":"post_tag","embeddable":true,"href":"https:\/\/metodoformacion.com\/blog\/wp-json\/wp\/v2\/tags?post=2578"}],"curies":[{"name":"wp","href":"https:\/\/api.w.org\/{rel}","templated":true}]}}