{"id":2757,"date":"2022-03-25T10:39:48","date_gmt":"2022-03-25T10:39:48","guid":{"rendered":"https:\/\/metodoformacion.com\/blog\/?p=2757"},"modified":"2022-06-17T08:48:11","modified_gmt":"2022-06-17T08:48:11","slug":"como-impartir-certificados-de-profesionalidad","status":"publish","type":"post","link":"https:\/\/metodoformacion.com\/blog\/como-impartir-certificados-de-profesionalidad\/","title":{"rendered":"C\u00f3mo impartir certificados de profesionalidad"},"content":{"rendered":"<p>\u00bfQu\u00e9 hay que hacer para poder impartir certificados de profesionalidad? Si est\u00e1s aqu\u00ed probablemente ya conozcas que <span style=\"color: #000000;\"><a style=\"color: #000000;\" href=\"https:\/\/metodoformacion.com\/blog\/certificados-de-profesionalidad-que-son-y-como-conseguirlos\/\" target=\"_blank\" rel=\"noopener noreferrer\">son un modo de acreditaci\u00f3n oficial de aptitudes asociadas al Cat\u00e1logo Nacional de Cualificaciones Profesionales<\/a>.<\/span> Sin embargo, \u00bfqu\u00e9 es necesario para ser docente en estos? Te lo contamos a continuaci\u00f3n.<\/p>\n<div id=\"ez-toc-container\" class=\"ez-toc-v2_0_62 counter-hierarchy ez-toc-counter ez-toc-custom ez-toc-container-direction\">\n<p class=\"ez-toc-title\">Hablamos sobre...<\/p>\n<label for=\"ez-toc-cssicon-toggle-item-69f70871070fc\" class=\"ez-toc-cssicon-toggle-label\"><span class=\"\"><span class=\"eztoc-hide\" style=\"display:none;\">Toggle<\/span><span class=\"ez-toc-icon-toggle-span\"><svg style=\"fill: #000000;color:#000000\" xmlns=\"http:\/\/www.w3.org\/2000\/svg\" class=\"list-377408\" width=\"20px\" height=\"20px\" viewBox=\"0 0 24 24\" fill=\"none\"><path d=\"M6 6H4v2h2V6zm14 0H8v2h12V6zM4 11h2v2H4v-2zm16 0H8v2h12v-2zM4 16h2v2H4v-2zm16 0H8v2h12v-2z\" fill=\"currentColor\"><\/path><\/svg><svg style=\"fill: #000000;color:#000000\" class=\"arrow-unsorted-368013\" xmlns=\"http:\/\/www.w3.org\/2000\/svg\" width=\"10px\" height=\"10px\" viewBox=\"0 0 24 24\" version=\"1.2\" baseProfile=\"tiny\"><path d=\"M18.2 9.3l-6.2-6.3-6.2 6.3c-.2.2-.3.4-.3.7s.1.5.3.7c.2.2.4.3.7.3h11c.3 0 .5-.1.7-.3.2-.2.3-.5.3-.7s-.1-.5-.3-.7zM5.8 14.7l6.2 6.3 6.2-6.3c.2-.2.3-.5.3-.7s-.1-.5-.3-.7c-.2-.2-.4-.3-.7-.3h-11c-.3 0-.5.1-.7.3-.2.2-.3.5-.3.7s.1.5.3.7z\"\/><\/svg><\/span><\/span><\/label><input type=\"checkbox\"  id=\"ez-toc-cssicon-toggle-item-69f70871070fc\" checked aria-label=\"Toggle\" \/><nav><ul class='ez-toc-list ez-toc-list-level-1 ' ><li class='ez-toc-page-1 ez-toc-heading-level-2'><a class=\"ez-toc-link ez-toc-heading-1\" href=\"https:\/\/metodoformacion.com\/blog\/como-impartir-certificados-de-profesionalidad\/#%C2%BFQue_necesito_para_poder_impartir_un_certificado_de_profesionalidad\" title=\"\u00bfQu\u00e9 necesito para poder impartir un certificado de profesionalidad?\">\u00bfQu\u00e9 necesito para poder impartir un certificado de profesionalidad?<\/a><ul class='ez-toc-list-level-3' ><li class='ez-toc-heading-level-3'><a class=\"ez-toc-link ez-toc-heading-2\" href=\"https:\/\/metodoformacion.com\/blog\/como-impartir-certificados-de-profesionalidad\/#Requisitos_especificos\" title=\"Requisitos espec\u00edficos\">Requisitos espec\u00edficos<\/a><\/li><li class='ez-toc-page-1 ez-toc-heading-level-3'><a class=\"ez-toc-link ez-toc-heading-3\" href=\"https:\/\/metodoformacion.com\/blog\/como-impartir-certificados-de-profesionalidad\/#Habilitacion_para_la_docencia\" title=\"Habilitaci\u00f3n para la docencia\">Habilitaci\u00f3n para la docencia<\/a><ul class='ez-toc-list-level-4' ><li class='ez-toc-heading-level-4'><a class=\"ez-toc-link ez-toc-heading-4\" href=\"https:\/\/metodoformacion.com\/blog\/como-impartir-certificados-de-profesionalidad\/#Certificado_de_profesionalidad_de_docencia_de_la_formacion_profesional_para_el_empleo\" title=\"Certificado de profesionalidad de docencia de la formaci\u00f3n profesional para el empleo\">Certificado de profesionalidad de docencia de la formaci\u00f3n profesional para el empleo<\/a><\/li><\/ul><\/li><\/ul><\/li><\/ul><\/nav><\/div>\n<h2><span class=\"ez-toc-section\" id=\"%C2%BFQue_necesito_para_poder_impartir_un_certificado_de_profesionalidad\"><\/span>\u00bfQu\u00e9 necesito para poder impartir un certificado de profesionalidad?<span class=\"ez-toc-section-end\"><\/span><\/h2>\n<p>Todo lo relacionado con estos se establece en el <span style=\"color: #000000;\"><strong><span style=\"color: #e94683;\"><a style=\"color: #e94683;\" href=\"https:\/\/www.boe.es\/buscar\/pdf\/2008\/BOE-A-2008-1628-consolidado.pdf\" target=\"_blank\" rel=\"noopener noreferrer\">Real Decreto 34\/2008, de 18 de enero<\/a><\/span><\/strong>.<\/span> En \u00e9l se explica que para poder impartir certificados de profesionalidad necesitar\u00e1s 2 cosas: por una parte, cumplir los requisitos espec\u00edficos del certificado en cuesti\u00f3n; por otra, estar habilitado para ejercer la docencia.<\/p>\n<h3><span class=\"ez-toc-section\" id=\"Requisitos_especificos\"><\/span>Requisitos espec\u00edficos<span class=\"ez-toc-section-end\"><\/span><\/h3>\n<p>Los requisitos espec\u00edficos tienen como finalidad garantizar que se tienen los conocimientos y\/o la experiencia necesaria para poder ser docente en esa materia concreta.<\/p>\n<p>Aqu\u00ed te ense\u00f1amos un ejemplo del Certificado de docencia de la Formaci\u00f3n Profesional para el Empleo. Como podr\u00e1s ver, se requiere, por una parte, acreditar nuestra formaci\u00f3n en el \u00e1mbito de la psicolog\u00eda y pedagog\u00eda; y por otra, experiencia profesional directamente relacionada con cada uno de los m\u00f3dulos que componen el certificado.<\/p>\n<p><a href=\"https:\/\/sede.sepe.gob.es\/es\/portaltrabaja\/resources\/pdf\/especialidades\/SSCE0110.pdf\" target=\"_blank\" rel=\"noopener noreferrer\"><img loading=\"lazy\" class=\"aligncenter wp-image-2759 size-full\" src=\"https:\/\/metodoformacion.com\/blog\/wp-content\/uploads\/2022\/03\/Ejemplo.jpg\" alt=\"Requisitos espec\u00edficos para impartir el certificado de profesionalidad Docencia de la Formaci\u00f3n Profesional para el Empleo.\" width=\"650\" height=\"325\" srcset=\"https:\/\/metodoformacion.com\/blog\/wp-content\/uploads\/2022\/03\/Ejemplo.jpg 650w, https:\/\/metodoformacion.com\/blog\/wp-content\/uploads\/2022\/03\/Ejemplo-300x150.jpg 300w\" sizes=\"(max-width: 650px) 100vw, 650px\" \/><\/a><\/p>\n<h3><span class=\"ez-toc-section\" id=\"Habilitacion_para_la_docencia\"><\/span>Habilitaci\u00f3n para la docencia<span class=\"ez-toc-section-end\"><\/span><\/h3>\n<p>A mayores de los conocimientos espec\u00edficos de la especialidad, necesitaremos acreditar que estamos capacitados para ejercer como docentes. Para ello, debemos contar con el <span style=\"color: #e94683;\"><strong>Certificado de profesionalidad de formador ocupacional<\/strong><\/span> o de <span style=\"color: #e94683;\"><strong>docencia de la formaci\u00f3n profesional para el empleo<\/strong><\/span> (el cual ve\u00edamos en el ejemplo anterior).<\/p>\n<p>Sin embargo, los siguientes casos <span style=\"color: #e94683;\"><strong>no necesitar\u00e1n <span style=\"color: #e94683;\">esta<\/span> titulaci\u00f3n<\/strong><\/span>:<\/p>\n<ul>\n<li>Titulados universitarios en Pedagog\u00eda, Psicolog\u00eda, Psicopedagog\u00eda o Maestro (en cualquiera de sus especialidades).<\/li>\n<li>Titulados universitarios en otras especialidades que tengan el Certificado de Aptitud Pedag\u00f3gica o los t\u00edtulos profesionales de Especializaci\u00f3n Did\u00e1ctica y el Certificado de Cualificaci\u00f3n Pedag\u00f3gica.<\/li>\n<li>Quienes posean el M\u00e1ster Universitario habilitante para el ejercicio de las Profesiones reguladas de Profesor de Educaci\u00f3n Secundaria Obligatoria y Bachillerato, Formaci\u00f3n Profesional y Escuelas Oficiales de Idiomas. Tambi\u00e9n quienes acrediten la superaci\u00f3n de un curso de formaci\u00f3n equivalente a la formaci\u00f3n pedag\u00f3gica y did\u00e1ctica exigida para aquellas personas que, estando en posesi\u00f3n de una titulaci\u00f3n declarada equivalente a efectos de docencia, no pueden realizar los estudios de m\u00e1ster (establecida en la disposici\u00f3n adicional primera del <span style=\"color: #000000;\"><a style=\"color: #000000;\" href=\"https:\/\/www.boe.es\/buscar\/pdf\/2008\/BOE-A-2008-19174-consolidado.pdf\" target=\"_blank\" rel=\"noopener noreferrer\">Real Decreto 1834\/2008, de 8 de noviembre<\/a>)<\/span>.<\/li>\n<li>Quienes acrediten una experiencia docente contrastada de al menos 600 horas en los \u00faltimos 10 a\u00f1os en formaci\u00f3n profesional para el empleo o del sistema educativo.<\/li>\n<\/ul>\n<p>Tambi\u00e9n debemos tener en cuenta que, para impartir certificados de profesionalidad mediante<strong><span style=\"color: #e94683;\"> teleformaci\u00f3n<\/span><\/strong>, tendremos que acreditar una formaci\u00f3n de al menos 30h en esta modalidad o experiencia en ella y en la utilizaci\u00f3n de las tecnolog\u00edas de la informaci\u00f3n y comunicaci\u00f3n.<\/p>\n<p>Con toda esta informaci\u00f3n, te recomendamos de todos modos, ante cualquier duda, consultar siempre el documento oficial.<\/p>\n<h4><span class=\"ez-toc-section\" id=\"Certificado_de_profesionalidad_de_docencia_de_la_formacion_profesional_para_el_empleo\"><\/span>Certificado de profesionalidad de docencia de la formaci\u00f3n profesional para el empleo<span class=\"ez-toc-section-end\"><\/span><\/h4>\n<p>Ahora que ya sabes que, salvo que tengas estudios superiores relacionados con la docencia o experiencia en ella, necesitar\u00e1s formarte y acreditarte en ello, te contamos en qu\u00e9 consiste el Certificado de profesionalidad de docencia para la Formaci\u00f3n Profesional para el Empleo.<\/p>\n<p>Como podemos ver en su ficha del SEPE, est\u00e1 formado por los siguientes <strong><span style=\"color: #e94683;\">m\u00f3dulos formativos<\/span><\/strong>:<\/p>\n<p><img loading=\"lazy\" class=\"size-full wp-image-2771 aligncenter\" src=\"https:\/\/metodoformacion.com\/blog\/wp-content\/uploads\/2022\/03\/m\u00f3dulos-certificado.jpg\" alt=\"M\u00f3dulos que forman el certificado de profesionalidad de docencia para la formaci\u00f3n profesional para el empleo, necesario para poder impartir certificados de profesionalidad.\" width=\"650\" height=\"325\" srcset=\"https:\/\/metodoformacion.com\/blog\/wp-content\/uploads\/2022\/03\/m\u00f3dulos-certificado.jpg 650w, https:\/\/metodoformacion.com\/blog\/wp-content\/uploads\/2022\/03\/m\u00f3dulos-certificado-300x150.jpg 300w\" sizes=\"(max-width: 650px) 100vw, 650px\" \/><\/p>\n<p>Tambi\u00e9n debemos tener en cuenta que se trata de un certificado de profesionalidad de <span style=\"color: #e94683;\"><strong>nivel 3<\/strong><\/span>, por lo que para acceder deberemos cumplir con uno de los siguientes requisitos:<\/p>\n<ul>\n<li>T\u00edtulo de Bachiller.<\/li>\n<li>Certificado de profesionalidad de nivel 3.<\/li>\n<li>Certificado de profesionalidad de nivel 2 de la misma familia y \u00e1rea profesional.<\/li>\n<li>Cumplir el requisito acad\u00e9mico de acceso a los ciclos formativos de grado superior o bien haber superado las correspondientes pruebas de acceso reguladas por las administraciones educativas.<\/li>\n<li>Tener superada la prueba de acceso a la universidad para mayores de 25 a\u00f1os y\/o de 45 a\u00f1os.<\/li>\n<li>Tener las competencias clave necesarias, de acuerdo con lo recogido en el anexo IV del Real Decreto 34\/2008, para cursar con aprovechamiento la formaci\u00f3n correspondiente al certificado de profesionalidad.<\/li>\n<\/ul>\n<p>&nbsp;<\/p>\n<p>\u00bfTe animas a hacerlo? Actualmente en M\u00e9todo estamos impartiendo el <span style=\"color: #000000;\"><a style=\"color: #000000;\" href=\"https:\/\/metodoformacion.com\/cursos\/SSCE0110_docencia-2414?utm_source=blog&amp;utm_medium=post&amp;utm_campaign=COMUNIDAD_VALENCIANA_2021&amp;utm_content=certificado+docencia+teleformacion\" target=\"_blank\" rel=\"noopener noreferrer\">certificado en modalidad online en la Comunidad Valenciana<\/a>.<\/span> \u00a1Mantente atento a nuestras redes para nuevas plazas y lugares de impartici\u00f3n!<\/p>\n<p>&nbsp;<\/p>\n","protected":false},"excerpt":{"rendered":"<p>\u00bfQu\u00e9 hay que hacer para poder impartir certificados de profesionalidad? Si est\u00e1s aqu\u00ed probablemente ya conozcas que son un modo de acreditaci\u00f3n oficial de aptitudes asociadas al Cat\u00e1logo Nacional de Cualificaciones Profesionales. Sin embargo, \u00bfqu\u00e9 es necesario para ser docente en estos? Te lo contamos a continuaci\u00f3n. \u00bfQu\u00e9 necesito para poder impartir un certificado de [&hellip;]<\/p>\n","protected":false},"author":10,"featured_media":2770,"comment_status":"open","ping_status":"open","sticky":false,"template":"","format":"standard","meta":{"_monsterinsights_skip_tracking":false,"_monsterinsights_sitenote_active":false,"_monsterinsights_sitenote_note":"","_monsterinsights_sitenote_category":0},"categories":[34],"tags":[],"yoast_head":"<!-- This site is optimized with the Yoast SEO plugin v19.14 - https:\/\/yoast.com\/wordpress\/plugins\/seo\/ -->\n<title>C\u00f3mo impartir certificados de profesionalidad | M\u00e9todo Formaci\u00f3n<\/title>\n<meta name=\"description\" content=\"Para impartir certificados de profesionalidad necesitar\u00e1s acreditar tu experiencia y estar habilitado para la docencia. \u00a1Descubre c\u00f3mo!\" \/>\n<meta name=\"robots\" content=\"index, follow, max-snippet:-1, max-image-preview:large, max-video-preview:-1\" \/>\n<link rel=\"canonical\" href=\"https:\/\/metodoformacion.com\/blog\/como-impartir-certificados-de-profesionalidad\/\" \/>\n<meta property=\"og:locale\" content=\"es_ES\" \/>\n<meta property=\"og:type\" content=\"article\" \/>\n<meta property=\"og:title\" content=\"C\u00f3mo impartir certificados de profesionalidad | M\u00e9todo Formaci\u00f3n\" \/>\n<meta property=\"og:description\" content=\"Para impartir certificados de profesionalidad necesitar\u00e1s acreditar tu experiencia y estar habilitado para la docencia. \u00a1Descubre c\u00f3mo!\" \/>\n<meta property=\"og:url\" content=\"https:\/\/metodoformacion.com\/blog\/como-impartir-certificados-de-profesionalidad\/\" \/>\n<meta property=\"og:site_name\" content=\"Blog sobre formaci\u00f3n subvencionada y empleo\" \/>\n<meta property=\"article:published_time\" content=\"2022-03-25T10:39:48+00:00\" \/>\n<meta property=\"article:modified_time\" content=\"2022-06-17T08:48:11+00:00\" \/>\n<meta property=\"og:image\" content=\"https:\/\/metodoformacion.com\/blog\/wp-content\/uploads\/2022\/03\/IMAGEN-DESTACADA-1.jpg\" \/>\n\t<meta property=\"og:image:width\" content=\"650\" \/>\n\t<meta property=\"og:image:height\" content=\"325\" \/>\n\t<meta property=\"og:image:type\" content=\"image\/jpeg\" \/>\n<meta name=\"author\" content=\"Noelia Costas\" \/>\n<meta name=\"twitter:card\" content=\"summary_large_image\" \/>\n<meta name=\"twitter:label1\" content=\"Escrito por\" \/>\n\t<meta name=\"twitter:data1\" content=\"Noelia Costas\" \/>\n\t<meta name=\"twitter:label2\" content=\"Tiempo de lectura\" \/>\n\t<meta name=\"twitter:data2\" content=\"4 minutos\" \/>\n<script type=\"application\/ld+json\" class=\"yoast-schema-graph\">{\"@context\":\"https:\/\/schema.org\",\"@graph\":[{\"@type\":\"Article\",\"@id\":\"https:\/\/metodoformacion.com\/blog\/como-impartir-certificados-de-profesionalidad\/#article\",\"isPartOf\":{\"@id\":\"https:\/\/metodoformacion.com\/blog\/como-impartir-certificados-de-profesionalidad\/\"},\"author\":{\"name\":\"Noelia Costas\",\"@id\":\"https:\/\/metodoformacion.com\/blog\/#\/schema\/person\/45ea4aca366c699abdab7a1dd90acafc\"},\"headline\":\"C\u00f3mo impartir certificados de profesionalidad\",\"datePublished\":\"2022-03-25T10:39:48+00:00\",\"dateModified\":\"2022-06-17T08:48:11+00:00\",\"mainEntityOfPage\":{\"@id\":\"https:\/\/metodoformacion.com\/blog\/como-impartir-certificados-de-profesionalidad\/\"},\"wordCount\":735,\"commentCount\":16,\"publisher\":{\"@id\":\"https:\/\/metodoformacion.com\/blog\/#organization\"},\"articleSection\":[\"Formaci\u00f3n subvencionada\"],\"inLanguage\":\"es\",\"potentialAction\":[{\"@type\":\"CommentAction\",\"name\":\"Comment\",\"target\":[\"https:\/\/metodoformacion.com\/blog\/como-impartir-certificados-de-profesionalidad\/#respond\"]}]},{\"@type\":\"WebPage\",\"@id\":\"https:\/\/metodoformacion.com\/blog\/como-impartir-certificados-de-profesionalidad\/\",\"url\":\"https:\/\/metodoformacion.com\/blog\/como-impartir-certificados-de-profesionalidad\/\",\"name\":\"C\u00f3mo impartir certificados de profesionalidad | M\u00e9todo Formaci\u00f3n\",\"isPartOf\":{\"@id\":\"https:\/\/metodoformacion.com\/blog\/#website\"},\"datePublished\":\"2022-03-25T10:39:48+00:00\",\"dateModified\":\"2022-06-17T08:48:11+00:00\",\"description\":\"Para impartir certificados de profesionalidad necesitar\u00e1s acreditar tu experiencia y estar habilitado para la docencia. \u00a1Descubre c\u00f3mo!\",\"breadcrumb\":{\"@id\":\"https:\/\/metodoformacion.com\/blog\/como-impartir-certificados-de-profesionalidad\/#breadcrumb\"},\"inLanguage\":\"es\",\"potentialAction\":[{\"@type\":\"ReadAction\",\"target\":[\"https:\/\/metodoformacion.com\/blog\/como-impartir-certificados-de-profesionalidad\/\"]}]},{\"@type\":\"BreadcrumbList\",\"@id\":\"https:\/\/metodoformacion.com\/blog\/como-impartir-certificados-de-profesionalidad\/#breadcrumb\",\"itemListElement\":[{\"@type\":\"ListItem\",\"position\":1,\"name\":\"Inicio\",\"item\":\"https:\/\/metodoformacion.com\/blog\/\"},{\"@type\":\"ListItem\",\"position\":2,\"name\":\"C\u00f3mo impartir certificados de profesionalidad\"}]},{\"@type\":\"WebSite\",\"@id\":\"https:\/\/metodoformacion.com\/blog\/#website\",\"url\":\"https:\/\/metodoformacion.com\/blog\/\",\"name\":\"Blog sobre formaci\u00f3n subvencionada y empleo\",\"description\":\"\",\"publisher\":{\"@id\":\"https:\/\/metodoformacion.com\/blog\/#organization\"},\"potentialAction\":[{\"@type\":\"SearchAction\",\"target\":{\"@type\":\"EntryPoint\",\"urlTemplate\":\"https:\/\/metodoformacion.com\/blog\/?s={search_term_string}\"},\"query-input\":\"required name=search_term_string\"}],\"inLanguage\":\"es\"},{\"@type\":\"Organization\",\"@id\":\"https:\/\/metodoformacion.com\/blog\/#organization\",\"name\":\"Grupo M\u00e9todo\",\"url\":\"https:\/\/metodoformacion.com\/blog\/\",\"logo\":{\"@type\":\"ImageObject\",\"inLanguage\":\"es\",\"@id\":\"https:\/\/metodoformacion.com\/blog\/#\/schema\/logo\/image\/\",\"url\":\"https:\/\/metodoformacion.com\/blog\/wp-content\/uploads\/2019\/12\/logo-transparente.png\",\"contentUrl\":\"https:\/\/metodoformacion.com\/blog\/wp-content\/uploads\/2019\/12\/logo-transparente.png\",\"width\":160,\"height\":70,\"caption\":\"Grupo M\u00e9todo\"},\"image\":{\"@id\":\"https:\/\/metodoformacion.com\/blog\/#\/schema\/logo\/image\/\"}},{\"@type\":\"Person\",\"@id\":\"https:\/\/metodoformacion.com\/blog\/#\/schema\/person\/45ea4aca366c699abdab7a1dd90acafc\",\"name\":\"Noelia Costas\",\"image\":{\"@type\":\"ImageObject\",\"inLanguage\":\"es\",\"@id\":\"https:\/\/metodoformacion.com\/blog\/#\/schema\/person\/image\/\",\"url\":\"https:\/\/secure.gravatar.com\/avatar\/45655b4bbaf4ee3de5b6f1c6fd4ea511?s=96&r=g\",\"contentUrl\":\"https:\/\/secure.gravatar.com\/avatar\/45655b4bbaf4ee3de5b6f1c6fd4ea511?s=96&r=g\",\"caption\":\"Noelia Costas\"},\"description\":\"Graduada en Comunicaci\u00f3n Audiovisual. Departamento de Marketing y Comunicaci\u00f3n de Grupo M\u00e9todo.\",\"url\":\"https:\/\/metodoformacion.com\/blog\/author\/noelia-costas\/\"}]}<\/script>\n<!-- \/ Yoast SEO plugin. -->","yoast_head_json":{"title":"C\u00f3mo impartir certificados de profesionalidad | M\u00e9todo Formaci\u00f3n","description":"Para impartir certificados de profesionalidad necesitar\u00e1s acreditar tu experiencia y estar habilitado para la docencia. \u00a1Descubre c\u00f3mo!","robots":{"index":"index","follow":"follow","max-snippet":"max-snippet:-1","max-image-preview":"max-image-preview:large","max-video-preview":"max-video-preview:-1"},"canonical":"https:\/\/metodoformacion.com\/blog\/como-impartir-certificados-de-profesionalidad\/","og_locale":"es_ES","og_type":"article","og_title":"C\u00f3mo impartir certificados de profesionalidad | M\u00e9todo Formaci\u00f3n","og_description":"Para impartir certificados de profesionalidad necesitar\u00e1s acreditar tu experiencia y estar habilitado para la docencia. \u00a1Descubre c\u00f3mo!","og_url":"https:\/\/metodoformacion.com\/blog\/como-impartir-certificados-de-profesionalidad\/","og_site_name":"Blog sobre formaci\u00f3n subvencionada y empleo","article_published_time":"2022-03-25T10:39:48+00:00","article_modified_time":"2022-06-17T08:48:11+00:00","og_image":[{"width":650,"height":325,"url":"https:\/\/metodoformacion.com\/blog\/wp-content\/uploads\/2022\/03\/IMAGEN-DESTACADA-1.jpg","type":"image\/jpeg"}],"author":"Noelia Costas","twitter_card":"summary_large_image","twitter_misc":{"Escrito por":"Noelia Costas","Tiempo de lectura":"4 minutos"},"schema":{"@context":"https:\/\/schema.org","@graph":[{"@type":"Article","@id":"https:\/\/metodoformacion.com\/blog\/como-impartir-certificados-de-profesionalidad\/#article","isPartOf":{"@id":"https:\/\/metodoformacion.com\/blog\/como-impartir-certificados-de-profesionalidad\/"},"author":{"name":"Noelia Costas","@id":"https:\/\/metodoformacion.com\/blog\/#\/schema\/person\/45ea4aca366c699abdab7a1dd90acafc"},"headline":"C\u00f3mo impartir certificados de profesionalidad","datePublished":"2022-03-25T10:39:48+00:00","dateModified":"2022-06-17T08:48:11+00:00","mainEntityOfPage":{"@id":"https:\/\/metodoformacion.com\/blog\/como-impartir-certificados-de-profesionalidad\/"},"wordCount":735,"commentCount":16,"publisher":{"@id":"https:\/\/metodoformacion.com\/blog\/#organization"},"articleSection":["Formaci\u00f3n subvencionada"],"inLanguage":"es","potentialAction":[{"@type":"CommentAction","name":"Comment","target":["https:\/\/metodoformacion.com\/blog\/como-impartir-certificados-de-profesionalidad\/#respond"]}]},{"@type":"WebPage","@id":"https:\/\/metodoformacion.com\/blog\/como-impartir-certificados-de-profesionalidad\/","url":"https:\/\/metodoformacion.com\/blog\/como-impartir-certificados-de-profesionalidad\/","name":"C\u00f3mo impartir certificados de profesionalidad | M\u00e9todo Formaci\u00f3n","isPartOf":{"@id":"https:\/\/metodoformacion.com\/blog\/#website"},"datePublished":"2022-03-25T10:39:48+00:00","dateModified":"2022-06-17T08:48:11+00:00","description":"Para impartir certificados de profesionalidad necesitar\u00e1s acreditar tu experiencia y estar habilitado para la docencia. \u00a1Descubre c\u00f3mo!","breadcrumb":{"@id":"https:\/\/metodoformacion.com\/blog\/como-impartir-certificados-de-profesionalidad\/#breadcrumb"},"inLanguage":"es","potentialAction":[{"@type":"ReadAction","target":["https:\/\/metodoformacion.com\/blog\/como-impartir-certificados-de-profesionalidad\/"]}]},{"@type":"BreadcrumbList","@id":"https:\/\/metodoformacion.com\/blog\/como-impartir-certificados-de-profesionalidad\/#breadcrumb","itemListElement":[{"@type":"ListItem","position":1,"name":"Inicio","item":"https:\/\/metodoformacion.com\/blog\/"},{"@type":"ListItem","position":2,"name":"C\u00f3mo impartir certificados de profesionalidad"}]},{"@type":"WebSite","@id":"https:\/\/metodoformacion.com\/blog\/#website","url":"https:\/\/metodoformacion.com\/blog\/","name":"Blog sobre formaci\u00f3n subvencionada y empleo","description":"","publisher":{"@id":"https:\/\/metodoformacion.com\/blog\/#organization"},"potentialAction":[{"@type":"SearchAction","target":{"@type":"EntryPoint","urlTemplate":"https:\/\/metodoformacion.com\/blog\/?s={search_term_string}"},"query-input":"required name=search_term_string"}],"inLanguage":"es"},{"@type":"Organization","@id":"https:\/\/metodoformacion.com\/blog\/#organization","name":"Grupo M\u00e9todo","url":"https:\/\/metodoformacion.com\/blog\/","logo":{"@type":"ImageObject","inLanguage":"es","@id":"https:\/\/metodoformacion.com\/blog\/#\/schema\/logo\/image\/","url":"https:\/\/metodoformacion.com\/blog\/wp-content\/uploads\/2019\/12\/logo-transparente.png","contentUrl":"https:\/\/metodoformacion.com\/blog\/wp-content\/uploads\/2019\/12\/logo-transparente.png","width":160,"height":70,"caption":"Grupo M\u00e9todo"},"image":{"@id":"https:\/\/metodoformacion.com\/blog\/#\/schema\/logo\/image\/"}},{"@type":"Person","@id":"https:\/\/metodoformacion.com\/blog\/#\/schema\/person\/45ea4aca366c699abdab7a1dd90acafc","name":"Noelia Costas","image":{"@type":"ImageObject","inLanguage":"es","@id":"https:\/\/metodoformacion.com\/blog\/#\/schema\/person\/image\/","url":"https:\/\/secure.gravatar.com\/avatar\/45655b4bbaf4ee3de5b6f1c6fd4ea511?s=96&r=g","contentUrl":"https:\/\/secure.gravatar.com\/avatar\/45655b4bbaf4ee3de5b6f1c6fd4ea511?s=96&r=g","caption":"Noelia Costas"},"description":"Graduada en Comunicaci\u00f3n Audiovisual. Departamento de Marketing y Comunicaci\u00f3n de Grupo M\u00e9todo.","url":"https:\/\/metodoformacion.com\/blog\/author\/noelia-costas\/"}]}},"_links":{"self":[{"href":"https:\/\/metodoformacion.com\/blog\/wp-json\/wp\/v2\/posts\/2757"}],"collection":[{"href":"https:\/\/metodoformacion.com\/blog\/wp-json\/wp\/v2\/posts"}],"about":[{"href":"https:\/\/metodoformacion.com\/blog\/wp-json\/wp\/v2\/types\/post"}],"author":[{"embeddable":true,"href":"https:\/\/metodoformacion.com\/blog\/wp-json\/wp\/v2\/users\/10"}],"replies":[{"embeddable":true,"href":"https:\/\/metodoformacion.com\/blog\/wp-json\/wp\/v2\/comments?post=2757"}],"version-history":[{"count":26,"href":"https:\/\/metodoformacion.com\/blog\/wp-json\/wp\/v2\/posts\/2757\/revisions"}],"predecessor-version":[{"id":3053,"href":"https:\/\/metodoformacion.com\/blog\/wp-json\/wp\/v2\/posts\/2757\/revisions\/3053"}],"wp:featuredmedia":[{"embeddable":true,"href":"https:\/\/metodoformacion.com\/blog\/wp-json\/wp\/v2\/media\/2770"}],"wp:attachment":[{"href":"https:\/\/metodoformacion.com\/blog\/wp-json\/wp\/v2\/media?parent=2757"}],"wp:term":[{"taxonomy":"category","embeddable":true,"href":"https:\/\/metodoformacion.com\/blog\/wp-json\/wp\/v2\/categories?post=2757"},{"taxonomy":"post_tag","embeddable":true,"href":"https:\/\/metodoformacion.com\/blog\/wp-json\/wp\/v2\/tags?post=2757"}],"curies":[{"name":"wp","href":"https:\/\/api.w.org\/{rel}","templated":true}]}}