{"id":3014,"date":"2022-06-01T10:08:20","date_gmt":"2022-06-01T10:08:20","guid":{"rendered":"https:\/\/metodoformacion.com\/blog\/?p=3014"},"modified":"2022-07-06T08:19:57","modified_gmt":"2022-07-06T08:19:57","slug":"dialogo-social-y-negociacion-colectiva-formate-gratis","status":"publish","type":"post","link":"https:\/\/metodoformacion.com\/blog\/dialogo-social-y-negociacion-colectiva-formate-gratis\/","title":{"rendered":"Di\u00e1logo Social y Negociaci\u00f3n Colectiva: \u00a1f\u00f3rmate gratis!"},"content":{"rendered":"<p>En colaboraci\u00f3n con <span style=\"color: #e94683;\">EdeNE<\/span>, la Escuela de Negociaci\u00f3n Empresarial de la <span style=\"color: #000000;\"><a style=\"color: #000000;\" href=\"https:\/\/www.ceoe.es\/es\" target=\"_blank\" rel=\"noopener noreferrer\">CEOE<\/a><\/span>, en M\u00e9todo vamos a impartir formaci\u00f3n gratuita en torno al \u00e1mbito del Di\u00e1logo Social y la Negociaci\u00f3n Colectiva. Si te apasionan estos temas, \u00a1qu\u00e9date y te lo contamos todo!<\/p>\n<h2>Formaci\u00f3n gratuita en Di\u00e1logo Social y Negociaci\u00f3n Colectiva<\/h2>\n<p>Te preguntar\u00e1s si es necesario estar trabajando en este entorno o tener conocimientos previos. Sin embargo, <span style=\"color: #e94683;\">lo m\u00e1s importante es que tengas pasi\u00f3n por estas tem\u00e1ticas<\/span>. El objetivo principal es formar a las personas interesadas en empleo, formaci\u00f3n, recursos humanos y negociaci\u00f3n colectiva en una tem\u00e1tica tan actual como esta. Si te encuentras <span style=\"color: #e94683;\">trabajando, tanto por cuenta propia como por cuenta ajena<\/span>, podr\u00e1s acceder a ellos.<\/p>\n<p>Estos cursos te aportar\u00e1n una visi\u00f3n global. Podr\u00e1s aprender sobre c\u00f3mo aplicar la perspectiva de g\u00e9nero a la negociaci\u00f3n colectiva y as\u00ed asegurar un punto tan esencial como la igualdad laboral; tambi\u00e9n c\u00f3mo registrar los acuerdos, aprendiendo el manejo de los soportes que se utilizan en este entorno laboral; y tendr\u00e1s la oportunidad adem\u00e1s de conocer la historia y evoluci\u00f3n del papel crucial de la negociaci\u00f3n colectiva para potenciar la formaci\u00f3n profesional continua.<\/p>\n<p>Para tu m\u00e1xima comodidad, se realizan en modalidad <span style=\"color: #e94683;\"><strong>teleformaci\u00f3n<\/strong><\/span>, por lo que tendr\u00e1s total flexibilidad horaria y podr\u00e1s realizarlos desde cualquier lugar.<\/p>\n<h3><a href=\"\/\/metodoformacion.com\/campa%C3%B1as\/cursos_gratuitos_dialogo_social_negociacion_colectiva-308?utm_source=blog&amp;utm_medium=post&amp;utm_campaign=CEOE_EdeNE_DIALOGO_SOCIAL_NEGOCIACION_COLECTIVA&amp;utm_content=convocatoria\" target=\"_blank\" rel=\"noopener noreferrer\"><img loading=\"lazy\" class=\"wp-image-3016 size-full aligncenter\" src=\"https:\/\/metodoformacion.com\/blog\/wp-content\/uploads\/2022\/06\/Cursos.jpg\" alt=\"Formaci\u00f3n gratuita en Negociaci\u00f3n Colectiva y Di\u00e1logo Social: cursos disponibles.\" width=\"650\" height=\"325\" srcset=\"https:\/\/metodoformacion.com\/blog\/wp-content\/uploads\/2022\/06\/Cursos.jpg 650w, https:\/\/metodoformacion.com\/blog\/wp-content\/uploads\/2022\/06\/Cursos-300x150.jpg 300w\" sizes=\"(max-width: 650px) 100vw, 650px\" \/><\/a><\/h3>\n<h3>Cursos del programa<\/h3>\n<p>A continuaci\u00f3n, te detallamos qu\u00e9 cursos en concreto puedes realizar para que elijas el que m\u00e1s te guste:<\/p>\n<div id=\"divTitulo\" class=\"divTitulo\">\n<p id=\"nombreTituloCurso\" class=\"nombreTituloCurso\">\ud83e\udd1d <span style=\"color: #000000;\"><a style=\"color: #000000;\" href=\"https:\/\/metodoformacion.com\/cursos\/planes_de_igualdad_la_igualdad_en_la_negociacion_colectiva-2579?landing=true&amp;utm_source=blog&amp;utm_medium=post&amp;utm_campaign=CEOE_EdeNE_DIALOGO_SOCIAL_NEGOCIACION_COLECTIVA&amp;utm_content=planes+de+igualdad\" target=\"_blank\" rel=\"noopener noreferrer\"><strong>Planes de igualdad. La igualdad en la negociaci\u00f3n colectiva<\/strong><\/a> <\/span>| \u23f1\ufe0f 50 horas<\/p>\n<p>\ud83c\udfaf Adquirir conocimientos referentes a la negociaci\u00f3n y aplicaci\u00f3n de planes de igualdad.<\/p>\n<p>\ud83d\udcda Contenidos:<\/p>\n<ol>\n<li>La igualdad de oportunidades entre mujeres y hombres en Espa\u00f1a en el \u00e1mbito laboral<\/li>\n<li>La negociaci\u00f3n colectiva desde la perspectiva de g\u00e9nero como herramienta para implantar la igualdad en el mercado de trabajo<\/li>\n<li>Los planes de igualdad: diagn\u00f3stico, elaboraci\u00f3n e implantaci\u00f3n del plan y acciones de seguimiento y evaluaci\u00f3n<\/li>\n<\/ol>\n<p class=\"nombreTituloCurso\">\ud83e\udd1d <span style=\"color: #000000;\"><a style=\"color: #000000;\" href=\"https:\/\/metodoformacion.com\/cursos\/registro_y_deposito_de_convenios_y_acuerdos-2580?landing=true&amp;utm_source=blog&amp;utm_medium=post&amp;utm_campaign=CEOE_EdeNE_DIALOGO_SOCIAL_NEGOCIACION_COLECTIVA&amp;utm_content=registro+y+deposito+de+convenios+y+acuerdos\" target=\"_blank\" rel=\"noopener noreferrer\"><strong>Registro y dep\u00f3sito de convenios y acuerdos<\/strong><\/a> <\/span>| \u23f1\ufe0f 50 horas<\/p>\n<p>\ud83c\udfaf Conocer y manejar la aplicaci\u00f3n REGCON, que da soporte a trav\u00e9s de medios electr\u00f3nicos a los registros de acuerdos y convenios colectivos de trabajo de todas las autoridades laborales.<\/p>\n<p>\ud83d\udcda Contenidos:<\/p>\n<ol>\n<li>Aproximaci\u00f3n a REGCON: registro de convenios y acuerdos colectivos de trabajo<\/li>\n<li>P\u00e1gina principal de REGCON<\/li>\n<li>Gesti\u00f3n de acuerdos<\/li>\n<li>Tramitaci\u00f3n de expedientes<\/li>\n<li>Gesti\u00f3n de tr\u00e1mites<\/li>\n<li>Resoluciones y comunicaciones<\/li>\n<\/ol>\n<\/div>\n<div>\ud83e\udd1d <span style=\"color: #000000;\"><a style=\"color: #000000;\" href=\"https:\/\/metodoformacion.com\/cursos\/evolucion_de_la_formacion_continua_y_la_negociacion_colectiva_de_politica_social_a_requerimiento_de_la_competitividad-2581?landing=true&amp;utm_source=blog&amp;utm_medium=post&amp;utm_campaign=CEOE_EdeNE_DIALOGO_SOCIAL_NEGOCIACION_COLECTIVA&amp;utm_content=evolucion+de+la+formacion+continua+y+la+negociacion+colectiva\" target=\"_blank\" rel=\"noopener noreferrer\"><strong>Evoluci\u00f3n de la formaci\u00f3n continua y la negociaci\u00f3n colectiva: de pol\u00edtica social a requerimiento de la competitividad<\/strong><\/a><\/span> | \u23f1\ufe0f 40 horas<\/div>\n<p>\ud83c\udfaf Objetivos:<\/p>\n<ul>\n<li>Conocer la contribuci\u00f3n de la Negociaci\u00f3n Colectiva orientada a potenciar la Formaci\u00f3n Continua seg\u00fan las necesidades y objetivos de la estructura empresarial y social.<\/li>\n<li>Identificar el escenario actual de la regulaci\u00f3n de la formaci\u00f3n profesional para el empleo.<\/li>\n<li>Valorar las propuestas de impulso de la competitividad basada en valores de igualdad, participaci\u00f3n y di\u00e1logo social.<\/li>\n<\/ul>\n<p>\ud83d\udcda Contenidos:<\/p>\n<ol>\n<li>Estado actual de la formaci\u00f3n continua en Espa\u00f1a<\/li>\n<li>Colectivos que participan en acciones formativas<\/li>\n<li>La regulaci\u00f3n de la formaci\u00f3n profesional para el empleo<\/li>\n<li>Propuestas de impulso de la competitividad<\/li>\n<\/ol>\n<p>Ahora que conoces todos los detalles, \u00bfte animas? <span style=\"color: #e94683;\">Inscr\u00edbete<\/span> contactando con nosotros en el tel\u00e9fono gratuito \ud83d\udcde 900 812 902 o escribi\u00e9ndonos un WhatsApp al \ud83d\udcf2 604 088 706. \u00a1Te esperamos!<\/p>\n<p>&nbsp;<\/p>\n<p><img loading=\"lazy\" class=\"size-full wp-image-3069 aligncenter\" src=\"https:\/\/metodoformacion.com\/blog\/wp-content\/uploads\/2022\/06\/Logotipos_Edene.png\" alt=\"\" width=\"851\" height=\"101\" srcset=\"https:\/\/metodoformacion.com\/blog\/wp-content\/uploads\/2022\/06\/Logotipos_Edene.png 851w, https:\/\/metodoformacion.com\/blog\/wp-content\/uploads\/2022\/06\/Logotipos_Edene-300x36.png 300w, https:\/\/metodoformacion.com\/blog\/wp-content\/uploads\/2022\/06\/Logotipos_Edene-768x91.png 768w\" sizes=\"(max-width: 851px) 100vw, 851px\" \/><\/p>\n<p>&nbsp;<\/p>\n","protected":false},"excerpt":{"rendered":"<p>En colaboraci\u00f3n con EdeNE, la Escuela de Negociaci\u00f3n Empresarial de la CEOE, en M\u00e9todo vamos a impartir formaci\u00f3n gratuita en torno al \u00e1mbito del Di\u00e1logo Social y la Negociaci\u00f3n Colectiva. Si te apasionan estos temas, \u00a1qu\u00e9date y te lo contamos todo! Formaci\u00f3n gratuita en Di\u00e1logo Social y Negociaci\u00f3n Colectiva Te preguntar\u00e1s si es necesario estar [&hellip;]<\/p>\n","protected":false},"author":10,"featured_media":3022,"comment_status":"open","ping_status":"open","sticky":false,"template":"","format":"standard","meta":{"_monsterinsights_skip_tracking":false,"_monsterinsights_sitenote_active":false,"_monsterinsights_sitenote_note":"","_monsterinsights_sitenote_category":0},"categories":[31,41,34,18],"tags":[],"yoast_head":"<!-- This site is optimized with the Yoast SEO plugin v19.14 - https:\/\/yoast.com\/wordpress\/plugins\/seo\/ -->\n<title>Di\u00e1logo Social y Negociaci\u00f3n Colectiva: \u00a1f\u00f3rmate gratis!<\/title>\n<meta name=\"description\" content=\"Si te interesa el Di\u00e1logo Social y la Negociaci\u00f3n Colectiva, ahora puedes formarte de manera gratuita. \u00a1Reserva tu plaza!\" \/>\n<meta name=\"robots\" content=\"index, follow, max-snippet:-1, max-image-preview:large, max-video-preview:-1\" \/>\n<link rel=\"canonical\" href=\"https:\/\/metodoformacion.com\/blog\/dialogo-social-y-negociacion-colectiva-formate-gratis\/\" \/>\n<meta property=\"og:locale\" content=\"es_ES\" \/>\n<meta property=\"og:type\" content=\"article\" \/>\n<meta property=\"og:title\" content=\"Di\u00e1logo Social y Negociaci\u00f3n Colectiva: \u00a1f\u00f3rmate gratis!\" \/>\n<meta property=\"og:description\" content=\"Si te interesa el Di\u00e1logo Social y la Negociaci\u00f3n Colectiva, ahora puedes formarte de manera gratuita. \u00a1Reserva tu plaza!\" \/>\n<meta property=\"og:url\" content=\"https:\/\/metodoformacion.com\/blog\/dialogo-social-y-negociacion-colectiva-formate-gratis\/\" \/>\n<meta property=\"og:site_name\" content=\"Blog sobre formaci\u00f3n subvencionada y empleo\" \/>\n<meta property=\"article:published_time\" content=\"2022-06-01T10:08:20+00:00\" \/>\n<meta property=\"article:modified_time\" content=\"2022-07-06T08:19:57+00:00\" \/>\n<meta property=\"og:image\" content=\"https:\/\/metodoformacion.com\/blog\/wp-content\/uploads\/2022\/06\/IMAGEN-DESTACADA-BLOG.jpg\" \/>\n\t<meta property=\"og:image:width\" content=\"650\" \/>\n\t<meta property=\"og:image:height\" content=\"325\" \/>\n\t<meta property=\"og:image:type\" content=\"image\/jpeg\" \/>\n<meta name=\"author\" content=\"Noelia Costas\" \/>\n<meta name=\"twitter:card\" content=\"summary_large_image\" \/>\n<meta name=\"twitter:label1\" content=\"Escrito por\" \/>\n\t<meta name=\"twitter:data1\" content=\"Noelia Costas\" \/>\n\t<meta name=\"twitter:label2\" content=\"Tiempo de lectura\" \/>\n\t<meta name=\"twitter:data2\" content=\"3 minutos\" \/>\n<script type=\"application\/ld+json\" class=\"yoast-schema-graph\">{\"@context\":\"https:\/\/schema.org\",\"@graph\":[{\"@type\":\"Article\",\"@id\":\"https:\/\/metodoformacion.com\/blog\/dialogo-social-y-negociacion-colectiva-formate-gratis\/#article\",\"isPartOf\":{\"@id\":\"https:\/\/metodoformacion.com\/blog\/dialogo-social-y-negociacion-colectiva-formate-gratis\/\"},\"author\":{\"name\":\"Noelia Costas\",\"@id\":\"https:\/\/metodoformacion.com\/blog\/#\/schema\/person\/45ea4aca366c699abdab7a1dd90acafc\"},\"headline\":\"Di\u00e1logo Social y Negociaci\u00f3n Colectiva: \u00a1f\u00f3rmate gratis!\",\"datePublished\":\"2022-06-01T10:08:20+00:00\",\"dateModified\":\"2022-07-06T08:19:57+00:00\",\"mainEntityOfPage\":{\"@id\":\"https:\/\/metodoformacion.com\/blog\/dialogo-social-y-negociacion-colectiva-formate-gratis\/\"},\"wordCount\":583,\"commentCount\":0,\"publisher\":{\"@id\":\"https:\/\/metodoformacion.com\/blog\/#organization\"},\"articleSection\":[\"Cursos gratis\",\"E-learning\",\"Formaci\u00f3n subvencionada\",\"Intersectorial\"],\"inLanguage\":\"es\",\"potentialAction\":[{\"@type\":\"CommentAction\",\"name\":\"Comment\",\"target\":[\"https:\/\/metodoformacion.com\/blog\/dialogo-social-y-negociacion-colectiva-formate-gratis\/#respond\"]}]},{\"@type\":\"WebPage\",\"@id\":\"https:\/\/metodoformacion.com\/blog\/dialogo-social-y-negociacion-colectiva-formate-gratis\/\",\"url\":\"https:\/\/metodoformacion.com\/blog\/dialogo-social-y-negociacion-colectiva-formate-gratis\/\",\"name\":\"Di\u00e1logo Social y Negociaci\u00f3n Colectiva: \u00a1f\u00f3rmate gratis!\",\"isPartOf\":{\"@id\":\"https:\/\/metodoformacion.com\/blog\/#website\"},\"datePublished\":\"2022-06-01T10:08:20+00:00\",\"dateModified\":\"2022-07-06T08:19:57+00:00\",\"description\":\"Si te interesa el Di\u00e1logo Social y la Negociaci\u00f3n Colectiva, ahora puedes formarte de manera gratuita. \u00a1Reserva tu plaza!\",\"breadcrumb\":{\"@id\":\"https:\/\/metodoformacion.com\/blog\/dialogo-social-y-negociacion-colectiva-formate-gratis\/#breadcrumb\"},\"inLanguage\":\"es\",\"potentialAction\":[{\"@type\":\"ReadAction\",\"target\":[\"https:\/\/metodoformacion.com\/blog\/dialogo-social-y-negociacion-colectiva-formate-gratis\/\"]}]},{\"@type\":\"BreadcrumbList\",\"@id\":\"https:\/\/metodoformacion.com\/blog\/dialogo-social-y-negociacion-colectiva-formate-gratis\/#breadcrumb\",\"itemListElement\":[{\"@type\":\"ListItem\",\"position\":1,\"name\":\"Inicio\",\"item\":\"https:\/\/metodoformacion.com\/blog\/\"},{\"@type\":\"ListItem\",\"position\":2,\"name\":\"Di\u00e1logo Social y Negociaci\u00f3n Colectiva: \u00a1f\u00f3rmate gratis!\"}]},{\"@type\":\"WebSite\",\"@id\":\"https:\/\/metodoformacion.com\/blog\/#website\",\"url\":\"https:\/\/metodoformacion.com\/blog\/\",\"name\":\"Blog sobre formaci\u00f3n subvencionada y empleo\",\"description\":\"\",\"publisher\":{\"@id\":\"https:\/\/metodoformacion.com\/blog\/#organization\"},\"potentialAction\":[{\"@type\":\"SearchAction\",\"target\":{\"@type\":\"EntryPoint\",\"urlTemplate\":\"https:\/\/metodoformacion.com\/blog\/?s={search_term_string}\"},\"query-input\":\"required name=search_term_string\"}],\"inLanguage\":\"es\"},{\"@type\":\"Organization\",\"@id\":\"https:\/\/metodoformacion.com\/blog\/#organization\",\"name\":\"Grupo M\u00e9todo\",\"url\":\"https:\/\/metodoformacion.com\/blog\/\",\"logo\":{\"@type\":\"ImageObject\",\"inLanguage\":\"es\",\"@id\":\"https:\/\/metodoformacion.com\/blog\/#\/schema\/logo\/image\/\",\"url\":\"https:\/\/metodoformacion.com\/blog\/wp-content\/uploads\/2019\/12\/logo-transparente.png\",\"contentUrl\":\"https:\/\/metodoformacion.com\/blog\/wp-content\/uploads\/2019\/12\/logo-transparente.png\",\"width\":160,\"height\":70,\"caption\":\"Grupo M\u00e9todo\"},\"image\":{\"@id\":\"https:\/\/metodoformacion.com\/blog\/#\/schema\/logo\/image\/\"}},{\"@type\":\"Person\",\"@id\":\"https:\/\/metodoformacion.com\/blog\/#\/schema\/person\/45ea4aca366c699abdab7a1dd90acafc\",\"name\":\"Noelia Costas\",\"image\":{\"@type\":\"ImageObject\",\"inLanguage\":\"es\",\"@id\":\"https:\/\/metodoformacion.com\/blog\/#\/schema\/person\/image\/\",\"url\":\"https:\/\/secure.gravatar.com\/avatar\/45655b4bbaf4ee3de5b6f1c6fd4ea511?s=96&r=g\",\"contentUrl\":\"https:\/\/secure.gravatar.com\/avatar\/45655b4bbaf4ee3de5b6f1c6fd4ea511?s=96&r=g\",\"caption\":\"Noelia Costas\"},\"description\":\"Graduada en Comunicaci\u00f3n Audiovisual. Departamento de Marketing y Comunicaci\u00f3n de Grupo M\u00e9todo.\",\"url\":\"https:\/\/metodoformacion.com\/blog\/author\/noelia-costas\/\"}]}<\/script>\n<!-- \/ Yoast SEO plugin. -->","yoast_head_json":{"title":"Di\u00e1logo Social y Negociaci\u00f3n Colectiva: \u00a1f\u00f3rmate gratis!","description":"Si te interesa el Di\u00e1logo Social y la Negociaci\u00f3n Colectiva, ahora puedes formarte de manera gratuita. \u00a1Reserva tu plaza!","robots":{"index":"index","follow":"follow","max-snippet":"max-snippet:-1","max-image-preview":"max-image-preview:large","max-video-preview":"max-video-preview:-1"},"canonical":"https:\/\/metodoformacion.com\/blog\/dialogo-social-y-negociacion-colectiva-formate-gratis\/","og_locale":"es_ES","og_type":"article","og_title":"Di\u00e1logo Social y Negociaci\u00f3n Colectiva: \u00a1f\u00f3rmate gratis!","og_description":"Si te interesa el Di\u00e1logo Social y la Negociaci\u00f3n Colectiva, ahora puedes formarte de manera gratuita. \u00a1Reserva tu plaza!","og_url":"https:\/\/metodoformacion.com\/blog\/dialogo-social-y-negociacion-colectiva-formate-gratis\/","og_site_name":"Blog sobre formaci\u00f3n subvencionada y empleo","article_published_time":"2022-06-01T10:08:20+00:00","article_modified_time":"2022-07-06T08:19:57+00:00","og_image":[{"width":650,"height":325,"url":"https:\/\/metodoformacion.com\/blog\/wp-content\/uploads\/2022\/06\/IMAGEN-DESTACADA-BLOG.jpg","type":"image\/jpeg"}],"author":"Noelia Costas","twitter_card":"summary_large_image","twitter_misc":{"Escrito por":"Noelia Costas","Tiempo de lectura":"3 minutos"},"schema":{"@context":"https:\/\/schema.org","@graph":[{"@type":"Article","@id":"https:\/\/metodoformacion.com\/blog\/dialogo-social-y-negociacion-colectiva-formate-gratis\/#article","isPartOf":{"@id":"https:\/\/metodoformacion.com\/blog\/dialogo-social-y-negociacion-colectiva-formate-gratis\/"},"author":{"name":"Noelia Costas","@id":"https:\/\/metodoformacion.com\/blog\/#\/schema\/person\/45ea4aca366c699abdab7a1dd90acafc"},"headline":"Di\u00e1logo Social y Negociaci\u00f3n Colectiva: \u00a1f\u00f3rmate gratis!","datePublished":"2022-06-01T10:08:20+00:00","dateModified":"2022-07-06T08:19:57+00:00","mainEntityOfPage":{"@id":"https:\/\/metodoformacion.com\/blog\/dialogo-social-y-negociacion-colectiva-formate-gratis\/"},"wordCount":583,"commentCount":0,"publisher":{"@id":"https:\/\/metodoformacion.com\/blog\/#organization"},"articleSection":["Cursos gratis","E-learning","Formaci\u00f3n subvencionada","Intersectorial"],"inLanguage":"es","potentialAction":[{"@type":"CommentAction","name":"Comment","target":["https:\/\/metodoformacion.com\/blog\/dialogo-social-y-negociacion-colectiva-formate-gratis\/#respond"]}]},{"@type":"WebPage","@id":"https:\/\/metodoformacion.com\/blog\/dialogo-social-y-negociacion-colectiva-formate-gratis\/","url":"https:\/\/metodoformacion.com\/blog\/dialogo-social-y-negociacion-colectiva-formate-gratis\/","name":"Di\u00e1logo Social y Negociaci\u00f3n Colectiva: \u00a1f\u00f3rmate gratis!","isPartOf":{"@id":"https:\/\/metodoformacion.com\/blog\/#website"},"datePublished":"2022-06-01T10:08:20+00:00","dateModified":"2022-07-06T08:19:57+00:00","description":"Si te interesa el Di\u00e1logo Social y la Negociaci\u00f3n Colectiva, ahora puedes formarte de manera gratuita. \u00a1Reserva tu plaza!","breadcrumb":{"@id":"https:\/\/metodoformacion.com\/blog\/dialogo-social-y-negociacion-colectiva-formate-gratis\/#breadcrumb"},"inLanguage":"es","potentialAction":[{"@type":"ReadAction","target":["https:\/\/metodoformacion.com\/blog\/dialogo-social-y-negociacion-colectiva-formate-gratis\/"]}]},{"@type":"BreadcrumbList","@id":"https:\/\/metodoformacion.com\/blog\/dialogo-social-y-negociacion-colectiva-formate-gratis\/#breadcrumb","itemListElement":[{"@type":"ListItem","position":1,"name":"Inicio","item":"https:\/\/metodoformacion.com\/blog\/"},{"@type":"ListItem","position":2,"name":"Di\u00e1logo Social y Negociaci\u00f3n Colectiva: \u00a1f\u00f3rmate gratis!"}]},{"@type":"WebSite","@id":"https:\/\/metodoformacion.com\/blog\/#website","url":"https:\/\/metodoformacion.com\/blog\/","name":"Blog sobre formaci\u00f3n subvencionada y empleo","description":"","publisher":{"@id":"https:\/\/metodoformacion.com\/blog\/#organization"},"potentialAction":[{"@type":"SearchAction","target":{"@type":"EntryPoint","urlTemplate":"https:\/\/metodoformacion.com\/blog\/?s={search_term_string}"},"query-input":"required name=search_term_string"}],"inLanguage":"es"},{"@type":"Organization","@id":"https:\/\/metodoformacion.com\/blog\/#organization","name":"Grupo M\u00e9todo","url":"https:\/\/metodoformacion.com\/blog\/","logo":{"@type":"ImageObject","inLanguage":"es","@id":"https:\/\/metodoformacion.com\/blog\/#\/schema\/logo\/image\/","url":"https:\/\/metodoformacion.com\/blog\/wp-content\/uploads\/2019\/12\/logo-transparente.png","contentUrl":"https:\/\/metodoformacion.com\/blog\/wp-content\/uploads\/2019\/12\/logo-transparente.png","width":160,"height":70,"caption":"Grupo M\u00e9todo"},"image":{"@id":"https:\/\/metodoformacion.com\/blog\/#\/schema\/logo\/image\/"}},{"@type":"Person","@id":"https:\/\/metodoformacion.com\/blog\/#\/schema\/person\/45ea4aca366c699abdab7a1dd90acafc","name":"Noelia Costas","image":{"@type":"ImageObject","inLanguage":"es","@id":"https:\/\/metodoformacion.com\/blog\/#\/schema\/person\/image\/","url":"https:\/\/secure.gravatar.com\/avatar\/45655b4bbaf4ee3de5b6f1c6fd4ea511?s=96&r=g","contentUrl":"https:\/\/secure.gravatar.com\/avatar\/45655b4bbaf4ee3de5b6f1c6fd4ea511?s=96&r=g","caption":"Noelia Costas"},"description":"Graduada en Comunicaci\u00f3n Audiovisual. Departamento de Marketing y Comunicaci\u00f3n de Grupo M\u00e9todo.","url":"https:\/\/metodoformacion.com\/blog\/author\/noelia-costas\/"}]}},"_links":{"self":[{"href":"https:\/\/metodoformacion.com\/blog\/wp-json\/wp\/v2\/posts\/3014"}],"collection":[{"href":"https:\/\/metodoformacion.com\/blog\/wp-json\/wp\/v2\/posts"}],"about":[{"href":"https:\/\/metodoformacion.com\/blog\/wp-json\/wp\/v2\/types\/post"}],"author":[{"embeddable":true,"href":"https:\/\/metodoformacion.com\/blog\/wp-json\/wp\/v2\/users\/10"}],"replies":[{"embeddable":true,"href":"https:\/\/metodoformacion.com\/blog\/wp-json\/wp\/v2\/comments?post=3014"}],"version-history":[{"count":13,"href":"https:\/\/metodoformacion.com\/blog\/wp-json\/wp\/v2\/posts\/3014\/revisions"}],"predecessor-version":[{"id":3116,"href":"https:\/\/metodoformacion.com\/blog\/wp-json\/wp\/v2\/posts\/3014\/revisions\/3116"}],"wp:featuredmedia":[{"embeddable":true,"href":"https:\/\/metodoformacion.com\/blog\/wp-json\/wp\/v2\/media\/3022"}],"wp:attachment":[{"href":"https:\/\/metodoformacion.com\/blog\/wp-json\/wp\/v2\/media?parent=3014"}],"wp:term":[{"taxonomy":"category","embeddable":true,"href":"https:\/\/metodoformacion.com\/blog\/wp-json\/wp\/v2\/categories?post=3014"},{"taxonomy":"post_tag","embeddable":true,"href":"https:\/\/metodoformacion.com\/blog\/wp-json\/wp\/v2\/tags?post=3014"}],"curies":[{"name":"wp","href":"https:\/\/api.w.org\/{rel}","templated":true}]}}