{"id":3094,"date":"2022-07-05T11:38:19","date_gmt":"2022-07-05T11:38:19","guid":{"rendered":"https:\/\/metodoformacion.com\/blog\/?p=3094"},"modified":"2022-07-05T11:38:19","modified_gmt":"2022-07-05T11:38:19","slug":"formacion-digital-de-las-trabajadoras-del-ambito-rural","status":"publish","type":"post","link":"https:\/\/metodoformacion.com\/blog\/formacion-digital-de-las-trabajadoras-del-ambito-rural\/","title":{"rendered":"Formaci\u00f3n digital para las trabajadoras del \u00e1mbito rural \ud83c\udf3f"},"content":{"rendered":"<p>Esta semana tuvo lugar la presentaci\u00f3n del programa <span style=\"color: #000000;\">\u00ab<span style=\"color: #e94683;\">Alfabetizaci\u00f3n digital para mujeres contratadas en el marco del Plan de Fomento del Empleo Agrario (PROFEA)\u00bb<\/span><\/span>, en el que colabora Grupo M\u00e9todo. \u00a1Te lo contamos todo sobre este proyecto de formaci\u00f3n digital!<\/p>\n<div id=\"ez-toc-container\" class=\"ez-toc-v2_0_62 counter-hierarchy ez-toc-counter ez-toc-custom ez-toc-container-direction\">\n<p class=\"ez-toc-title\">Hablamos sobre...<\/p>\n<label for=\"ez-toc-cssicon-toggle-item-69f30113411fa\" class=\"ez-toc-cssicon-toggle-label\"><span class=\"\"><span class=\"eztoc-hide\" style=\"display:none;\">Toggle<\/span><span class=\"ez-toc-icon-toggle-span\"><svg style=\"fill: #000000;color:#000000\" xmlns=\"http:\/\/www.w3.org\/2000\/svg\" class=\"list-377408\" width=\"20px\" height=\"20px\" viewBox=\"0 0 24 24\" fill=\"none\"><path d=\"M6 6H4v2h2V6zm14 0H8v2h12V6zM4 11h2v2H4v-2zm16 0H8v2h12v-2zM4 16h2v2H4v-2zm16 0H8v2h12v-2z\" fill=\"currentColor\"><\/path><\/svg><svg style=\"fill: #000000;color:#000000\" class=\"arrow-unsorted-368013\" xmlns=\"http:\/\/www.w3.org\/2000\/svg\" width=\"10px\" height=\"10px\" viewBox=\"0 0 24 24\" version=\"1.2\" baseProfile=\"tiny\"><path d=\"M18.2 9.3l-6.2-6.3-6.2 6.3c-.2.2-.3.4-.3.7s.1.5.3.7c.2.2.4.3.7.3h11c.3 0 .5-.1.7-.3.2-.2.3-.5.3-.7s-.1-.5-.3-.7zM5.8 14.7l6.2 6.3 6.2-6.3c.2-.2.3-.5.3-.7s-.1-.5-.3-.7c-.2-.2-.4-.3-.7-.3h-11c-.3 0-.5.1-.7.3-.2.2-.3.5-.3.7s.1.5.3.7z\"\/><\/svg><\/span><\/span><\/label><input type=\"checkbox\"  id=\"ez-toc-cssicon-toggle-item-69f30113411fa\" checked aria-label=\"Toggle\" \/><nav><ul class='ez-toc-list ez-toc-list-level-1 ' ><li class='ez-toc-page-1 ez-toc-heading-level-2'><a class=\"ez-toc-link ez-toc-heading-1\" href=\"https:\/\/metodoformacion.com\/blog\/formacion-digital-de-las-trabajadoras-del-ambito-rural\/#Formacion_digital_de_trabajadoras_del_ambito_rural\" title=\"Formaci\u00f3n digital de trabajadoras del \u00e1mbito rural\">Formaci\u00f3n digital de trabajadoras del \u00e1mbito rural<\/a><ul class='ez-toc-list-level-3' ><li class='ez-toc-heading-level-3'><a class=\"ez-toc-link ez-toc-heading-2\" href=\"https:\/\/metodoformacion.com\/blog\/formacion-digital-de-las-trabajadoras-del-ambito-rural\/#Formacion_digital_itinerario\" title=\"Formaci\u00f3n digital: itinerario\">Formaci\u00f3n digital: itinerario<\/a><\/li><li class='ez-toc-page-1 ez-toc-heading-level-3'><a class=\"ez-toc-link ez-toc-heading-3\" href=\"https:\/\/metodoformacion.com\/blog\/formacion-digital-de-las-trabajadoras-del-ambito-rural\/#%C2%BFComo_inscribirse\" title=\"\u00bfC\u00f3mo inscribirse?\">\u00bfC\u00f3mo inscribirse?<\/a><\/li><\/ul><\/li><li class='ez-toc-page-1 ez-toc-heading-level-2'><a class=\"ez-toc-link ez-toc-heading-4\" href=\"https:\/\/metodoformacion.com\/blog\/formacion-digital-de-las-trabajadoras-del-ambito-rural\/#Evento_de_inauguracion\" title=\"Evento de inauguraci\u00f3n\">Evento de inauguraci\u00f3n<\/a><\/li><\/ul><\/nav><\/div>\n<h2><span class=\"ez-toc-section\" id=\"Formacion_digital_de_trabajadoras_del_ambito_rural\"><\/span>Formaci\u00f3n digital de trabajadoras del \u00e1mbito rural<span class=\"ez-toc-section-end\"><\/span><\/h2>\n<p>Este programa se dirige a 180.000 mujeres del \u00e1mbito rural que se encuentran o han estado contratadas en el <span style=\"color: #000000;\"><a style=\"color: #000000;\" href=\"https:\/\/www.boe.es\/buscar\/doc.php?id=BOE-A-1997-13739\" target=\"_blank\" rel=\"noopener\">Plan de Fomento del Empleo Agrario<\/a> <span style=\"color: #333333;\">en las Comunidades Aut\u00f3nomas de Andaluc\u00eda, Extremadura, Arag\u00f3n, Canarias, Castilla y Le\u00f3n, Comunidad Valenciana, Castilla-La Mancha y Murcia.<\/span><\/span><\/p>\n<p>La iniciativa se enmarca en el <span style=\"color: #000000;\"><a style=\"color: #000000;\" href=\"https:\/\/metodoformacion.com\/blog\/convocatoria-cursos-turismo\/\" target=\"_blank\" rel=\"noopener\">Plan de Recuperaci\u00f3n, Transformaci\u00f3n y Resiliencia<\/a><\/span>, que ya mencionamos aqu\u00ed previamente. Forma parte as\u00ed, de los proyectos promovidos por el Ministerio de Trabajo y <span style=\"color: #333333;\">Econom\u00eda<\/span> Social que pretenden formar a la poblaci\u00f3n en competencias digitales.<\/p>\n<p>Los <span style=\"color: #e94683;\">objetivos que busca alcanzar<\/span> son:<\/p>\n<ul>\n<li>En primer lugar, proporcionar mejores y mayores oportunidades de empleo a las personas trabajadoras, dando prioridad a la brecha digital que existe entre las ocupadas y las desempleadas. Con ello, se pretende impulsar la formaci\u00f3n continua a lo largo de la vida laboral.<\/li>\n<li>Despu\u00e9s, busca tambi\u00e9n mitigar la brecha de g\u00e9nero, que est\u00e1 m\u00e1s latente cuando se trata de uso especializado y avanzado de la tecnolog\u00eda. De esta forma, pretende garantizar la participaci\u00f3n de las mujeres en esta.<\/li>\n<li>Por \u00faltimo, disminuir la brecha territorial de las zonas rurales, promoviendo la uni\u00f3n de todo el territorio.<\/li>\n<\/ul>\n<p><img loading=\"lazy\" class=\"size-full wp-image-3103 aligncenter\" src=\"https:\/\/metodoformacion.com\/blog\/wp-content\/uploads\/2022\/07\/digitalizacion-mujer-rural.jpg\" alt=\"\" width=\"650\" height=\"325\" srcset=\"https:\/\/metodoformacion.com\/blog\/wp-content\/uploads\/2022\/07\/digitalizacion-mujer-rural.jpg 650w, https:\/\/metodoformacion.com\/blog\/wp-content\/uploads\/2022\/07\/digitalizacion-mujer-rural-300x150.jpg 300w\" sizes=\"(max-width: 650px) 100vw, 650px\" \/><\/p>\n<h3><span class=\"ez-toc-section\" id=\"Formacion_digital_itinerario\"><\/span>Formaci\u00f3n digital: itinerario<span class=\"ez-toc-section-end\"><\/span><\/h3>\n<p>La formaci\u00f3n para la alfabetizaci\u00f3n digital est\u00e1 compuesta por <span style=\"color: #e94683;\">dos acciones formativas<\/span> presenciales de 26 horas cada una:<\/p>\n<ol>\n<li>Iniciaci\u00f3n en competencias digitales b\u00e1sicas<\/li>\n<li>Competencias digitales b\u00e1sicas para el empleo<\/li>\n<\/ol>\n<p>Estas est\u00e1n incluidas en el <span style=\"color: #000000;\"><a style=\"color: #000000;\" href=\"https:\/\/www.sepe.es\/HomeSepe\/Personas\/formacion\/catalogo-especialidades-formativas.html\" target=\"_blank\" rel=\"noopener\">Cat\u00e1logo de Especialidades Formativas del Sistema Nacional de Empleo<\/a><\/span>.<\/p>\n<h3><span class=\"ez-toc-section\" id=\"%C2%BFComo_inscribirse\"><\/span>\u00bfC\u00f3mo inscribirse?<span class=\"ez-toc-section-end\"><\/span><\/h3>\n<p>Las mujeres interesadas podr\u00e1n realizar su inscripci\u00f3n a trav\u00e9s de la <span style=\"color: #000000;\"><a style=\"color: #000000;\" href=\"https:\/\/cursosmujerrural.es\/inscripcion\/\" target=\"_blank\" rel=\"noopener\">p\u00e1gina web del programa<\/a><\/span> y los siguientes tel\u00e9fonos habilitados para ello:<\/p>\n<ul>\n<li>Sevilla: 900 90 96 84<\/li>\n<li>Castilla-La Mancha: 900 90 96 87<\/li>\n<li>Ja\u00e9n, Almer\u00eda y Granada: 900 90 96 53<\/li>\n<li>Canarias, Comunidad Valenciana, Murcia, Castilla y Le\u00f3n y Arag\u00f3n: 900 90 96 85<\/li>\n<\/ul>\n<h2><span class=\"ez-toc-section\" id=\"Evento_de_inauguracion\"><\/span>Evento de inauguraci\u00f3n<span class=\"ez-toc-section-end\"><\/span><\/h2>\n<p>El pasado <span style=\"color: #e94683;\">29 de junio, Grupo M\u00e9todo, <\/span>junto con otras empresas de reconocido prestigio en formaci\u00f3n, <span style=\"color: #e94683;\">organiz\u00f3 en Sevilla un evento de inauguraci\u00f3n del programa<\/span>. Este cont\u00f3 con la presencia del director general del Servicio P\u00fablico de Empleo Estatal, Gerardo Guti\u00e9rrez Ardoy. Tras la apertura, tuvo lugar una mesa t\u00e9cnica en la que se discuti\u00f3 el tema la empleabilidad y digitalizaci\u00f3n de la mujer en el \u00e1mbito rural.<\/p>\n<p><img loading=\"lazy\" class=\"size-full wp-image-3098 aligncenter\" src=\"https:\/\/metodoformacion.com\/blog\/wp-content\/uploads\/2022\/07\/presentacion.jpg\" alt=\"Evento de inauguraci\u00f3n del programa de formaci\u00f3n digital para mujeres del \u00e1mbito rural.\" width=\"650\" height=\"325\" srcset=\"https:\/\/metodoformacion.com\/blog\/wp-content\/uploads\/2022\/07\/presentacion.jpg 650w, https:\/\/metodoformacion.com\/blog\/wp-content\/uploads\/2022\/07\/presentacion-300x150.jpg 300w\" sizes=\"(max-width: 650px) 100vw, 650px\" \/><\/p>\n","protected":false},"excerpt":{"rendered":"<p>Esta semana tuvo lugar la presentaci\u00f3n del programa \u00abAlfabetizaci\u00f3n digital para mujeres contratadas en el marco del Plan de Fomento del Empleo Agrario (PROFEA)\u00bb, en el que colabora Grupo M\u00e9todo. \u00a1Te lo contamos todo sobre este proyecto de formaci\u00f3n digital! Formaci\u00f3n digital de trabajadoras del \u00e1mbito rural Este programa se dirige a 180.000 mujeres del [&hellip;]<\/p>\n","protected":false},"author":10,"featured_media":3096,"comment_status":"open","ping_status":"open","sticky":false,"template":"","format":"standard","meta":{"_monsterinsights_skip_tracking":false,"_monsterinsights_sitenote_active":false,"_monsterinsights_sitenote_note":"","_monsterinsights_sitenote_category":0},"categories":[34],"tags":[],"yoast_head":"<!-- This site is optimized with the Yoast SEO plugin v19.14 - https:\/\/yoast.com\/wordpress\/plugins\/seo\/ -->\n<title>Formaci\u00f3n digital de las trabajadoras del \u00e1mbito rural | M\u00e9todo Formaci\u00f3n<\/title>\n<meta name=\"description\" content=\"M\u00e9todo participa en el programa de formaci\u00f3n digital para mujeres que se encuentran o han estado contratadas en el marco de PROFEA.\" \/>\n<meta name=\"robots\" content=\"index, follow, max-snippet:-1, max-image-preview:large, max-video-preview:-1\" \/>\n<link rel=\"canonical\" href=\"https:\/\/metodoformacion.com\/blog\/formacion-digital-de-las-trabajadoras-del-ambito-rural\/\" \/>\n<meta property=\"og:locale\" content=\"es_ES\" \/>\n<meta property=\"og:type\" content=\"article\" \/>\n<meta property=\"og:title\" content=\"Formaci\u00f3n digital de las trabajadoras del \u00e1mbito rural | M\u00e9todo Formaci\u00f3n\" \/>\n<meta property=\"og:description\" content=\"M\u00e9todo participa en el programa de formaci\u00f3n digital para mujeres que se encuentran o han estado contratadas en el marco de PROFEA.\" \/>\n<meta property=\"og:url\" content=\"https:\/\/metodoformacion.com\/blog\/formacion-digital-de-las-trabajadoras-del-ambito-rural\/\" \/>\n<meta property=\"og:site_name\" content=\"Blog sobre formaci\u00f3n subvencionada y empleo\" \/>\n<meta property=\"article:published_time\" content=\"2022-07-05T11:38:19+00:00\" \/>\n<meta property=\"og:image\" content=\"https:\/\/metodoformacion.com\/blog\/wp-content\/uploads\/2022\/07\/IMAGEN-DESTACADA.jpg\" \/>\n\t<meta property=\"og:image:width\" content=\"650\" \/>\n\t<meta property=\"og:image:height\" content=\"325\" \/>\n\t<meta property=\"og:image:type\" content=\"image\/jpeg\" \/>\n<meta name=\"author\" content=\"Noelia Costas\" \/>\n<meta name=\"twitter:card\" content=\"summary_large_image\" \/>\n<meta name=\"twitter:label1\" content=\"Escrito por\" \/>\n\t<meta name=\"twitter:data1\" content=\"Noelia Costas\" \/>\n\t<meta name=\"twitter:label2\" content=\"Tiempo de lectura\" \/>\n\t<meta name=\"twitter:data2\" content=\"3 minutos\" \/>\n<script type=\"application\/ld+json\" class=\"yoast-schema-graph\">{\"@context\":\"https:\/\/schema.org\",\"@graph\":[{\"@type\":\"Article\",\"@id\":\"https:\/\/metodoformacion.com\/blog\/formacion-digital-de-las-trabajadoras-del-ambito-rural\/#article\",\"isPartOf\":{\"@id\":\"https:\/\/metodoformacion.com\/blog\/formacion-digital-de-las-trabajadoras-del-ambito-rural\/\"},\"author\":{\"name\":\"Noelia Costas\",\"@id\":\"https:\/\/metodoformacion.com\/blog\/#\/schema\/person\/45ea4aca366c699abdab7a1dd90acafc\"},\"headline\":\"Formaci\u00f3n digital para las trabajadoras del \u00e1mbito rural \ud83c\udf3f\",\"datePublished\":\"2022-07-05T11:38:19+00:00\",\"dateModified\":\"2022-07-05T11:38:19+00:00\",\"mainEntityOfPage\":{\"@id\":\"https:\/\/metodoformacion.com\/blog\/formacion-digital-de-las-trabajadoras-del-ambito-rural\/\"},\"wordCount\":442,\"commentCount\":0,\"publisher\":{\"@id\":\"https:\/\/metodoformacion.com\/blog\/#organization\"},\"articleSection\":[\"Formaci\u00f3n subvencionada\"],\"inLanguage\":\"es\",\"potentialAction\":[{\"@type\":\"CommentAction\",\"name\":\"Comment\",\"target\":[\"https:\/\/metodoformacion.com\/blog\/formacion-digital-de-las-trabajadoras-del-ambito-rural\/#respond\"]}]},{\"@type\":\"WebPage\",\"@id\":\"https:\/\/metodoformacion.com\/blog\/formacion-digital-de-las-trabajadoras-del-ambito-rural\/\",\"url\":\"https:\/\/metodoformacion.com\/blog\/formacion-digital-de-las-trabajadoras-del-ambito-rural\/\",\"name\":\"Formaci\u00f3n digital de las trabajadoras del \u00e1mbito rural | M\u00e9todo Formaci\u00f3n\",\"isPartOf\":{\"@id\":\"https:\/\/metodoformacion.com\/blog\/#website\"},\"datePublished\":\"2022-07-05T11:38:19+00:00\",\"dateModified\":\"2022-07-05T11:38:19+00:00\",\"description\":\"M\u00e9todo participa en el programa de formaci\u00f3n digital para mujeres que se encuentran o han estado contratadas en el marco de PROFEA.\",\"breadcrumb\":{\"@id\":\"https:\/\/metodoformacion.com\/blog\/formacion-digital-de-las-trabajadoras-del-ambito-rural\/#breadcrumb\"},\"inLanguage\":\"es\",\"potentialAction\":[{\"@type\":\"ReadAction\",\"target\":[\"https:\/\/metodoformacion.com\/blog\/formacion-digital-de-las-trabajadoras-del-ambito-rural\/\"]}]},{\"@type\":\"BreadcrumbList\",\"@id\":\"https:\/\/metodoformacion.com\/blog\/formacion-digital-de-las-trabajadoras-del-ambito-rural\/#breadcrumb\",\"itemListElement\":[{\"@type\":\"ListItem\",\"position\":1,\"name\":\"Inicio\",\"item\":\"https:\/\/metodoformacion.com\/blog\/\"},{\"@type\":\"ListItem\",\"position\":2,\"name\":\"Formaci\u00f3n digital para las trabajadoras del \u00e1mbito rural \ud83c\udf3f\"}]},{\"@type\":\"WebSite\",\"@id\":\"https:\/\/metodoformacion.com\/blog\/#website\",\"url\":\"https:\/\/metodoformacion.com\/blog\/\",\"name\":\"Blog sobre formaci\u00f3n subvencionada y empleo\",\"description\":\"\",\"publisher\":{\"@id\":\"https:\/\/metodoformacion.com\/blog\/#organization\"},\"potentialAction\":[{\"@type\":\"SearchAction\",\"target\":{\"@type\":\"EntryPoint\",\"urlTemplate\":\"https:\/\/metodoformacion.com\/blog\/?s={search_term_string}\"},\"query-input\":\"required name=search_term_string\"}],\"inLanguage\":\"es\"},{\"@type\":\"Organization\",\"@id\":\"https:\/\/metodoformacion.com\/blog\/#organization\",\"name\":\"Grupo M\u00e9todo\",\"url\":\"https:\/\/metodoformacion.com\/blog\/\",\"logo\":{\"@type\":\"ImageObject\",\"inLanguage\":\"es\",\"@id\":\"https:\/\/metodoformacion.com\/blog\/#\/schema\/logo\/image\/\",\"url\":\"https:\/\/metodoformacion.com\/blog\/wp-content\/uploads\/2019\/12\/logo-transparente.png\",\"contentUrl\":\"https:\/\/metodoformacion.com\/blog\/wp-content\/uploads\/2019\/12\/logo-transparente.png\",\"width\":160,\"height\":70,\"caption\":\"Grupo M\u00e9todo\"},\"image\":{\"@id\":\"https:\/\/metodoformacion.com\/blog\/#\/schema\/logo\/image\/\"}},{\"@type\":\"Person\",\"@id\":\"https:\/\/metodoformacion.com\/blog\/#\/schema\/person\/45ea4aca366c699abdab7a1dd90acafc\",\"name\":\"Noelia Costas\",\"image\":{\"@type\":\"ImageObject\",\"inLanguage\":\"es\",\"@id\":\"https:\/\/metodoformacion.com\/blog\/#\/schema\/person\/image\/\",\"url\":\"https:\/\/secure.gravatar.com\/avatar\/45655b4bbaf4ee3de5b6f1c6fd4ea511?s=96&r=g\",\"contentUrl\":\"https:\/\/secure.gravatar.com\/avatar\/45655b4bbaf4ee3de5b6f1c6fd4ea511?s=96&r=g\",\"caption\":\"Noelia Costas\"},\"description\":\"Graduada en Comunicaci\u00f3n Audiovisual. Departamento de Marketing y Comunicaci\u00f3n de Grupo M\u00e9todo.\",\"url\":\"https:\/\/metodoformacion.com\/blog\/author\/noelia-costas\/\"}]}<\/script>\n<!-- \/ Yoast SEO plugin. -->","yoast_head_json":{"title":"Formaci\u00f3n digital de las trabajadoras del \u00e1mbito rural | M\u00e9todo Formaci\u00f3n","description":"M\u00e9todo participa en el programa de formaci\u00f3n digital para mujeres que se encuentran o han estado contratadas en el marco de PROFEA.","robots":{"index":"index","follow":"follow","max-snippet":"max-snippet:-1","max-image-preview":"max-image-preview:large","max-video-preview":"max-video-preview:-1"},"canonical":"https:\/\/metodoformacion.com\/blog\/formacion-digital-de-las-trabajadoras-del-ambito-rural\/","og_locale":"es_ES","og_type":"article","og_title":"Formaci\u00f3n digital de las trabajadoras del \u00e1mbito rural | M\u00e9todo Formaci\u00f3n","og_description":"M\u00e9todo participa en el programa de formaci\u00f3n digital para mujeres que se encuentran o han estado contratadas en el marco de PROFEA.","og_url":"https:\/\/metodoformacion.com\/blog\/formacion-digital-de-las-trabajadoras-del-ambito-rural\/","og_site_name":"Blog sobre formaci\u00f3n subvencionada y empleo","article_published_time":"2022-07-05T11:38:19+00:00","og_image":[{"width":650,"height":325,"url":"https:\/\/metodoformacion.com\/blog\/wp-content\/uploads\/2022\/07\/IMAGEN-DESTACADA.jpg","type":"image\/jpeg"}],"author":"Noelia Costas","twitter_card":"summary_large_image","twitter_misc":{"Escrito por":"Noelia Costas","Tiempo de lectura":"3 minutos"},"schema":{"@context":"https:\/\/schema.org","@graph":[{"@type":"Article","@id":"https:\/\/metodoformacion.com\/blog\/formacion-digital-de-las-trabajadoras-del-ambito-rural\/#article","isPartOf":{"@id":"https:\/\/metodoformacion.com\/blog\/formacion-digital-de-las-trabajadoras-del-ambito-rural\/"},"author":{"name":"Noelia Costas","@id":"https:\/\/metodoformacion.com\/blog\/#\/schema\/person\/45ea4aca366c699abdab7a1dd90acafc"},"headline":"Formaci\u00f3n digital para las trabajadoras del \u00e1mbito rural \ud83c\udf3f","datePublished":"2022-07-05T11:38:19+00:00","dateModified":"2022-07-05T11:38:19+00:00","mainEntityOfPage":{"@id":"https:\/\/metodoformacion.com\/blog\/formacion-digital-de-las-trabajadoras-del-ambito-rural\/"},"wordCount":442,"commentCount":0,"publisher":{"@id":"https:\/\/metodoformacion.com\/blog\/#organization"},"articleSection":["Formaci\u00f3n subvencionada"],"inLanguage":"es","potentialAction":[{"@type":"CommentAction","name":"Comment","target":["https:\/\/metodoformacion.com\/blog\/formacion-digital-de-las-trabajadoras-del-ambito-rural\/#respond"]}]},{"@type":"WebPage","@id":"https:\/\/metodoformacion.com\/blog\/formacion-digital-de-las-trabajadoras-del-ambito-rural\/","url":"https:\/\/metodoformacion.com\/blog\/formacion-digital-de-las-trabajadoras-del-ambito-rural\/","name":"Formaci\u00f3n digital de las trabajadoras del \u00e1mbito rural | M\u00e9todo Formaci\u00f3n","isPartOf":{"@id":"https:\/\/metodoformacion.com\/blog\/#website"},"datePublished":"2022-07-05T11:38:19+00:00","dateModified":"2022-07-05T11:38:19+00:00","description":"M\u00e9todo participa en el programa de formaci\u00f3n digital para mujeres que se encuentran o han estado contratadas en el marco de PROFEA.","breadcrumb":{"@id":"https:\/\/metodoformacion.com\/blog\/formacion-digital-de-las-trabajadoras-del-ambito-rural\/#breadcrumb"},"inLanguage":"es","potentialAction":[{"@type":"ReadAction","target":["https:\/\/metodoformacion.com\/blog\/formacion-digital-de-las-trabajadoras-del-ambito-rural\/"]}]},{"@type":"BreadcrumbList","@id":"https:\/\/metodoformacion.com\/blog\/formacion-digital-de-las-trabajadoras-del-ambito-rural\/#breadcrumb","itemListElement":[{"@type":"ListItem","position":1,"name":"Inicio","item":"https:\/\/metodoformacion.com\/blog\/"},{"@type":"ListItem","position":2,"name":"Formaci\u00f3n digital para las trabajadoras del \u00e1mbito rural \ud83c\udf3f"}]},{"@type":"WebSite","@id":"https:\/\/metodoformacion.com\/blog\/#website","url":"https:\/\/metodoformacion.com\/blog\/","name":"Blog sobre formaci\u00f3n subvencionada y empleo","description":"","publisher":{"@id":"https:\/\/metodoformacion.com\/blog\/#organization"},"potentialAction":[{"@type":"SearchAction","target":{"@type":"EntryPoint","urlTemplate":"https:\/\/metodoformacion.com\/blog\/?s={search_term_string}"},"query-input":"required name=search_term_string"}],"inLanguage":"es"},{"@type":"Organization","@id":"https:\/\/metodoformacion.com\/blog\/#organization","name":"Grupo M\u00e9todo","url":"https:\/\/metodoformacion.com\/blog\/","logo":{"@type":"ImageObject","inLanguage":"es","@id":"https:\/\/metodoformacion.com\/blog\/#\/schema\/logo\/image\/","url":"https:\/\/metodoformacion.com\/blog\/wp-content\/uploads\/2019\/12\/logo-transparente.png","contentUrl":"https:\/\/metodoformacion.com\/blog\/wp-content\/uploads\/2019\/12\/logo-transparente.png","width":160,"height":70,"caption":"Grupo M\u00e9todo"},"image":{"@id":"https:\/\/metodoformacion.com\/blog\/#\/schema\/logo\/image\/"}},{"@type":"Person","@id":"https:\/\/metodoformacion.com\/blog\/#\/schema\/person\/45ea4aca366c699abdab7a1dd90acafc","name":"Noelia Costas","image":{"@type":"ImageObject","inLanguage":"es","@id":"https:\/\/metodoformacion.com\/blog\/#\/schema\/person\/image\/","url":"https:\/\/secure.gravatar.com\/avatar\/45655b4bbaf4ee3de5b6f1c6fd4ea511?s=96&r=g","contentUrl":"https:\/\/secure.gravatar.com\/avatar\/45655b4bbaf4ee3de5b6f1c6fd4ea511?s=96&r=g","caption":"Noelia Costas"},"description":"Graduada en Comunicaci\u00f3n Audiovisual. Departamento de Marketing y Comunicaci\u00f3n de Grupo M\u00e9todo.","url":"https:\/\/metodoformacion.com\/blog\/author\/noelia-costas\/"}]}},"_links":{"self":[{"href":"https:\/\/metodoformacion.com\/blog\/wp-json\/wp\/v2\/posts\/3094"}],"collection":[{"href":"https:\/\/metodoformacion.com\/blog\/wp-json\/wp\/v2\/posts"}],"about":[{"href":"https:\/\/metodoformacion.com\/blog\/wp-json\/wp\/v2\/types\/post"}],"author":[{"embeddable":true,"href":"https:\/\/metodoformacion.com\/blog\/wp-json\/wp\/v2\/users\/10"}],"replies":[{"embeddable":true,"href":"https:\/\/metodoformacion.com\/blog\/wp-json\/wp\/v2\/comments?post=3094"}],"version-history":[{"count":10,"href":"https:\/\/metodoformacion.com\/blog\/wp-json\/wp\/v2\/posts\/3094\/revisions"}],"predecessor-version":[{"id":3111,"href":"https:\/\/metodoformacion.com\/blog\/wp-json\/wp\/v2\/posts\/3094\/revisions\/3111"}],"wp:featuredmedia":[{"embeddable":true,"href":"https:\/\/metodoformacion.com\/blog\/wp-json\/wp\/v2\/media\/3096"}],"wp:attachment":[{"href":"https:\/\/metodoformacion.com\/blog\/wp-json\/wp\/v2\/media?parent=3094"}],"wp:term":[{"taxonomy":"category","embeddable":true,"href":"https:\/\/metodoformacion.com\/blog\/wp-json\/wp\/v2\/categories?post=3094"},{"taxonomy":"post_tag","embeddable":true,"href":"https:\/\/metodoformacion.com\/blog\/wp-json\/wp\/v2\/tags?post=3094"}],"curies":[{"name":"wp","href":"https:\/\/api.w.org\/{rel}","templated":true}]}}