{"id":3405,"date":"2023-07-17T08:41:21","date_gmt":"2023-07-17T08:41:21","guid":{"rendered":"https:\/\/metodoformacion.com\/blog\/?p=3405"},"modified":"2023-08-08T07:11:25","modified_gmt":"2023-08-08T07:11:25","slug":"educacion-y-deporte-que-tienen-en-comun","status":"publish","type":"post","link":"https:\/\/metodoformacion.com\/blog\/educacion-y-deporte-que-tienen-en-comun\/","title":{"rendered":"Educaci\u00f3n y deporte: \u00bfqu\u00e9 tienen en com\u00fan?"},"content":{"rendered":"<p>Si sigues nuestras redes te habr\u00e1s enterado de que <a href=\"https:\/\/centenario.rccelta.es\/gl\/sin-categorizar\/grupo-metodo-unese-ao-centenario-do-rc-celta-como-colaborador-oficial.html\" target=\"_blank\" rel=\"noopener\"><span style=\"color: #000000;\">M\u00e9todo se une al Centenario del RC Celta como colaborador oficial<\/span><\/a> pero, \u00bfqu\u00e9 tienen en com\u00fan la educaci\u00f3n y el deporte? Te contamos algunos de los puntos que nosotros consideramos clave.<span style=\"color: #ff0000;\">\u00a0<\/span><\/p>\n<h2>Educaci\u00f3n y deporte<\/h2>\n<p>Hay determinadas cualidades o aspectos que consideramos que acercan m\u00e1s de lo que creemos a deportistas y estudiantes:<\/p>\n<ul>\n<li><strong><span style=\"color: #e64684;\">DISCIPLINA<\/span><\/strong>: es imprescindible para tener \u00e9xito. Tanto los deportistas como las personas que se est\u00e1n formando deben seguir un plan, ya sea de estudio o de entrenamiento, y cumplir con sus responsabilidades para alcanzar sus metas.<\/li>\n<li><span style=\"color: #e64684;\"><strong>PERSISTENCIA<\/strong><\/span>: esta est\u00e1 directamente relacionada con la anterior. No desistir es clave. Estudiantes y atletas enfrentan diferentes desaf\u00edos y obst\u00e1culos en el camino. La capacidad de seguir adelante y superarlos mientras se mantienen enfocados es esencial.<\/li>\n<li><strong><span style=\"color: #e64684;\">TRABAJO EN EQUIPO<\/span><\/strong>: <span style=\"color: #333333;\">s\u00ed, claro que uno puede estudiar por su cuenta o un deportista puede practicar un deporte individual. Sin embargo, incluso en estos casos existe ese \u00abequipo\u00bb, ya sea un entrenador o un profesor, por ejemplo. Por supuesto, en el caso de una clase o un equipo, la sincronizaci\u00f3n, coordinaci\u00f3n y buena comunicaci\u00f3n entre los miembros es un factor indispensable para triunfar en las diferentes retos que se presentan en cada uno de los contextos.<\/span><\/li>\n<li><span style=\"color: #e64684;\"><strong>APRENDIZAJE CONTINUO<\/strong><\/span>: nunca lo sabemos todo, y no iba a ser menos en ninguna de estas disciplinas. Se trata de aprender de los errores, buscar oportunidades de mejora y adquirir nuevas habilidades a lo largo del tiempo. El crecimiento y el desarrollo son procesos constantes.<\/li>\n<li><strong><span style=\"color: #e64684;\">RESILIENCIA<\/span><\/strong>: poder enfrentar derrotas, fracasos y momentos dif\u00edciles y recuperarse aprendiendo de estos tambi\u00e9n es necesario en ambas.<\/li>\n<\/ul>\n<p><img loading=\"lazy\" class=\"aligncenter wp-image-3409 size-full\" src=\"https:\/\/metodoformacion.com\/blog\/wp-content\/uploads\/2023\/07\/imagen.jpg\" alt=\"Personas trabajando en equipo, uno de los puntos en com\u00fan entre educaci\u00f3n y deporte.\" width=\"650\" height=\"325\" srcset=\"https:\/\/metodoformacion.com\/blog\/wp-content\/uploads\/2023\/07\/imagen.jpg 650w, https:\/\/metodoformacion.com\/blog\/wp-content\/uploads\/2023\/07\/imagen-300x150.jpg 300w\" sizes=\"(max-width: 650px) 100vw, 650px\" \/><\/p>\n<h2>Otros puntos en com\u00fan<\/h2>\n<p>Si bien los anteriores pensamos que son esenciales, podr\u00edamos seguir y estamos seguros de que encontrar\u00edamos mil puntos m\u00e1s en com\u00fan. \u00bfPensamiento estrat\u00e9gico? Un deportista debe conocer las debilidades y fortalezas de sus oponentes y tambi\u00e9n las suyas propias y poder tomar decisiones en base a un an\u00e1lisis de la situaci\u00f3n. \u00a1S\u00ed, tambi\u00e9n un estudiante! Si a la hora de estudiar uno sabe cu\u00e1les son sus puntos fuertes podr\u00e1 sacarles el m\u00e1ximo partido y emplear, por ejemplo, las t\u00e9cnicas de estudio m\u00e1s adecuadas.<\/p>\n<p>Como dec\u00edamos, podr\u00edamos estar as\u00ed durante horas. \u00bfSe te ocurre algo importante que se nos ha olvidado? <span style=\"color: #333333;\">Puedes seguir\u00a0todas las noticias sobre formaci\u00f3n y el Centenario a trav\u00e9s de nuestro blog y redes.<\/span><\/p>\n","protected":false},"excerpt":{"rendered":"<p>Si sigues nuestras redes te habr\u00e1s enterado de que M\u00e9todo se une al Centenario del RC Celta como colaborador oficial pero, \u00bfqu\u00e9 tienen en com\u00fan la educaci\u00f3n y el deporte? Te contamos algunos de los puntos que nosotros consideramos clave.\u00a0 Educaci\u00f3n y deporte Hay determinadas cualidades o aspectos que consideramos que acercan m\u00e1s de lo [&hellip;]<\/p>\n","protected":false},"author":10,"featured_media":3419,"comment_status":"open","ping_status":"open","sticky":false,"template":"","format":"standard","meta":{"_monsterinsights_skip_tracking":false,"_monsterinsights_sitenote_active":false,"_monsterinsights_sitenote_note":"","_monsterinsights_sitenote_category":0},"categories":[29],"tags":[],"yoast_head":"<!-- This site is optimized with the Yoast SEO plugin v19.14 - https:\/\/yoast.com\/wordpress\/plugins\/seo\/ -->\n<title>Educaci\u00f3n y deporte: \u00bfqu\u00e9 tienen en com\u00fan? | M\u00e9todo Formaci\u00f3n<\/title>\n<meta name=\"description\" content=\"M\u00e9todo se une al Centenario del RC Celta como colaborador oficial pero, \u00bfqu\u00e9 tienen en com\u00fan la educaci\u00f3n y el deporte?\" \/>\n<meta name=\"robots\" content=\"index, follow, max-snippet:-1, max-image-preview:large, max-video-preview:-1\" \/>\n<link rel=\"canonical\" href=\"https:\/\/metodoformacion.com\/blog\/educacion-y-deporte-que-tienen-en-comun\/\" \/>\n<meta property=\"og:locale\" content=\"es_ES\" \/>\n<meta property=\"og:type\" content=\"article\" \/>\n<meta property=\"og:title\" content=\"Educaci\u00f3n y deporte: \u00bfqu\u00e9 tienen en com\u00fan? | M\u00e9todo Formaci\u00f3n\" \/>\n<meta property=\"og:description\" content=\"M\u00e9todo se une al Centenario del RC Celta como colaborador oficial pero, \u00bfqu\u00e9 tienen en com\u00fan la educaci\u00f3n y el deporte?\" \/>\n<meta property=\"og:url\" content=\"https:\/\/metodoformacion.com\/blog\/educacion-y-deporte-que-tienen-en-comun\/\" \/>\n<meta property=\"og:site_name\" content=\"Blog sobre formaci\u00f3n subvencionada y empleo\" \/>\n<meta property=\"article:published_time\" content=\"2023-07-17T08:41:21+00:00\" \/>\n<meta property=\"article:modified_time\" content=\"2023-08-08T07:11:25+00:00\" \/>\n<meta property=\"og:image\" content=\"https:\/\/metodoformacion.com\/blog\/wp-content\/uploads\/2023\/07\/IMAGEN-DESTACADA-1.jpg\" \/>\n\t<meta property=\"og:image:width\" content=\"650\" \/>\n\t<meta property=\"og:image:height\" content=\"325\" \/>\n\t<meta property=\"og:image:type\" content=\"image\/jpeg\" \/>\n<meta name=\"author\" content=\"Noelia Costas\" \/>\n<meta name=\"twitter:card\" content=\"summary_large_image\" \/>\n<meta name=\"twitter:label1\" content=\"Escrito por\" \/>\n\t<meta name=\"twitter:data1\" content=\"Noelia Costas\" \/>\n\t<meta name=\"twitter:label2\" content=\"Tiempo de lectura\" \/>\n\t<meta name=\"twitter:data2\" content=\"3 minutos\" \/>\n<script type=\"application\/ld+json\" class=\"yoast-schema-graph\">{\"@context\":\"https:\/\/schema.org\",\"@graph\":[{\"@type\":\"Article\",\"@id\":\"https:\/\/metodoformacion.com\/blog\/educacion-y-deporte-que-tienen-en-comun\/#article\",\"isPartOf\":{\"@id\":\"https:\/\/metodoformacion.com\/blog\/educacion-y-deporte-que-tienen-en-comun\/\"},\"author\":{\"name\":\"Noelia Costas\",\"@id\":\"https:\/\/metodoformacion.com\/blog\/#\/schema\/person\/45ea4aca366c699abdab7a1dd90acafc\"},\"headline\":\"Educaci\u00f3n y deporte: \u00bfqu\u00e9 tienen en com\u00fan?\",\"datePublished\":\"2023-07-17T08:41:21+00:00\",\"dateModified\":\"2023-08-08T07:11:25+00:00\",\"mainEntityOfPage\":{\"@id\":\"https:\/\/metodoformacion.com\/blog\/educacion-y-deporte-que-tienen-en-comun\/\"},\"wordCount\":435,\"commentCount\":0,\"publisher\":{\"@id\":\"https:\/\/metodoformacion.com\/blog\/#organization\"},\"articleSection\":[\"Noticias\"],\"inLanguage\":\"es\",\"potentialAction\":[{\"@type\":\"CommentAction\",\"name\":\"Comment\",\"target\":[\"https:\/\/metodoformacion.com\/blog\/educacion-y-deporte-que-tienen-en-comun\/#respond\"]}]},{\"@type\":\"WebPage\",\"@id\":\"https:\/\/metodoformacion.com\/blog\/educacion-y-deporte-que-tienen-en-comun\/\",\"url\":\"https:\/\/metodoformacion.com\/blog\/educacion-y-deporte-que-tienen-en-comun\/\",\"name\":\"Educaci\u00f3n y deporte: \u00bfqu\u00e9 tienen en com\u00fan? | M\u00e9todo Formaci\u00f3n\",\"isPartOf\":{\"@id\":\"https:\/\/metodoformacion.com\/blog\/#website\"},\"datePublished\":\"2023-07-17T08:41:21+00:00\",\"dateModified\":\"2023-08-08T07:11:25+00:00\",\"description\":\"M\u00e9todo se une al Centenario del RC Celta como colaborador oficial pero, \u00bfqu\u00e9 tienen en com\u00fan la educaci\u00f3n y el deporte?\",\"breadcrumb\":{\"@id\":\"https:\/\/metodoformacion.com\/blog\/educacion-y-deporte-que-tienen-en-comun\/#breadcrumb\"},\"inLanguage\":\"es\",\"potentialAction\":[{\"@type\":\"ReadAction\",\"target\":[\"https:\/\/metodoformacion.com\/blog\/educacion-y-deporte-que-tienen-en-comun\/\"]}]},{\"@type\":\"BreadcrumbList\",\"@id\":\"https:\/\/metodoformacion.com\/blog\/educacion-y-deporte-que-tienen-en-comun\/#breadcrumb\",\"itemListElement\":[{\"@type\":\"ListItem\",\"position\":1,\"name\":\"Inicio\",\"item\":\"https:\/\/metodoformacion.com\/blog\/\"},{\"@type\":\"ListItem\",\"position\":2,\"name\":\"Educaci\u00f3n y deporte: \u00bfqu\u00e9 tienen en com\u00fan?\"}]},{\"@type\":\"WebSite\",\"@id\":\"https:\/\/metodoformacion.com\/blog\/#website\",\"url\":\"https:\/\/metodoformacion.com\/blog\/\",\"name\":\"Blog sobre formaci\u00f3n subvencionada y empleo\",\"description\":\"\",\"publisher\":{\"@id\":\"https:\/\/metodoformacion.com\/blog\/#organization\"},\"potentialAction\":[{\"@type\":\"SearchAction\",\"target\":{\"@type\":\"EntryPoint\",\"urlTemplate\":\"https:\/\/metodoformacion.com\/blog\/?s={search_term_string}\"},\"query-input\":\"required name=search_term_string\"}],\"inLanguage\":\"es\"},{\"@type\":\"Organization\",\"@id\":\"https:\/\/metodoformacion.com\/blog\/#organization\",\"name\":\"Grupo M\u00e9todo\",\"url\":\"https:\/\/metodoformacion.com\/blog\/\",\"logo\":{\"@type\":\"ImageObject\",\"inLanguage\":\"es\",\"@id\":\"https:\/\/metodoformacion.com\/blog\/#\/schema\/logo\/image\/\",\"url\":\"https:\/\/metodoformacion.com\/blog\/wp-content\/uploads\/2019\/12\/logo-transparente.png\",\"contentUrl\":\"https:\/\/metodoformacion.com\/blog\/wp-content\/uploads\/2019\/12\/logo-transparente.png\",\"width\":160,\"height\":70,\"caption\":\"Grupo M\u00e9todo\"},\"image\":{\"@id\":\"https:\/\/metodoformacion.com\/blog\/#\/schema\/logo\/image\/\"}},{\"@type\":\"Person\",\"@id\":\"https:\/\/metodoformacion.com\/blog\/#\/schema\/person\/45ea4aca366c699abdab7a1dd90acafc\",\"name\":\"Noelia Costas\",\"image\":{\"@type\":\"ImageObject\",\"inLanguage\":\"es\",\"@id\":\"https:\/\/metodoformacion.com\/blog\/#\/schema\/person\/image\/\",\"url\":\"https:\/\/secure.gravatar.com\/avatar\/45655b4bbaf4ee3de5b6f1c6fd4ea511?s=96&r=g\",\"contentUrl\":\"https:\/\/secure.gravatar.com\/avatar\/45655b4bbaf4ee3de5b6f1c6fd4ea511?s=96&r=g\",\"caption\":\"Noelia Costas\"},\"description\":\"Graduada en Comunicaci\u00f3n Audiovisual. Departamento de Marketing y Comunicaci\u00f3n de Grupo M\u00e9todo.\",\"url\":\"https:\/\/metodoformacion.com\/blog\/author\/noelia-costas\/\"}]}<\/script>\n<!-- \/ Yoast SEO plugin. -->","yoast_head_json":{"title":"Educaci\u00f3n y deporte: \u00bfqu\u00e9 tienen en com\u00fan? | M\u00e9todo Formaci\u00f3n","description":"M\u00e9todo se une al Centenario del RC Celta como colaborador oficial pero, \u00bfqu\u00e9 tienen en com\u00fan la educaci\u00f3n y el deporte?","robots":{"index":"index","follow":"follow","max-snippet":"max-snippet:-1","max-image-preview":"max-image-preview:large","max-video-preview":"max-video-preview:-1"},"canonical":"https:\/\/metodoformacion.com\/blog\/educacion-y-deporte-que-tienen-en-comun\/","og_locale":"es_ES","og_type":"article","og_title":"Educaci\u00f3n y deporte: \u00bfqu\u00e9 tienen en com\u00fan? | M\u00e9todo Formaci\u00f3n","og_description":"M\u00e9todo se une al Centenario del RC Celta como colaborador oficial pero, \u00bfqu\u00e9 tienen en com\u00fan la educaci\u00f3n y el deporte?","og_url":"https:\/\/metodoformacion.com\/blog\/educacion-y-deporte-que-tienen-en-comun\/","og_site_name":"Blog sobre formaci\u00f3n subvencionada y empleo","article_published_time":"2023-07-17T08:41:21+00:00","article_modified_time":"2023-08-08T07:11:25+00:00","og_image":[{"width":650,"height":325,"url":"https:\/\/metodoformacion.com\/blog\/wp-content\/uploads\/2023\/07\/IMAGEN-DESTACADA-1.jpg","type":"image\/jpeg"}],"author":"Noelia Costas","twitter_card":"summary_large_image","twitter_misc":{"Escrito por":"Noelia Costas","Tiempo de lectura":"3 minutos"},"schema":{"@context":"https:\/\/schema.org","@graph":[{"@type":"Article","@id":"https:\/\/metodoformacion.com\/blog\/educacion-y-deporte-que-tienen-en-comun\/#article","isPartOf":{"@id":"https:\/\/metodoformacion.com\/blog\/educacion-y-deporte-que-tienen-en-comun\/"},"author":{"name":"Noelia Costas","@id":"https:\/\/metodoformacion.com\/blog\/#\/schema\/person\/45ea4aca366c699abdab7a1dd90acafc"},"headline":"Educaci\u00f3n y deporte: \u00bfqu\u00e9 tienen en com\u00fan?","datePublished":"2023-07-17T08:41:21+00:00","dateModified":"2023-08-08T07:11:25+00:00","mainEntityOfPage":{"@id":"https:\/\/metodoformacion.com\/blog\/educacion-y-deporte-que-tienen-en-comun\/"},"wordCount":435,"commentCount":0,"publisher":{"@id":"https:\/\/metodoformacion.com\/blog\/#organization"},"articleSection":["Noticias"],"inLanguage":"es","potentialAction":[{"@type":"CommentAction","name":"Comment","target":["https:\/\/metodoformacion.com\/blog\/educacion-y-deporte-que-tienen-en-comun\/#respond"]}]},{"@type":"WebPage","@id":"https:\/\/metodoformacion.com\/blog\/educacion-y-deporte-que-tienen-en-comun\/","url":"https:\/\/metodoformacion.com\/blog\/educacion-y-deporte-que-tienen-en-comun\/","name":"Educaci\u00f3n y deporte: \u00bfqu\u00e9 tienen en com\u00fan? | M\u00e9todo Formaci\u00f3n","isPartOf":{"@id":"https:\/\/metodoformacion.com\/blog\/#website"},"datePublished":"2023-07-17T08:41:21+00:00","dateModified":"2023-08-08T07:11:25+00:00","description":"M\u00e9todo se une al Centenario del RC Celta como colaborador oficial pero, \u00bfqu\u00e9 tienen en com\u00fan la educaci\u00f3n y el deporte?","breadcrumb":{"@id":"https:\/\/metodoformacion.com\/blog\/educacion-y-deporte-que-tienen-en-comun\/#breadcrumb"},"inLanguage":"es","potentialAction":[{"@type":"ReadAction","target":["https:\/\/metodoformacion.com\/blog\/educacion-y-deporte-que-tienen-en-comun\/"]}]},{"@type":"BreadcrumbList","@id":"https:\/\/metodoformacion.com\/blog\/educacion-y-deporte-que-tienen-en-comun\/#breadcrumb","itemListElement":[{"@type":"ListItem","position":1,"name":"Inicio","item":"https:\/\/metodoformacion.com\/blog\/"},{"@type":"ListItem","position":2,"name":"Educaci\u00f3n y deporte: \u00bfqu\u00e9 tienen en com\u00fan?"}]},{"@type":"WebSite","@id":"https:\/\/metodoformacion.com\/blog\/#website","url":"https:\/\/metodoformacion.com\/blog\/","name":"Blog sobre formaci\u00f3n subvencionada y empleo","description":"","publisher":{"@id":"https:\/\/metodoformacion.com\/blog\/#organization"},"potentialAction":[{"@type":"SearchAction","target":{"@type":"EntryPoint","urlTemplate":"https:\/\/metodoformacion.com\/blog\/?s={search_term_string}"},"query-input":"required name=search_term_string"}],"inLanguage":"es"},{"@type":"Organization","@id":"https:\/\/metodoformacion.com\/blog\/#organization","name":"Grupo M\u00e9todo","url":"https:\/\/metodoformacion.com\/blog\/","logo":{"@type":"ImageObject","inLanguage":"es","@id":"https:\/\/metodoformacion.com\/blog\/#\/schema\/logo\/image\/","url":"https:\/\/metodoformacion.com\/blog\/wp-content\/uploads\/2019\/12\/logo-transparente.png","contentUrl":"https:\/\/metodoformacion.com\/blog\/wp-content\/uploads\/2019\/12\/logo-transparente.png","width":160,"height":70,"caption":"Grupo M\u00e9todo"},"image":{"@id":"https:\/\/metodoformacion.com\/blog\/#\/schema\/logo\/image\/"}},{"@type":"Person","@id":"https:\/\/metodoformacion.com\/blog\/#\/schema\/person\/45ea4aca366c699abdab7a1dd90acafc","name":"Noelia Costas","image":{"@type":"ImageObject","inLanguage":"es","@id":"https:\/\/metodoformacion.com\/blog\/#\/schema\/person\/image\/","url":"https:\/\/secure.gravatar.com\/avatar\/45655b4bbaf4ee3de5b6f1c6fd4ea511?s=96&r=g","contentUrl":"https:\/\/secure.gravatar.com\/avatar\/45655b4bbaf4ee3de5b6f1c6fd4ea511?s=96&r=g","caption":"Noelia Costas"},"description":"Graduada en Comunicaci\u00f3n Audiovisual. Departamento de Marketing y Comunicaci\u00f3n de Grupo M\u00e9todo.","url":"https:\/\/metodoformacion.com\/blog\/author\/noelia-costas\/"}]}},"_links":{"self":[{"href":"https:\/\/metodoformacion.com\/blog\/wp-json\/wp\/v2\/posts\/3405"}],"collection":[{"href":"https:\/\/metodoformacion.com\/blog\/wp-json\/wp\/v2\/posts"}],"about":[{"href":"https:\/\/metodoformacion.com\/blog\/wp-json\/wp\/v2\/types\/post"}],"author":[{"embeddable":true,"href":"https:\/\/metodoformacion.com\/blog\/wp-json\/wp\/v2\/users\/10"}],"replies":[{"embeddable":true,"href":"https:\/\/metodoformacion.com\/blog\/wp-json\/wp\/v2\/comments?post=3405"}],"version-history":[{"count":5,"href":"https:\/\/metodoformacion.com\/blog\/wp-json\/wp\/v2\/posts\/3405\/revisions"}],"predecessor-version":[{"id":3413,"href":"https:\/\/metodoformacion.com\/blog\/wp-json\/wp\/v2\/posts\/3405\/revisions\/3413"}],"wp:featuredmedia":[{"embeddable":true,"href":"https:\/\/metodoformacion.com\/blog\/wp-json\/wp\/v2\/media\/3419"}],"wp:attachment":[{"href":"https:\/\/metodoformacion.com\/blog\/wp-json\/wp\/v2\/media?parent=3405"}],"wp:term":[{"taxonomy":"category","embeddable":true,"href":"https:\/\/metodoformacion.com\/blog\/wp-json\/wp\/v2\/categories?post=3405"},{"taxonomy":"post_tag","embeddable":true,"href":"https:\/\/metodoformacion.com\/blog\/wp-json\/wp\/v2\/tags?post=3405"}],"curies":[{"name":"wp","href":"https:\/\/api.w.org\/{rel}","templated":true}]}}