{"id":3418,"date":"2023-08-08T12:45:38","date_gmt":"2023-08-08T12:45:38","guid":{"rendered":"https:\/\/metodoformacion.com\/blog\/?p=3418"},"modified":"2023-08-09T11:56:07","modified_gmt":"2023-08-09T11:56:07","slug":"a-que-sector-profesional-pertenezco","status":"publish","type":"post","link":"https:\/\/metodoformacion.com\/blog\/a-que-sector-profesional-pertenezco\/","title":{"rendered":"\u00bfA qu\u00e9 sector profesional pertenezco?"},"content":{"rendered":"<p>Puede que hayas encontrado la formaci\u00f3n que estabas buscando pero tengas dudas sobre si cumples o no los requisitos de acceso. En este art\u00edculo vamos a responder a una de las preguntas que pueden surgir a la hora de comprobar los requisitos para acceder a muchas de las formaciones que ofrecemos.<\/p>\n<div id=\"ez-toc-container\" class=\"ez-toc-v2_0_62 counter-hierarchy ez-toc-counter ez-toc-custom ez-toc-container-direction\">\n<p class=\"ez-toc-title\">Hablamos sobre...<\/p>\n<label for=\"ez-toc-cssicon-toggle-item-69f3f0bd58c23\" class=\"ez-toc-cssicon-toggle-label\"><span class=\"\"><span class=\"eztoc-hide\" style=\"display:none;\">Toggle<\/span><span class=\"ez-toc-icon-toggle-span\"><svg style=\"fill: #000000;color:#000000\" xmlns=\"http:\/\/www.w3.org\/2000\/svg\" class=\"list-377408\" width=\"20px\" height=\"20px\" viewBox=\"0 0 24 24\" fill=\"none\"><path d=\"M6 6H4v2h2V6zm14 0H8v2h12V6zM4 11h2v2H4v-2zm16 0H8v2h12v-2zM4 16h2v2H4v-2zm16 0H8v2h12v-2z\" fill=\"currentColor\"><\/path><\/svg><svg style=\"fill: #000000;color:#000000\" class=\"arrow-unsorted-368013\" xmlns=\"http:\/\/www.w3.org\/2000\/svg\" width=\"10px\" height=\"10px\" viewBox=\"0 0 24 24\" version=\"1.2\" baseProfile=\"tiny\"><path d=\"M18.2 9.3l-6.2-6.3-6.2 6.3c-.2.2-.3.4-.3.7s.1.5.3.7c.2.2.4.3.7.3h11c.3 0 .5-.1.7-.3.2-.2.3-.5.3-.7s-.1-.5-.3-.7zM5.8 14.7l6.2 6.3 6.2-6.3c.2-.2.3-.5.3-.7s-.1-.5-.3-.7c-.2-.2-.4-.3-.7-.3h-11c-.3 0-.5.1-.7.3-.2.2-.3.5-.3.7s.1.5.3.7z\"\/><\/svg><\/span><\/span><\/label><input type=\"checkbox\"  id=\"ez-toc-cssicon-toggle-item-69f3f0bd58c23\" checked aria-label=\"Toggle\" \/><nav><ul class='ez-toc-list ez-toc-list-level-1 ' ><li class='ez-toc-page-1 ez-toc-heading-level-2'><a class=\"ez-toc-link ez-toc-heading-1\" href=\"https:\/\/metodoformacion.com\/blog\/a-que-sector-profesional-pertenezco\/#Como_saber_cual_es_tu_sector_profesional\" title=\"C\u00f3mo saber cu\u00e1l es tu sector profesional:\">C\u00f3mo saber cu\u00e1l es tu sector profesional:<\/a><ul class='ez-toc-list-level-4' ><li class='ez-toc-heading-level-4'><ul class='ez-toc-list-level-4' ><li class='ez-toc-heading-level-4'><a class=\"ez-toc-link ez-toc-heading-2\" href=\"https:\/\/metodoformacion.com\/blog\/a-que-sector-profesional-pertenezco\/#Trabajo_por_cuenta_ajena\" title=\"Trabajo por cuenta ajena\">Trabajo por cuenta ajena<\/a><\/li><li class='ez-toc-page-1 ez-toc-heading-level-4'><a class=\"ez-toc-link ez-toc-heading-3\" href=\"https:\/\/metodoformacion.com\/blog\/a-que-sector-profesional-pertenezco\/#Soy_autonomoa\" title=\"Soy auton\u00f3mo\/a\">Soy auton\u00f3mo\/a<\/a><\/li><li class='ez-toc-page-1 ez-toc-heading-level-4'><a class=\"ez-toc-link ez-toc-heading-4\" href=\"https:\/\/metodoformacion.com\/blog\/a-que-sector-profesional-pertenezco\/#Estoy_desempleado\" title=\"Estoy desempleado\">Estoy desempleado<\/a><\/li><\/ul><\/li><\/ul><\/li><li class='ez-toc-page-1 ez-toc-heading-level-2'><a class=\"ez-toc-link ez-toc-heading-5\" href=\"https:\/\/metodoformacion.com\/blog\/a-que-sector-profesional-pertenezco\/#%C2%BFQue_cursos_hay_disponibles_para_mi_sector\" title=\"\u00bfQu\u00e9 cursos hay disponibles para mi sector?\">\u00bfQu\u00e9 cursos hay disponibles para mi sector?<\/a><\/li><li class='ez-toc-page-1 ez-toc-heading-level-2'><a class=\"ez-toc-link ez-toc-heading-6\" href=\"https:\/\/metodoformacion.com\/blog\/a-que-sector-profesional-pertenezco\/#%C2%BFComo_me_apunto_a_los_cursos\" title=\"\u00bfC\u00f3mo me apunto a los cursos?\">\u00bfC\u00f3mo me apunto a los cursos?<\/a><\/li><\/ul><\/nav><\/div>\n<h2><span class=\"ez-toc-section\" id=\"Como_saber_cual_es_tu_sector_profesional\"><\/span><strong>C\u00f3mo saber cu\u00e1l es tu sector profesional:<\/strong><span class=\"ez-toc-section-end\"><\/span><\/h2>\n<p>En la formaci\u00f3n subvencionada existen diferentes planes formativos dirigidos a distintos profesionales:<\/p>\n<p><span style=\"color: #e64684;\"><u>Sectoriales<\/u>:<\/span> formaciones dirigidas a un sector particular.<\/p>\n<p><span style=\"color: #e64684;\"><u>Intersectoriales:<\/u><\/span> formaciones en las que la pertenencia a un sector en particular no es un requisito de acceso.<\/p>\n<p><span style=\"color: #e64684;\"><u>Aut\u00f3nomos:<\/u><\/span> formaciones destinadas \u00fanicamente a los aut\u00f3nomos\/as con independencia de su actividad.<\/p>\n<p>Conocer el sector al que pertenecemos es fundamental para saber si cumplimos uno de los requisitos indispensables para acceder a los cursos sectoriales.<\/p>\n<h4><span class=\"ez-toc-section\" id=\"Trabajo_por_cuenta_ajena\"><\/span><span style=\"color: #0093d1;\"><strong><u>Trabajo por cuenta ajena<\/u><\/strong><\/span><span class=\"ez-toc-section-end\"><\/span><\/h4>\n<p>Ten en cuenta que <span style=\"color: #e64684;\">tu actividad laboral no siempre coincide con el sector profesional al que perteneces<\/span>. Por ejemplo, si trabajas en la administraci\u00f3n de una tienda de inform\u00e1tica es probable que pertenezcas al Sector Comercio y no al Sector Administraci\u00f3n, ya que el sector en el que est\u00e9 dado de alta la empresa para la que trabajas es el que rige el sector por el que cotizas para formaci\u00f3n.<\/p>\n<p>Para consultar a qu\u00e9 sector profesional perteneces basta con<span style=\"color: #e64684;\"> revisar tu contrato laboral<\/span>, en \u00e9l debe aparecer el <span style=\"color: #e64684;\">convenio colectivo que lo regula<\/span>, aunque tambi\u00e9n puedes preguntarlo en tu empresa o consultarlo alguno de los directorios de empresas que puedes encontrar por internet.<\/p>\n<p>En caso de que est\u00e9s de <span style=\"color: #e64684;\">baja laboral<\/span>, al seguir vinculado a tu empresa, el criterio de acceso en cuanto al sector profesional se refiere sigue siendo el mismo.<\/p>\n<h4><span class=\"ez-toc-section\" id=\"Soy_autonomoa\"><\/span><span style=\"color: #0093d1;\"><strong><u>Soy auton\u00f3mo\/a<\/u><\/strong><\/span><span class=\"ez-toc-section-end\"><\/span><\/h4>\n<p>Si eres aut\u00f3nomo la cosa cambia, el <span style=\"color: #e64684;\">IAE<\/span> (Impuesto sobre Actividades Econ\u00f3micas) en el que est\u00e1s dado\/a de alta determinar\u00e1 al sector profesional al que perteneces.<\/p>\n<h4><span class=\"ez-toc-section\" id=\"Estoy_desempleado\"><\/span><span style=\"color: #0093d1;\"><strong><u>Estoy desempleado<\/u><\/strong><\/span><span class=\"ez-toc-section-end\"><\/span><\/h4>\n<p>En este caso, podr\u00e1s acceder a aquellos cursos en los que haya un porcentaje de plazas reservadas para personas en situaci\u00f3n de desempleo por expediente, no por curso. Lo que implica que no en todos los cursos habr\u00e1 plazas. El porcentaje de plazas viene determinado por las condiciones de la convocatoria, dise\u00f1ada por la entidad encargada de la subvenci\u00f3n.<\/p>\n<h2><span class=\"ez-toc-section\" id=\"%C2%BFQue_cursos_hay_disponibles_para_mi_sector\"><\/span><strong>\u00bfQu\u00e9 cursos hay disponibles para mi sector?<\/strong><span class=\"ez-toc-section-end\"><\/span><\/h2>\n<p>\u00a1Muy f\u00e1cil! En el buscador que encontrar\u00e1s en nuestra web <span style=\"color: #000000;\"><a style=\"color: #000000;\" href=\"https:\/\/metodoformacion.com\/\">(o haciendo clic aqu\u00ed),<\/a><\/span> podr\u00e1s filtrar por sector, ocupaci\u00f3n y\/o comunidad aut\u00f3noma y as\u00ed, conocer qu\u00e9 cursos est\u00e1n disponibles para ti.<\/p>\n<p>Recuerda que tambi\u00e9n ofrecemos <span style=\"color: #e64684;\">formaciones intersectoriales<\/span>, es decir, que son <span style=\"color: #e64684;\">independientes del sector laboral al que perteneces<\/span>. Y que podr\u00e1s encontrar filtrando por Cursos por sector &gt; \u201cIntersectorial\u201d en nuestro buscador.<\/p>\n<p>Por \u00faltimo, por si te lo preguntabas\u2026 no, en la formaci\u00f3n subvencionada <span style=\"color: #e64684;\">no es necesario notificar la realizaci\u00f3n de ning\u00fan curso a la empresa.<\/span><\/p>\n<p><img loading=\"lazy\" class=\"alignnone size-full wp-image-3420\" src=\"https:\/\/metodoformacion.com\/blog\/wp-content\/uploads\/2023\/08\/buscador.sectores.png\" alt=\"formacion subvencionada sepe\" width=\"1908\" height=\"584\" srcset=\"https:\/\/metodoformacion.com\/blog\/wp-content\/uploads\/2023\/08\/buscador.sectores.png 1908w, https:\/\/metodoformacion.com\/blog\/wp-content\/uploads\/2023\/08\/buscador.sectores-300x92.png 300w, https:\/\/metodoformacion.com\/blog\/wp-content\/uploads\/2023\/08\/buscador.sectores-1024x313.png 1024w, https:\/\/metodoformacion.com\/blog\/wp-content\/uploads\/2023\/08\/buscador.sectores-768x235.png 768w, https:\/\/metodoformacion.com\/blog\/wp-content\/uploads\/2023\/08\/buscador.sectores-1536x470.png 1536w\" sizes=\"(max-width: 1908px) 100vw, 1908px\" \/><\/p>\n<h2><span class=\"ez-toc-section\" id=\"%C2%BFComo_me_apunto_a_los_cursos\"><\/span>\u00bfC\u00f3mo me apunto a los cursos?<span class=\"ez-toc-section-end\"><\/span><\/h2>\n<p>\u00bfTe interesa un curso y quieres reservar tu plaza?\u00a0Puedes contactar con nosotros a trav\u00e9s de las siguientes v\u00edas:<\/p>\n<ul>\n<li>Entra en nuestra <span style=\"color: #e64684;\">web<\/span> y<span style=\"color: #e64684;\"> rellena el formulario de contacto<\/span> que encontrar\u00e1s en la ficha del curso que te interese.<\/li>\n<li><span style=\"color: #e64684;\">\ud83d\udcde Ll\u00e1manos<\/span> al tel\u00e9fono gratuito 900 812 902.<\/li>\n<li>\ud83d\udcf2 Env\u00eda un <span style=\"color: #e64684;\">WhatsApp<\/span> al 604 008 706.<\/li>\n<li>Env\u00eda un <span style=\"color: #e64684;\">mail<\/span> a inscripciones@metodogrupo.com con tus datos y el curso que te interese.<\/li>\n<\/ul>\n<p>&nbsp;<\/p>\n","protected":false},"excerpt":{"rendered":"<p>Puede que hayas encontrado la formaci\u00f3n que estabas buscando pero tengas dudas sobre si cumples o no los requisitos de acceso. En este art\u00edculo vamos a responder a una de las preguntas que pueden surgir a la hora de comprobar los requisitos para acceder a muchas de las formaciones que ofrecemos. C\u00f3mo saber cu\u00e1l es [&hellip;]<\/p>\n","protected":false},"author":12,"featured_media":3421,"comment_status":"open","ping_status":"open","sticky":false,"template":"","format":"standard","meta":{"_monsterinsights_skip_tracking":false,"_monsterinsights_sitenote_active":false,"_monsterinsights_sitenote_note":"","_monsterinsights_sitenote_category":0},"categories":[28,34,5,1,40],"tags":[65,67,68],"yoast_head":"<!-- This site is optimized with the Yoast SEO plugin v19.14 - https:\/\/yoast.com\/wordpress\/plugins\/seo\/ -->\n<title>\u00bfA qu\u00e9 sector profesional pertenezco? | M\u00e9todo Formaci\u00f3n<\/title>\n<meta name=\"description\" content=\"En este art\u00edculo explicamos c\u00f3mo saber cu\u00e1l es tu sector profesional. Una pregunta recurrente para acceder a formaci\u00f3n subvencionada.\" \/>\n<meta name=\"robots\" content=\"index, follow, max-snippet:-1, max-image-preview:large, max-video-preview:-1\" \/>\n<link rel=\"canonical\" href=\"https:\/\/metodoformacion.com\/blog\/a-que-sector-profesional-pertenezco\/\" \/>\n<meta property=\"og:locale\" content=\"es_ES\" \/>\n<meta property=\"og:type\" content=\"article\" \/>\n<meta property=\"og:title\" content=\"\u00bfA qu\u00e9 sector profesional pertenezco? | M\u00e9todo Formaci\u00f3n\" \/>\n<meta property=\"og:description\" content=\"En este art\u00edculo explicamos c\u00f3mo saber cu\u00e1l es tu sector profesional. Una pregunta recurrente para acceder a formaci\u00f3n subvencionada.\" \/>\n<meta property=\"og:url\" content=\"https:\/\/metodoformacion.com\/blog\/a-que-sector-profesional-pertenezco\/\" \/>\n<meta property=\"og:site_name\" content=\"Blog sobre formaci\u00f3n subvencionada y empleo\" \/>\n<meta property=\"article:published_time\" content=\"2023-08-08T12:45:38+00:00\" \/>\n<meta property=\"article:modified_time\" content=\"2023-08-09T11:56:07+00:00\" \/>\n<meta property=\"og:image\" content=\"https:\/\/metodoformacion.com\/blog\/wp-content\/uploads\/2023\/08\/Destacada.blog-sector.png\" \/>\n\t<meta property=\"og:image:width\" content=\"650\" \/>\n\t<meta property=\"og:image:height\" content=\"325\" \/>\n\t<meta property=\"og:image:type\" content=\"image\/png\" \/>\n<meta name=\"author\" content=\"Eva Crispin\" \/>\n<meta name=\"twitter:card\" content=\"summary_large_image\" \/>\n<meta name=\"twitter:label1\" content=\"Escrito por\" \/>\n\t<meta name=\"twitter:data1\" content=\"Eva Crispin\" \/>\n\t<meta name=\"twitter:label2\" content=\"Tiempo de lectura\" \/>\n\t<meta name=\"twitter:data2\" content=\"3 minutos\" \/>\n<script type=\"application\/ld+json\" class=\"yoast-schema-graph\">{\"@context\":\"https:\/\/schema.org\",\"@graph\":[{\"@type\":\"Article\",\"@id\":\"https:\/\/metodoformacion.com\/blog\/a-que-sector-profesional-pertenezco\/#article\",\"isPartOf\":{\"@id\":\"https:\/\/metodoformacion.com\/blog\/a-que-sector-profesional-pertenezco\/\"},\"author\":{\"name\":\"Eva Crispin\",\"@id\":\"https:\/\/metodoformacion.com\/blog\/#\/schema\/person\/e5f5fefa395dddd42ce0a4f49a39cd26\"},\"headline\":\"\u00bfA qu\u00e9 sector profesional pertenezco?\",\"datePublished\":\"2023-08-08T12:45:38+00:00\",\"dateModified\":\"2023-08-09T11:56:07+00:00\",\"mainEntityOfPage\":{\"@id\":\"https:\/\/metodoformacion.com\/blog\/a-que-sector-profesional-pertenezco\/\"},\"wordCount\":577,\"commentCount\":0,\"publisher\":{\"@id\":\"https:\/\/metodoformacion.com\/blog\/#organization\"},\"keywords\":[\"cursos online\",\"intersectorial\",\"sector\"],\"articleSection\":{\"0\":\"Aut\u00f3nomos\",\"1\":\"Formaci\u00f3n subvencionada\",\"2\":\"Sectores profesionales\",\"4\":\"Situaci\u00f3n de desempleo\"},\"inLanguage\":\"es\",\"potentialAction\":[{\"@type\":\"CommentAction\",\"name\":\"Comment\",\"target\":[\"https:\/\/metodoformacion.com\/blog\/a-que-sector-profesional-pertenezco\/#respond\"]}]},{\"@type\":\"WebPage\",\"@id\":\"https:\/\/metodoformacion.com\/blog\/a-que-sector-profesional-pertenezco\/\",\"url\":\"https:\/\/metodoformacion.com\/blog\/a-que-sector-profesional-pertenezco\/\",\"name\":\"\u00bfA qu\u00e9 sector profesional pertenezco? | M\u00e9todo Formaci\u00f3n\",\"isPartOf\":{\"@id\":\"https:\/\/metodoformacion.com\/blog\/#website\"},\"datePublished\":\"2023-08-08T12:45:38+00:00\",\"dateModified\":\"2023-08-09T11:56:07+00:00\",\"description\":\"En este art\u00edculo explicamos c\u00f3mo saber cu\u00e1l es tu sector profesional. Una pregunta recurrente para acceder a formaci\u00f3n subvencionada.\",\"breadcrumb\":{\"@id\":\"https:\/\/metodoformacion.com\/blog\/a-que-sector-profesional-pertenezco\/#breadcrumb\"},\"inLanguage\":\"es\",\"potentialAction\":[{\"@type\":\"ReadAction\",\"target\":[\"https:\/\/metodoformacion.com\/blog\/a-que-sector-profesional-pertenezco\/\"]}]},{\"@type\":\"BreadcrumbList\",\"@id\":\"https:\/\/metodoformacion.com\/blog\/a-que-sector-profesional-pertenezco\/#breadcrumb\",\"itemListElement\":[{\"@type\":\"ListItem\",\"position\":1,\"name\":\"Inicio\",\"item\":\"https:\/\/metodoformacion.com\/blog\/\"},{\"@type\":\"ListItem\",\"position\":2,\"name\":\"\u00bfA qu\u00e9 sector profesional pertenezco?\"}]},{\"@type\":\"WebSite\",\"@id\":\"https:\/\/metodoformacion.com\/blog\/#website\",\"url\":\"https:\/\/metodoformacion.com\/blog\/\",\"name\":\"Blog sobre formaci\u00f3n subvencionada y empleo\",\"description\":\"\",\"publisher\":{\"@id\":\"https:\/\/metodoformacion.com\/blog\/#organization\"},\"potentialAction\":[{\"@type\":\"SearchAction\",\"target\":{\"@type\":\"EntryPoint\",\"urlTemplate\":\"https:\/\/metodoformacion.com\/blog\/?s={search_term_string}\"},\"query-input\":\"required name=search_term_string\"}],\"inLanguage\":\"es\"},{\"@type\":\"Organization\",\"@id\":\"https:\/\/metodoformacion.com\/blog\/#organization\",\"name\":\"Grupo M\u00e9todo\",\"url\":\"https:\/\/metodoformacion.com\/blog\/\",\"logo\":{\"@type\":\"ImageObject\",\"inLanguage\":\"es\",\"@id\":\"https:\/\/metodoformacion.com\/blog\/#\/schema\/logo\/image\/\",\"url\":\"https:\/\/metodoformacion.com\/blog\/wp-content\/uploads\/2019\/12\/logo-transparente.png\",\"contentUrl\":\"https:\/\/metodoformacion.com\/blog\/wp-content\/uploads\/2019\/12\/logo-transparente.png\",\"width\":160,\"height\":70,\"caption\":\"Grupo M\u00e9todo\"},\"image\":{\"@id\":\"https:\/\/metodoformacion.com\/blog\/#\/schema\/logo\/image\/\"}},{\"@type\":\"Person\",\"@id\":\"https:\/\/metodoformacion.com\/blog\/#\/schema\/person\/e5f5fefa395dddd42ce0a4f49a39cd26\",\"name\":\"Eva Crispin\",\"image\":{\"@type\":\"ImageObject\",\"inLanguage\":\"es\",\"@id\":\"https:\/\/metodoformacion.com\/blog\/#\/schema\/person\/image\/\",\"url\":\"https:\/\/secure.gravatar.com\/avatar\/25333dd669cfd710b3c6b298f4202e43?s=96&r=g\",\"contentUrl\":\"https:\/\/secure.gravatar.com\/avatar\/25333dd669cfd710b3c6b298f4202e43?s=96&r=g\",\"caption\":\"Eva Crispin\"},\"description\":\"Departamento de Marketing y Comunicaci\u00f3n\",\"sameAs\":[\"http:\/\/www.metodoformacion.com\"],\"url\":\"https:\/\/metodoformacion.com\/blog\/author\/eva-crispin\/\"}]}<\/script>\n<!-- \/ Yoast SEO plugin. -->","yoast_head_json":{"title":"\u00bfA qu\u00e9 sector profesional pertenezco? | M\u00e9todo Formaci\u00f3n","description":"En este art\u00edculo explicamos c\u00f3mo saber cu\u00e1l es tu sector profesional. Una pregunta recurrente para acceder a formaci\u00f3n subvencionada.","robots":{"index":"index","follow":"follow","max-snippet":"max-snippet:-1","max-image-preview":"max-image-preview:large","max-video-preview":"max-video-preview:-1"},"canonical":"https:\/\/metodoformacion.com\/blog\/a-que-sector-profesional-pertenezco\/","og_locale":"es_ES","og_type":"article","og_title":"\u00bfA qu\u00e9 sector profesional pertenezco? | M\u00e9todo Formaci\u00f3n","og_description":"En este art\u00edculo explicamos c\u00f3mo saber cu\u00e1l es tu sector profesional. Una pregunta recurrente para acceder a formaci\u00f3n subvencionada.","og_url":"https:\/\/metodoformacion.com\/blog\/a-que-sector-profesional-pertenezco\/","og_site_name":"Blog sobre formaci\u00f3n subvencionada y empleo","article_published_time":"2023-08-08T12:45:38+00:00","article_modified_time":"2023-08-09T11:56:07+00:00","og_image":[{"width":650,"height":325,"url":"https:\/\/metodoformacion.com\/blog\/wp-content\/uploads\/2023\/08\/Destacada.blog-sector.png","type":"image\/png"}],"author":"Eva Crispin","twitter_card":"summary_large_image","twitter_misc":{"Escrito por":"Eva Crispin","Tiempo de lectura":"3 minutos"},"schema":{"@context":"https:\/\/schema.org","@graph":[{"@type":"Article","@id":"https:\/\/metodoformacion.com\/blog\/a-que-sector-profesional-pertenezco\/#article","isPartOf":{"@id":"https:\/\/metodoformacion.com\/blog\/a-que-sector-profesional-pertenezco\/"},"author":{"name":"Eva Crispin","@id":"https:\/\/metodoformacion.com\/blog\/#\/schema\/person\/e5f5fefa395dddd42ce0a4f49a39cd26"},"headline":"\u00bfA qu\u00e9 sector profesional pertenezco?","datePublished":"2023-08-08T12:45:38+00:00","dateModified":"2023-08-09T11:56:07+00:00","mainEntityOfPage":{"@id":"https:\/\/metodoformacion.com\/blog\/a-que-sector-profesional-pertenezco\/"},"wordCount":577,"commentCount":0,"publisher":{"@id":"https:\/\/metodoformacion.com\/blog\/#organization"},"keywords":["cursos online","intersectorial","sector"],"articleSection":{"0":"Aut\u00f3nomos","1":"Formaci\u00f3n subvencionada","2":"Sectores profesionales","4":"Situaci\u00f3n de desempleo"},"inLanguage":"es","potentialAction":[{"@type":"CommentAction","name":"Comment","target":["https:\/\/metodoformacion.com\/blog\/a-que-sector-profesional-pertenezco\/#respond"]}]},{"@type":"WebPage","@id":"https:\/\/metodoformacion.com\/blog\/a-que-sector-profesional-pertenezco\/","url":"https:\/\/metodoformacion.com\/blog\/a-que-sector-profesional-pertenezco\/","name":"\u00bfA qu\u00e9 sector profesional pertenezco? | M\u00e9todo Formaci\u00f3n","isPartOf":{"@id":"https:\/\/metodoformacion.com\/blog\/#website"},"datePublished":"2023-08-08T12:45:38+00:00","dateModified":"2023-08-09T11:56:07+00:00","description":"En este art\u00edculo explicamos c\u00f3mo saber cu\u00e1l es tu sector profesional. Una pregunta recurrente para acceder a formaci\u00f3n subvencionada.","breadcrumb":{"@id":"https:\/\/metodoformacion.com\/blog\/a-que-sector-profesional-pertenezco\/#breadcrumb"},"inLanguage":"es","potentialAction":[{"@type":"ReadAction","target":["https:\/\/metodoformacion.com\/blog\/a-que-sector-profesional-pertenezco\/"]}]},{"@type":"BreadcrumbList","@id":"https:\/\/metodoformacion.com\/blog\/a-que-sector-profesional-pertenezco\/#breadcrumb","itemListElement":[{"@type":"ListItem","position":1,"name":"Inicio","item":"https:\/\/metodoformacion.com\/blog\/"},{"@type":"ListItem","position":2,"name":"\u00bfA qu\u00e9 sector profesional pertenezco?"}]},{"@type":"WebSite","@id":"https:\/\/metodoformacion.com\/blog\/#website","url":"https:\/\/metodoformacion.com\/blog\/","name":"Blog sobre formaci\u00f3n subvencionada y empleo","description":"","publisher":{"@id":"https:\/\/metodoformacion.com\/blog\/#organization"},"potentialAction":[{"@type":"SearchAction","target":{"@type":"EntryPoint","urlTemplate":"https:\/\/metodoformacion.com\/blog\/?s={search_term_string}"},"query-input":"required name=search_term_string"}],"inLanguage":"es"},{"@type":"Organization","@id":"https:\/\/metodoformacion.com\/blog\/#organization","name":"Grupo M\u00e9todo","url":"https:\/\/metodoformacion.com\/blog\/","logo":{"@type":"ImageObject","inLanguage":"es","@id":"https:\/\/metodoformacion.com\/blog\/#\/schema\/logo\/image\/","url":"https:\/\/metodoformacion.com\/blog\/wp-content\/uploads\/2019\/12\/logo-transparente.png","contentUrl":"https:\/\/metodoformacion.com\/blog\/wp-content\/uploads\/2019\/12\/logo-transparente.png","width":160,"height":70,"caption":"Grupo M\u00e9todo"},"image":{"@id":"https:\/\/metodoformacion.com\/blog\/#\/schema\/logo\/image\/"}},{"@type":"Person","@id":"https:\/\/metodoformacion.com\/blog\/#\/schema\/person\/e5f5fefa395dddd42ce0a4f49a39cd26","name":"Eva Crispin","image":{"@type":"ImageObject","inLanguage":"es","@id":"https:\/\/metodoformacion.com\/blog\/#\/schema\/person\/image\/","url":"https:\/\/secure.gravatar.com\/avatar\/25333dd669cfd710b3c6b298f4202e43?s=96&r=g","contentUrl":"https:\/\/secure.gravatar.com\/avatar\/25333dd669cfd710b3c6b298f4202e43?s=96&r=g","caption":"Eva Crispin"},"description":"Departamento de Marketing y Comunicaci\u00f3n","sameAs":["http:\/\/www.metodoformacion.com"],"url":"https:\/\/metodoformacion.com\/blog\/author\/eva-crispin\/"}]}},"_links":{"self":[{"href":"https:\/\/metodoformacion.com\/blog\/wp-json\/wp\/v2\/posts\/3418"}],"collection":[{"href":"https:\/\/metodoformacion.com\/blog\/wp-json\/wp\/v2\/posts"}],"about":[{"href":"https:\/\/metodoformacion.com\/blog\/wp-json\/wp\/v2\/types\/post"}],"author":[{"embeddable":true,"href":"https:\/\/metodoformacion.com\/blog\/wp-json\/wp\/v2\/users\/12"}],"replies":[{"embeddable":true,"href":"https:\/\/metodoformacion.com\/blog\/wp-json\/wp\/v2\/comments?post=3418"}],"version-history":[{"count":4,"href":"https:\/\/metodoformacion.com\/blog\/wp-json\/wp\/v2\/posts\/3418\/revisions"}],"predecessor-version":[{"id":3425,"href":"https:\/\/metodoformacion.com\/blog\/wp-json\/wp\/v2\/posts\/3418\/revisions\/3425"}],"wp:featuredmedia":[{"embeddable":true,"href":"https:\/\/metodoformacion.com\/blog\/wp-json\/wp\/v2\/media\/3421"}],"wp:attachment":[{"href":"https:\/\/metodoformacion.com\/blog\/wp-json\/wp\/v2\/media?parent=3418"}],"wp:term":[{"taxonomy":"category","embeddable":true,"href":"https:\/\/metodoformacion.com\/blog\/wp-json\/wp\/v2\/categories?post=3418"},{"taxonomy":"post_tag","embeddable":true,"href":"https:\/\/metodoformacion.com\/blog\/wp-json\/wp\/v2\/tags?post=3418"}],"curies":[{"name":"wp","href":"https:\/\/api.w.org\/{rel}","templated":true}]}}