{"id":3439,"date":"2023-08-23T07:55:01","date_gmt":"2023-08-23T07:55:01","guid":{"rendered":"https:\/\/metodoformacion.com\/blog\/?p=3439"},"modified":"2023-08-23T07:55:01","modified_gmt":"2023-08-23T07:55:01","slug":"la-formacion-no-entiende-de-edades","status":"publish","type":"post","link":"https:\/\/metodoformacion.com\/blog\/la-formacion-no-entiende-de-edades\/","title":{"rendered":"La formaci\u00f3n no entiende de edades"},"content":{"rendered":"<p>Puede sonar raro o incluso rom\u00e1ntico, pero <span style=\"color: #e64684;\">formarse no tiene edad<\/span>. En los \u00faltimos a\u00f1os han surgido nuevos trabajos, sobre todo en el campo de las Nuevas Tecnolog\u00edas, y se han ido transformando otros tantos que han sacado a la luz el t\u00e9rmino \u201creciclaje profesional\u201d. <span style=\"color: #e64684;\"><strong>\u201cEl reciclaje se ha convertido en un imperativo en la carrera profesional de todo trabajador, especialmente cuando se superan los 45 a\u00f1os\u201d<\/strong> &#8211; <span style=\"color: #000000;\"><strong><a style=\"color: #000000;\" href=\"http:\/\/ibdigital.uib.es\/greenstone\/collect\/portal_social\/import\/adecco\/adecco0024.pdf\">Adecco<\/a><\/strong><\/span><\/span><\/p>\n<p>Lejos de lo que puede parecer, el <span style=\"color: #e64684;\"><em>reskilling<\/em><\/span> (reciclaje profesional para desempe\u00f1ar otras tareas) y <span style=\"color: #e64684;\"><em>upskilling<\/em><\/span> (aprendizaje permanente para crecer en un mismo rol) no s\u00f3lo suponen un desaf\u00edo para los perfiles con m\u00e1s experiencia o aquellas personas en situaci\u00f3n de desempleo que quieran reincorporarse al mundo laboral, tambi\u00e9n supone un reto para aquellos profesionales que quieren mantenerse al tanto de lo que ocurre en su sector.<\/p>\n<p>La<span style=\"color: #e64684;\"> formaci\u00f3n subvencionada<\/span> es una forma eficaz para actualizarte y adquirir nuevos conocimientos dentro y fuera del sector. Este <span style=\"color: #e64684;\">modelo de formaci\u00f3n es gratuita<\/span>, est\u00e1 financiada por organismos p\u00fablicos y dirigida a <span style=\"color: #e64684;\">trabajadores\/as en activo y personas en situaci\u00f3n de desempleo<\/span>. En este art\u00edculo nos centramos en el valor de la formaci\u00f3n y el reciclaje profesional.<\/p>\n<p><img loading=\"lazy\" class=\"aligncenter wp-image-3448 size-large\" src=\"https:\/\/metodoformacion.com\/blog\/wp-content\/uploads\/2023\/08\/cerrar-personas-tomando-notas-1-1024x548.jpg\" alt=\"reskilling y upskilling\" width=\"812\" height=\"435\" srcset=\"https:\/\/metodoformacion.com\/blog\/wp-content\/uploads\/2023\/08\/cerrar-personas-tomando-notas-1-1024x548.jpg 1024w, https:\/\/metodoformacion.com\/blog\/wp-content\/uploads\/2023\/08\/cerrar-personas-tomando-notas-1-300x160.jpg 300w, https:\/\/metodoformacion.com\/blog\/wp-content\/uploads\/2023\/08\/cerrar-personas-tomando-notas-1-768x411.jpg 768w, https:\/\/metodoformacion.com\/blog\/wp-content\/uploads\/2023\/08\/cerrar-personas-tomando-notas-1-1536x821.jpg 1536w, https:\/\/metodoformacion.com\/blog\/wp-content\/uploads\/2023\/08\/cerrar-personas-tomando-notas-1-2048x1095.jpg 2048w\" sizes=\"(max-width: 812px) 100vw, 812px\" \/><\/p>\n<p>&nbsp;<\/p>\n<div id=\"ez-toc-container\" class=\"ez-toc-v2_0_62 counter-hierarchy ez-toc-counter ez-toc-custom ez-toc-container-direction\">\n<p class=\"ez-toc-title\">Hablamos sobre...<\/p>\n<label for=\"ez-toc-cssicon-toggle-item-69f35667c4ba5\" class=\"ez-toc-cssicon-toggle-label\"><span class=\"\"><span class=\"eztoc-hide\" style=\"display:none;\">Toggle<\/span><span class=\"ez-toc-icon-toggle-span\"><svg style=\"fill: #000000;color:#000000\" xmlns=\"http:\/\/www.w3.org\/2000\/svg\" class=\"list-377408\" width=\"20px\" height=\"20px\" viewBox=\"0 0 24 24\" fill=\"none\"><path d=\"M6 6H4v2h2V6zm14 0H8v2h12V6zM4 11h2v2H4v-2zm16 0H8v2h12v-2zM4 16h2v2H4v-2zm16 0H8v2h12v-2z\" fill=\"currentColor\"><\/path><\/svg><svg style=\"fill: #000000;color:#000000\" class=\"arrow-unsorted-368013\" xmlns=\"http:\/\/www.w3.org\/2000\/svg\" width=\"10px\" height=\"10px\" viewBox=\"0 0 24 24\" version=\"1.2\" baseProfile=\"tiny\"><path d=\"M18.2 9.3l-6.2-6.3-6.2 6.3c-.2.2-.3.4-.3.7s.1.5.3.7c.2.2.4.3.7.3h11c.3 0 .5-.1.7-.3.2-.2.3-.5.3-.7s-.1-.5-.3-.7zM5.8 14.7l6.2 6.3 6.2-6.3c.2-.2.3-.5.3-.7s-.1-.5-.3-.7c-.2-.2-.4-.3-.7-.3h-11c-.3 0-.5.1-.7.3-.2.2-.3.5-.3.7s.1.5.3.7z\"\/><\/svg><\/span><\/span><\/label><input type=\"checkbox\"  id=\"ez-toc-cssicon-toggle-item-69f35667c4ba5\" checked aria-label=\"Toggle\" \/><nav><ul class='ez-toc-list ez-toc-list-level-1 ' ><li class='ez-toc-page-1 ez-toc-heading-level-3'><a class=\"ez-toc-link ez-toc-heading-1\" href=\"https:\/\/metodoformacion.com\/blog\/la-formacion-no-entiende-de-edades\/#Ventajas_y_beneficios_de_estar_en_continua_formacion\" title=\"Ventajas y beneficios de estar en continua formaci\u00f3n\">Ventajas y beneficios de estar en continua formaci\u00f3n<\/a><\/li><li class='ez-toc-page-1 ez-toc-heading-level-3'><a class=\"ez-toc-link ez-toc-heading-2\" href=\"https:\/\/metodoformacion.com\/blog\/la-formacion-no-entiende-de-edades\/#Las_TICs_el_campo_mas_solicitado_entre_los_mayores_de_45_anos\" title=\"Las TICs, el campo m\u00e1s solicitado entre los mayores de 45 a\u00f1os\">Las TICs, el campo m\u00e1s solicitado entre los mayores de 45 a\u00f1os<\/a><ul class='ez-toc-list-level-4' ><li class='ez-toc-heading-level-4'><a class=\"ez-toc-link ez-toc-heading-3\" href=\"https:\/\/metodoformacion.com\/blog\/la-formacion-no-entiende-de-edades\/#Areas_formativas_mas_frecuentes\" title=\"\u00c1reas formativas m\u00e1s frecuentes:\">\u00c1reas formativas m\u00e1s frecuentes:<\/a><\/li><\/ul><\/li><li class='ez-toc-page-1 ez-toc-heading-level-3'><a class=\"ez-toc-link ez-toc-heading-4\" href=\"https:\/\/metodoformacion.com\/blog\/la-formacion-no-entiende-de-edades\/#Quiero_seguir_formandome\" title=\"Quiero seguir form\u00e1ndome\">Quiero seguir form\u00e1ndome<\/a><\/li><\/ul><\/nav><\/div>\n<h3><span class=\"ez-toc-section\" id=\"Ventajas_y_beneficios_de_estar_en_continua_formacion\"><\/span><strong>Ventajas y beneficios de estar en continua formaci\u00f3n<\/strong><span class=\"ez-toc-section-end\"><\/span><\/h3>\n<ul>\n<li><strong><span style=\"color: #e64684;\">Amplia tus conocimientos<\/span>:<\/strong> favorece el desarrollo profesional aportando <span style=\"color: #e64684;\">nuevas herramientas<\/span> para alcanzar metas laborales a corto plazo.<\/li>\n<li><span style=\"color: #e64684;\"><strong>Descubre otras \u00e1reas:<\/strong><\/span> la formaci\u00f3n continuada nos hace trabajadores\/as <span style=\"color: #e64684;\">multidisciplinares<\/span>, permiti\u00e9ndonos conocer otras \u00e1reas que, probablemente, no hubi\u00e9ramos descubierto por otras v\u00edas y que pueden resultarnos muy interesantes tanto en lo profesional como en lo personal.<\/li>\n<li><span style=\"color: #e64684;\"><strong>\u00a1Motivaci\u00f3n a tope!:<\/strong><\/span> el conocimiento es poder, adquirir nuevas capacidades nos aporta <span style=\"color: #e64684;\">seguridad<\/span> a la hora de realizar ciertas tareas.<\/li>\n<li><span style=\"color: #e64684;\"><strong>D\u00e9jate sorprender: <\/strong><\/span>sal de tu zona de confort profesional, puede que descubras que tienes grandes habilidades que desconoces.<\/li>\n<\/ul>\n<h3><span class=\"ez-toc-section\" id=\"Las_TICs_el_campo_mas_solicitado_entre_los_mayores_de_45_anos\"><\/span><strong>Las TICs, el campo m\u00e1s solicitado entre los mayores de 45 a\u00f1os<\/strong><span class=\"ez-toc-section-end\"><\/span><\/h3>\n<p>Existen ciertas \u00e1reas, como las nuevas tecnolog\u00edas, que tanto por ser transversales a diferentes actividades y sectores profesionales como por las novedades que traen impl\u00edcitas son las m\u00e1s solicitadas por determinados colectivos. En los \u00faltimos a\u00f1os se han ido incorporando diversos procedimientos laborales a las rutinas de trabajo y que, sin la formaci\u00f3n adecuada, pueden suponer un gran desaf\u00edo.<\/p>\n<h4><span class=\"ez-toc-section\" id=\"Areas_formativas_mas_frecuentes\"><\/span><span style=\"color: #0093d1;\">\u00c1reas formativas m\u00e1s frecuentes:<\/span><span class=\"ez-toc-section-end\"><\/span><\/h4>\n<p><span style=\"color: #e64684;\"><strong>\ud83d\udcbbNuevas Tecnolog\u00edas<\/strong>:<\/span> inform\u00e1tica y ofim\u00e1tica<br \/>\n<span style=\"color: #e64684;\"><strong>\ud83d\udcf2 Comunicaci\u00f3n:<\/strong><\/span> marketing digital<br \/>\n<span style=\"color: #e64684;\"><strong>\ud83d\uded2T\u00e9cnicas de Marketing y Ventas<\/strong><\/span><br \/>\n<span style=\"color: #e64684;\"><strong>\ud83d\udcc9Administraci\u00f3n y Finanzas<\/strong><\/span><br \/>\n<span style=\"color: #e64684;\"><strong>\ud83d\udcacIdiomas<\/strong><\/span><\/p>\n<p>Si has llegado hasta aqu\u00ed ya entiendes la importancia y los beneficios que tiene la formaci\u00f3n continuada (tengas la edad que tengas), \u00bfquieres saber a qu\u00e9 cursos puedes acceder para empezar a empaparte de nuevos conocimientos? Consulta nuestra oferta de cursos gratuitos en nuestra p\u00e1gina web haciendo clic <a href=\"https:\/\/metodoformacion.com\">aqu\u00ed<\/a>.<\/p>\n<h3><span class=\"ez-toc-section\" id=\"Quiero_seguir_formandome\"><\/span>Quiero seguir form\u00e1ndome<span class=\"ez-toc-section-end\"><\/span><\/h3>\n<p>\u00bfHas visto alg\u00fan curso y quieres reservar plaza? \u00bfNecesitas nuestra ayuda?\u00a0Contacta con nosotros a trav\u00e9s de las siguientes v\u00edas:<\/p>\n<ul>\n<li><img class=\"emoji\" role=\"img\" draggable=\"false\" src=\"https:\/\/s.w.org\/images\/core\/emoji\/14.0.0\/svg\/1f4bb.svg\" alt=\"\ud83d\udcbb\" \/>\u00a0Entra en nuestra web y rellena el formulario de contacto que encontrar\u00e1s en la ficha del curso que te interese.<\/li>\n<li><img class=\"emoji\" role=\"img\" draggable=\"false\" src=\"https:\/\/s.w.org\/images\/core\/emoji\/14.0.0\/svg\/1f4de.svg\" alt=\"\ud83d\udcde\" \/>\u00a0Ll\u00e1manos al tel\u00e9fono gratuito 900 812 902.<\/li>\n<li><img class=\"emoji\" role=\"img\" draggable=\"false\" src=\"https:\/\/s.w.org\/images\/core\/emoji\/14.0.0\/svg\/1f4f2.svg\" alt=\"\ud83d\udcf2\" \/>\u00a0Env\u00eda un WhatsApp al 604 008 706.<\/li>\n<li><img class=\"emoji\" role=\"img\" draggable=\"false\" src=\"https:\/\/s.w.org\/images\/core\/emoji\/14.0.0\/svg\/1f4e9.svg\" alt=\"\ud83d\udce9\" \/>\u00a0Env\u00eda un correo electr\u00f3nico a\u00a0<a href=\"mailto:inscripciones@metodogrupo.com\">inscripciones@metodogrupo.com<\/a>\u00a0con tus datos y el curso que te interese.<\/li>\n<\/ul>\n","protected":false},"excerpt":{"rendered":"<p>Puede sonar raro o incluso rom\u00e1ntico, pero formarse no tiene edad. En los \u00faltimos a\u00f1os han surgido nuevos trabajos, sobre todo en el campo de las Nuevas Tecnolog\u00edas, y se han ido transformando otros tantos que han sacado a la luz el t\u00e9rmino \u201creciclaje profesional\u201d. \u201cEl reciclaje se ha convertido en un imperativo en la [&hellip;]<\/p>\n","protected":false},"author":12,"featured_media":3449,"comment_status":"open","ping_status":"open","sticky":false,"template":"","format":"standard","meta":{"_monsterinsights_skip_tracking":false,"_monsterinsights_sitenote_active":false,"_monsterinsights_sitenote_note":"","_monsterinsights_sitenote_category":0},"categories":[61,31,62,41,34,18,35,5],"tags":[],"yoast_head":"<!-- This site is optimized with the Yoast SEO plugin v19.14 - https:\/\/yoast.com\/wordpress\/plugins\/seo\/ -->\n<title>La formaci\u00f3n no entiende de edades | M\u00e9todo Formaci\u00f3n<\/title>\n<meta name=\"description\" content=\"El reciclaje profesional y la formaci\u00f3n continuada son fundamentales para el crecimiento profesional, sin importar la experiencia o la edad.\" \/>\n<meta name=\"robots\" content=\"index, follow, max-snippet:-1, max-image-preview:large, max-video-preview:-1\" \/>\n<link rel=\"canonical\" href=\"https:\/\/metodoformacion.com\/blog\/la-formacion-no-entiende-de-edades\/\" \/>\n<meta property=\"og:locale\" content=\"es_ES\" \/>\n<meta property=\"og:type\" content=\"article\" \/>\n<meta property=\"og:title\" content=\"La formaci\u00f3n no entiende de edades | M\u00e9todo Formaci\u00f3n\" \/>\n<meta property=\"og:description\" content=\"El reciclaje profesional y la formaci\u00f3n continuada son fundamentales para el crecimiento profesional, sin importar la experiencia o la edad.\" \/>\n<meta property=\"og:url\" content=\"https:\/\/metodoformacion.com\/blog\/la-formacion-no-entiende-de-edades\/\" \/>\n<meta property=\"og:site_name\" content=\"Blog sobre formaci\u00f3n subvencionada y empleo\" \/>\n<meta property=\"article:published_time\" content=\"2023-08-23T07:55:01+00:00\" \/>\n<meta property=\"og:image\" content=\"https:\/\/metodoformacion.com\/blog\/wp-content\/uploads\/2023\/08\/Destacada.blog-formacion-continuada.png\" \/>\n\t<meta property=\"og:image:width\" content=\"650\" \/>\n\t<meta property=\"og:image:height\" content=\"325\" \/>\n\t<meta property=\"og:image:type\" content=\"image\/png\" \/>\n<meta name=\"author\" content=\"Eva Crispin\" \/>\n<meta name=\"twitter:card\" content=\"summary_large_image\" \/>\n<meta name=\"twitter:label1\" content=\"Escrito por\" \/>\n\t<meta name=\"twitter:data1\" content=\"Eva Crispin\" \/>\n\t<meta name=\"twitter:label2\" content=\"Tiempo de lectura\" \/>\n\t<meta name=\"twitter:data2\" content=\"4 minutos\" \/>\n<script type=\"application\/ld+json\" class=\"yoast-schema-graph\">{\"@context\":\"https:\/\/schema.org\",\"@graph\":[{\"@type\":\"Article\",\"@id\":\"https:\/\/metodoformacion.com\/blog\/la-formacion-no-entiende-de-edades\/#article\",\"isPartOf\":{\"@id\":\"https:\/\/metodoformacion.com\/blog\/la-formacion-no-entiende-de-edades\/\"},\"author\":{\"name\":\"Eva Crispin\",\"@id\":\"https:\/\/metodoformacion.com\/blog\/#\/schema\/person\/e5f5fefa395dddd42ce0a4f49a39cd26\"},\"headline\":\"La formaci\u00f3n no entiende de edades\",\"datePublished\":\"2023-08-23T07:55:01+00:00\",\"dateModified\":\"2023-08-23T07:55:01+00:00\",\"mainEntityOfPage\":{\"@id\":\"https:\/\/metodoformacion.com\/blog\/la-formacion-no-entiende-de-edades\/\"},\"wordCount\":559,\"commentCount\":0,\"publisher\":{\"@id\":\"https:\/\/metodoformacion.com\/blog\/#organization\"},\"articleSection\":[\"Cursos gratis\",\"Cursos gratis\",\"cursos presenciales\",\"E-learning\",\"Formaci\u00f3n subvencionada\",\"Intersectorial\",\"Orientaci\u00f3n laboral\",\"Sectores profesionales\"],\"inLanguage\":\"es\",\"potentialAction\":[{\"@type\":\"CommentAction\",\"name\":\"Comment\",\"target\":[\"https:\/\/metodoformacion.com\/blog\/la-formacion-no-entiende-de-edades\/#respond\"]}]},{\"@type\":\"WebPage\",\"@id\":\"https:\/\/metodoformacion.com\/blog\/la-formacion-no-entiende-de-edades\/\",\"url\":\"https:\/\/metodoformacion.com\/blog\/la-formacion-no-entiende-de-edades\/\",\"name\":\"La formaci\u00f3n no entiende de edades | M\u00e9todo Formaci\u00f3n\",\"isPartOf\":{\"@id\":\"https:\/\/metodoformacion.com\/blog\/#website\"},\"datePublished\":\"2023-08-23T07:55:01+00:00\",\"dateModified\":\"2023-08-23T07:55:01+00:00\",\"description\":\"El reciclaje profesional y la formaci\u00f3n continuada son fundamentales para el crecimiento profesional, sin importar la experiencia o la edad.\",\"breadcrumb\":{\"@id\":\"https:\/\/metodoformacion.com\/blog\/la-formacion-no-entiende-de-edades\/#breadcrumb\"},\"inLanguage\":\"es\",\"potentialAction\":[{\"@type\":\"ReadAction\",\"target\":[\"https:\/\/metodoformacion.com\/blog\/la-formacion-no-entiende-de-edades\/\"]}]},{\"@type\":\"BreadcrumbList\",\"@id\":\"https:\/\/metodoformacion.com\/blog\/la-formacion-no-entiende-de-edades\/#breadcrumb\",\"itemListElement\":[{\"@type\":\"ListItem\",\"position\":1,\"name\":\"Inicio\",\"item\":\"https:\/\/metodoformacion.com\/blog\/\"},{\"@type\":\"ListItem\",\"position\":2,\"name\":\"La formaci\u00f3n no entiende de edades\"}]},{\"@type\":\"WebSite\",\"@id\":\"https:\/\/metodoformacion.com\/blog\/#website\",\"url\":\"https:\/\/metodoformacion.com\/blog\/\",\"name\":\"Blog sobre formaci\u00f3n subvencionada y empleo\",\"description\":\"\",\"publisher\":{\"@id\":\"https:\/\/metodoformacion.com\/blog\/#organization\"},\"potentialAction\":[{\"@type\":\"SearchAction\",\"target\":{\"@type\":\"EntryPoint\",\"urlTemplate\":\"https:\/\/metodoformacion.com\/blog\/?s={search_term_string}\"},\"query-input\":\"required name=search_term_string\"}],\"inLanguage\":\"es\"},{\"@type\":\"Organization\",\"@id\":\"https:\/\/metodoformacion.com\/blog\/#organization\",\"name\":\"Grupo M\u00e9todo\",\"url\":\"https:\/\/metodoformacion.com\/blog\/\",\"logo\":{\"@type\":\"ImageObject\",\"inLanguage\":\"es\",\"@id\":\"https:\/\/metodoformacion.com\/blog\/#\/schema\/logo\/image\/\",\"url\":\"https:\/\/metodoformacion.com\/blog\/wp-content\/uploads\/2019\/12\/logo-transparente.png\",\"contentUrl\":\"https:\/\/metodoformacion.com\/blog\/wp-content\/uploads\/2019\/12\/logo-transparente.png\",\"width\":160,\"height\":70,\"caption\":\"Grupo M\u00e9todo\"},\"image\":{\"@id\":\"https:\/\/metodoformacion.com\/blog\/#\/schema\/logo\/image\/\"}},{\"@type\":\"Person\",\"@id\":\"https:\/\/metodoformacion.com\/blog\/#\/schema\/person\/e5f5fefa395dddd42ce0a4f49a39cd26\",\"name\":\"Eva Crispin\",\"image\":{\"@type\":\"ImageObject\",\"inLanguage\":\"es\",\"@id\":\"https:\/\/metodoformacion.com\/blog\/#\/schema\/person\/image\/\",\"url\":\"https:\/\/secure.gravatar.com\/avatar\/25333dd669cfd710b3c6b298f4202e43?s=96&r=g\",\"contentUrl\":\"https:\/\/secure.gravatar.com\/avatar\/25333dd669cfd710b3c6b298f4202e43?s=96&r=g\",\"caption\":\"Eva Crispin\"},\"description\":\"Departamento de Marketing y Comunicaci\u00f3n\",\"sameAs\":[\"http:\/\/www.metodoformacion.com\"],\"url\":\"https:\/\/metodoformacion.com\/blog\/author\/eva-crispin\/\"}]}<\/script>\n<!-- \/ Yoast SEO plugin. -->","yoast_head_json":{"title":"La formaci\u00f3n no entiende de edades | M\u00e9todo Formaci\u00f3n","description":"El reciclaje profesional y la formaci\u00f3n continuada son fundamentales para el crecimiento profesional, sin importar la experiencia o la edad.","robots":{"index":"index","follow":"follow","max-snippet":"max-snippet:-1","max-image-preview":"max-image-preview:large","max-video-preview":"max-video-preview:-1"},"canonical":"https:\/\/metodoformacion.com\/blog\/la-formacion-no-entiende-de-edades\/","og_locale":"es_ES","og_type":"article","og_title":"La formaci\u00f3n no entiende de edades | M\u00e9todo Formaci\u00f3n","og_description":"El reciclaje profesional y la formaci\u00f3n continuada son fundamentales para el crecimiento profesional, sin importar la experiencia o la edad.","og_url":"https:\/\/metodoformacion.com\/blog\/la-formacion-no-entiende-de-edades\/","og_site_name":"Blog sobre formaci\u00f3n subvencionada y empleo","article_published_time":"2023-08-23T07:55:01+00:00","og_image":[{"width":650,"height":325,"url":"https:\/\/metodoformacion.com\/blog\/wp-content\/uploads\/2023\/08\/Destacada.blog-formacion-continuada.png","type":"image\/png"}],"author":"Eva Crispin","twitter_card":"summary_large_image","twitter_misc":{"Escrito por":"Eva Crispin","Tiempo de lectura":"4 minutos"},"schema":{"@context":"https:\/\/schema.org","@graph":[{"@type":"Article","@id":"https:\/\/metodoformacion.com\/blog\/la-formacion-no-entiende-de-edades\/#article","isPartOf":{"@id":"https:\/\/metodoformacion.com\/blog\/la-formacion-no-entiende-de-edades\/"},"author":{"name":"Eva Crispin","@id":"https:\/\/metodoformacion.com\/blog\/#\/schema\/person\/e5f5fefa395dddd42ce0a4f49a39cd26"},"headline":"La formaci\u00f3n no entiende de edades","datePublished":"2023-08-23T07:55:01+00:00","dateModified":"2023-08-23T07:55:01+00:00","mainEntityOfPage":{"@id":"https:\/\/metodoformacion.com\/blog\/la-formacion-no-entiende-de-edades\/"},"wordCount":559,"commentCount":0,"publisher":{"@id":"https:\/\/metodoformacion.com\/blog\/#organization"},"articleSection":["Cursos gratis","Cursos gratis","cursos presenciales","E-learning","Formaci\u00f3n subvencionada","Intersectorial","Orientaci\u00f3n laboral","Sectores profesionales"],"inLanguage":"es","potentialAction":[{"@type":"CommentAction","name":"Comment","target":["https:\/\/metodoformacion.com\/blog\/la-formacion-no-entiende-de-edades\/#respond"]}]},{"@type":"WebPage","@id":"https:\/\/metodoformacion.com\/blog\/la-formacion-no-entiende-de-edades\/","url":"https:\/\/metodoformacion.com\/blog\/la-formacion-no-entiende-de-edades\/","name":"La formaci\u00f3n no entiende de edades | M\u00e9todo Formaci\u00f3n","isPartOf":{"@id":"https:\/\/metodoformacion.com\/blog\/#website"},"datePublished":"2023-08-23T07:55:01+00:00","dateModified":"2023-08-23T07:55:01+00:00","description":"El reciclaje profesional y la formaci\u00f3n continuada son fundamentales para el crecimiento profesional, sin importar la experiencia o la edad.","breadcrumb":{"@id":"https:\/\/metodoformacion.com\/blog\/la-formacion-no-entiende-de-edades\/#breadcrumb"},"inLanguage":"es","potentialAction":[{"@type":"ReadAction","target":["https:\/\/metodoformacion.com\/blog\/la-formacion-no-entiende-de-edades\/"]}]},{"@type":"BreadcrumbList","@id":"https:\/\/metodoformacion.com\/blog\/la-formacion-no-entiende-de-edades\/#breadcrumb","itemListElement":[{"@type":"ListItem","position":1,"name":"Inicio","item":"https:\/\/metodoformacion.com\/blog\/"},{"@type":"ListItem","position":2,"name":"La formaci\u00f3n no entiende de edades"}]},{"@type":"WebSite","@id":"https:\/\/metodoformacion.com\/blog\/#website","url":"https:\/\/metodoformacion.com\/blog\/","name":"Blog sobre formaci\u00f3n subvencionada y empleo","description":"","publisher":{"@id":"https:\/\/metodoformacion.com\/blog\/#organization"},"potentialAction":[{"@type":"SearchAction","target":{"@type":"EntryPoint","urlTemplate":"https:\/\/metodoformacion.com\/blog\/?s={search_term_string}"},"query-input":"required name=search_term_string"}],"inLanguage":"es"},{"@type":"Organization","@id":"https:\/\/metodoformacion.com\/blog\/#organization","name":"Grupo M\u00e9todo","url":"https:\/\/metodoformacion.com\/blog\/","logo":{"@type":"ImageObject","inLanguage":"es","@id":"https:\/\/metodoformacion.com\/blog\/#\/schema\/logo\/image\/","url":"https:\/\/metodoformacion.com\/blog\/wp-content\/uploads\/2019\/12\/logo-transparente.png","contentUrl":"https:\/\/metodoformacion.com\/blog\/wp-content\/uploads\/2019\/12\/logo-transparente.png","width":160,"height":70,"caption":"Grupo M\u00e9todo"},"image":{"@id":"https:\/\/metodoformacion.com\/blog\/#\/schema\/logo\/image\/"}},{"@type":"Person","@id":"https:\/\/metodoformacion.com\/blog\/#\/schema\/person\/e5f5fefa395dddd42ce0a4f49a39cd26","name":"Eva Crispin","image":{"@type":"ImageObject","inLanguage":"es","@id":"https:\/\/metodoformacion.com\/blog\/#\/schema\/person\/image\/","url":"https:\/\/secure.gravatar.com\/avatar\/25333dd669cfd710b3c6b298f4202e43?s=96&r=g","contentUrl":"https:\/\/secure.gravatar.com\/avatar\/25333dd669cfd710b3c6b298f4202e43?s=96&r=g","caption":"Eva Crispin"},"description":"Departamento de Marketing y Comunicaci\u00f3n","sameAs":["http:\/\/www.metodoformacion.com"],"url":"https:\/\/metodoformacion.com\/blog\/author\/eva-crispin\/"}]}},"_links":{"self":[{"href":"https:\/\/metodoformacion.com\/blog\/wp-json\/wp\/v2\/posts\/3439"}],"collection":[{"href":"https:\/\/metodoformacion.com\/blog\/wp-json\/wp\/v2\/posts"}],"about":[{"href":"https:\/\/metodoformacion.com\/blog\/wp-json\/wp\/v2\/types\/post"}],"author":[{"embeddable":true,"href":"https:\/\/metodoformacion.com\/blog\/wp-json\/wp\/v2\/users\/12"}],"replies":[{"embeddable":true,"href":"https:\/\/metodoformacion.com\/blog\/wp-json\/wp\/v2\/comments?post=3439"}],"version-history":[{"count":9,"href":"https:\/\/metodoformacion.com\/blog\/wp-json\/wp\/v2\/posts\/3439\/revisions"}],"predecessor-version":[{"id":3456,"href":"https:\/\/metodoformacion.com\/blog\/wp-json\/wp\/v2\/posts\/3439\/revisions\/3456"}],"wp:featuredmedia":[{"embeddable":true,"href":"https:\/\/metodoformacion.com\/blog\/wp-json\/wp\/v2\/media\/3449"}],"wp:attachment":[{"href":"https:\/\/metodoformacion.com\/blog\/wp-json\/wp\/v2\/media?parent=3439"}],"wp:term":[{"taxonomy":"category","embeddable":true,"href":"https:\/\/metodoformacion.com\/blog\/wp-json\/wp\/v2\/categories?post=3439"},{"taxonomy":"post_tag","embeddable":true,"href":"https:\/\/metodoformacion.com\/blog\/wp-json\/wp\/v2\/tags?post=3439"}],"curies":[{"name":"wp","href":"https:\/\/api.w.org\/{rel}","templated":true}]}}