{"id":3642,"date":"2024-02-15T09:07:13","date_gmt":"2024-02-15T09:07:13","guid":{"rendered":"https:\/\/metodoformacion.com\/blog\/?p=3642"},"modified":"2024-02-15T09:07:13","modified_gmt":"2024-02-15T09:07:13","slug":"certificados-profesionales-los-nuevos-certificados-de-profesionalidad","status":"publish","type":"post","link":"https:\/\/metodoformacion.com\/blog\/certificados-profesionales-los-nuevos-certificados-de-profesionalidad\/","title":{"rendered":"Certificados profesionales los nuevos certificados de profesionalidad"},"content":{"rendered":"<p class=\"text-display-large-bold pt6\" dir=\"ltr\"><span data-scaffold-immersive-reader-title=\"\"><em>\u00bfSab\u00edas que los certificados de profesionalidad han cambiado el nombre?<\/em> as\u00ed titula Teresa Armas, Directora de Pedagog\u00eda y Soluciones e-learning en M\u00e9todo, su \u00faltimo <span style=\"color: #000000;\"><a style=\"color: #000000;\" href=\"https:\/\/www.linkedin.com\/pulse\/sab%C3%ADas-que-los-certificados-de-profesionalidad-han-el-armas-garc%C3%ADa-i5xjf\/\">art\u00edculo en LinkedIn. <\/a><\/span><\/span>Y es que, c\u00f3mo explica Teresa en su texto, la denominaci\u00f3n de esta formaci\u00f3n tan demandada ha cambiado. <strong><span style=\"color: #e64684;\">Ahora los \u00abCertificados de profesionalidad\u00bb se denominan \u00abCertificados profesionales\u00bb<\/span><\/strong>, t\u00edtulos oficiales expedidos por el Ministerio de Educaci\u00f3n, Formaci\u00f3n Profesional y Deportes, o por las respectivas CCAA. Sea quien sea el emisor, tienen <span style=\"color: #e64684;\">validez y car\u00e1cter oficial en todo el territorio nacional<\/span>.<\/p>\n<p dir=\"ltr\">Pero este no es el \u00fanico cambio de nomenclatura, el certificado SSCE0110 antes conocido como \u00abDocencia de la formaci\u00f3n profesional para el empleo\u00bb pasa a denominarse <strong><span style=\"color: #e64684;\">\u00ab<\/span><span style=\"color: #e64684;\">Habilitaci\u00f3n para la docencia en grados A, B Y C del sistema de formaci\u00f3n profesional\u00bb<\/span><\/strong>. En cu\u00e1nto al contenido pedag\u00f3gico el curr\u00edculum sigue siendo el mismo.<\/p>\n<p dir=\"ltr\">Llegado a este punto puede que te surjan varias dudas, \u00bfqu\u00e9 son los certificados profesionales? \u00bfqu\u00e9 es eso de los grados? \u00bfc\u00f3mo me afectan si tengo un t\u00edtulo anterior?&#8230; sigue leyendo porque vamos a dar respuesta a estas preguntas:<\/p>\n<div id=\"ez-toc-container\" class=\"ez-toc-v2_0_62 counter-hierarchy ez-toc-counter ez-toc-custom ez-toc-container-direction\">\n<p class=\"ez-toc-title\">Hablamos sobre...<\/p>\n<label for=\"ez-toc-cssicon-toggle-item-69f5b9b7db509\" class=\"ez-toc-cssicon-toggle-label\"><span class=\"\"><span class=\"eztoc-hide\" style=\"display:none;\">Toggle<\/span><span class=\"ez-toc-icon-toggle-span\"><svg style=\"fill: #000000;color:#000000\" xmlns=\"http:\/\/www.w3.org\/2000\/svg\" class=\"list-377408\" width=\"20px\" height=\"20px\" viewBox=\"0 0 24 24\" fill=\"none\"><path d=\"M6 6H4v2h2V6zm14 0H8v2h12V6zM4 11h2v2H4v-2zm16 0H8v2h12v-2zM4 16h2v2H4v-2zm16 0H8v2h12v-2z\" fill=\"currentColor\"><\/path><\/svg><svg style=\"fill: #000000;color:#000000\" class=\"arrow-unsorted-368013\" xmlns=\"http:\/\/www.w3.org\/2000\/svg\" width=\"10px\" height=\"10px\" viewBox=\"0 0 24 24\" version=\"1.2\" baseProfile=\"tiny\"><path d=\"M18.2 9.3l-6.2-6.3-6.2 6.3c-.2.2-.3.4-.3.7s.1.5.3.7c.2.2.4.3.7.3h11c.3 0 .5-.1.7-.3.2-.2.3-.5.3-.7s-.1-.5-.3-.7zM5.8 14.7l6.2 6.3 6.2-6.3c.2-.2.3-.5.3-.7s-.1-.5-.3-.7c-.2-.2-.4-.3-.7-.3h-11c-.3 0-.5.1-.7.3-.2.2-.3.5-.3.7s.1.5.3.7z\"\/><\/svg><\/span><\/span><\/label><input type=\"checkbox\"  id=\"ez-toc-cssicon-toggle-item-69f5b9b7db509\" checked aria-label=\"Toggle\" \/><nav><ul class='ez-toc-list ez-toc-list-level-1 ' ><li class='ez-toc-page-1 ez-toc-heading-level-4'><a class=\"ez-toc-link ez-toc-heading-1\" href=\"https:\/\/metodoformacion.com\/blog\/certificados-profesionales-los-nuevos-certificados-de-profesionalidad\/#%C2%BFQue_son_los_certificados_profesionales\" title=\"\u00bfQu\u00e9 son los certificados profesionales?\">\u00bfQu\u00e9 son los certificados profesionales?<\/a><\/li><li class='ez-toc-page-1 ez-toc-heading-level-4'><a class=\"ez-toc-link ez-toc-heading-2\" href=\"https:\/\/metodoformacion.com\/blog\/certificados-profesionales-los-nuevos-certificados-de-profesionalidad\/#%C2%BFQue_son_los_grados_A_B_y_C_del_sistema_de_Formacion_Profesional\" title=\"\u00bfQu\u00e9 son los grados A, B y C del sistema de Formaci\u00f3n Profesional?\">\u00bfQu\u00e9 son los grados A, B y C del sistema de Formaci\u00f3n Profesional?<\/a><\/li><li class='ez-toc-page-1 ez-toc-heading-level-4'><a class=\"ez-toc-link ez-toc-heading-3\" href=\"https:\/\/metodoformacion.com\/blog\/certificados-profesionales-los-nuevos-certificados-de-profesionalidad\/#%C2%BFComo_afectan_los_grados_a_las_personas_que_cuentan_con_un_titulo_anterior\" title=\"\u00bfC\u00f3mo afectan los grados a las personas que cuentan con un t\u00edtulo anterior?\">\u00bfC\u00f3mo afectan los grados a las personas que cuentan con un t\u00edtulo anterior?<\/a><\/li><li class='ez-toc-page-1 ez-toc-heading-level-4'><a class=\"ez-toc-link ez-toc-heading-4\" href=\"https:\/\/metodoformacion.com\/blog\/certificados-profesionales-los-nuevos-certificados-de-profesionalidad\/#%C2%BFQuieres_cursar_un_Certificado_Profesional\" title=\"\u00bfQuieres cursar un Certificado Profesional?\">\u00bfQuieres cursar un Certificado Profesional?<\/a><\/li><\/ul><\/nav><\/div>\n<h4 dir=\"ltr\"><span class=\"ez-toc-section\" id=\"%C2%BFQue_son_los_certificados_profesionales\"><\/span>\u00bfQu\u00e9 son los certificados profesionales?<span class=\"ez-toc-section-end\"><\/span><\/h4>\n<p dir=\"ltr\">En resumen los Certificados Profesionales, como ya sabes antes se conoc\u00edan como \u00abCertificados de profesionalidad\u00bb, <span style=\"color: #e64684;\">acreditan a la persona el conjunto de competencias profesionales que capacitan para el desarrollo de la actividad laboral para la que se form\u00f3.<\/span> Puedes ampliar esta informaci\u00f3n leyendo<span style=\"color: #000000;\"> <a style=\"color: #000000;\" href=\"https:\/\/metodoformacion.com\/blog\/certificados-de-profesionalidad-que-son-y-como-conseguirlos\/\">este art\u00edculo<\/a>.\u00a0<\/span><\/p>\n<h4 dir=\"ltr\"><span class=\"ez-toc-section\" id=\"%C2%BFQue_son_los_grados_A_B_y_C_del_sistema_de_Formacion_Profesional\"><\/span>\u00bfQu\u00e9 son los grados A, B y C del sistema de Formaci\u00f3n Profesional?<span class=\"ez-toc-section-end\"><\/span><\/h4>\n<p dir=\"ltr\">C\u00f3mo explica nuestra compa\u00f1era en su art\u00edculo existen cinco grados ascendentes de ordenaci\u00f3n e integraci\u00f3n de la Formaci\u00f3n Profesional (Ley Org\u00e1nica 3\/2022), que a su vez\u00a0se organizan en <strong>Niveles<\/strong>, de forma que <span style=\"color: #e64684;\">los Grados A, B y C se establecen en niveles de competencia profesional 1, 2 y 3<\/span>.<\/p>\n<p dir=\"ltr\"><img loading=\"lazy\" class=\"aligncenter wp-image-3643 size-full\" src=\"https:\/\/metodoformacion.com\/blog\/wp-content\/uploads\/2024\/02\/nuevo-modelo-de-fp-ley-2022.jpg\" alt=\"modelo ley org\u00e1nica 3\/2022\" width=\"814\" height=\"498\" srcset=\"https:\/\/metodoformacion.com\/blog\/wp-content\/uploads\/2024\/02\/nuevo-modelo-de-fp-ley-2022.jpg 814w, https:\/\/metodoformacion.com\/blog\/wp-content\/uploads\/2024\/02\/nuevo-modelo-de-fp-ley-2022-300x184.jpg 300w, https:\/\/metodoformacion.com\/blog\/wp-content\/uploads\/2024\/02\/nuevo-modelo-de-fp-ley-2022-768x470.jpg 768w\" sizes=\"(max-width: 814px) 100vw, 814px\" \/><\/p>\n<p dir=\"ltr\" style=\"text-align: center;\">Fuente: Ministerio de Educaci\u00f3n, Formaci\u00f3n Profesional y Deportes<\/p>\n<h4 dir=\"ltr\"><span class=\"ez-toc-section\" id=\"%C2%BFComo_afectan_los_grados_a_las_personas_que_cuentan_con_un_titulo_anterior\"><\/span>\u00bfC\u00f3mo afectan los grados a las personas que cuentan con un t\u00edtulo anterior?<span class=\"ez-toc-section-end\"><\/span><\/h4>\n<p dir=\"ltr\">Parafraseando a Teresa \u00abTodas aquellas personas que ya cuenten con el anterior t\u00edtulo, <strong><span style=\"color: #e64684;\">mantendr\u00e1n la competencia<\/span><\/strong> que para dicho certificado se reconoce en el \u00e1mbito de la docencia en los certificados profesionales, as\u00ed como en los grados A y B\u00bb.<\/p>\n<p dir=\"ltr\">Grupo M\u00e9todo es una consultora de formaci\u00f3n acreditada para impartir certificados profesionales. Actualmente contamos con diferentes certificados profesionales la Comunidad Valenciana, Galicia y la Regi\u00f3n de Murcia, permanece atento a nuestras redes sociales porque iremos informando si abrimos nuevas convocatorias de certificados.<\/p>\n<h4><span class=\"ez-toc-section\" id=\"%C2%BFQuieres_cursar_un_Certificado_Profesional\"><\/span><strong>\u00bfQuieres cursar un Certificado Profesional?<\/strong><span class=\"ez-toc-section-end\"><\/span><\/h4>\n<p>Contacta con nosotros a trav\u00e9s de las siguientes v\u00edas:<\/p>\n<ul>\n<li><img class=\"emoji\" role=\"img\" draggable=\"false\" src=\"https:\/\/s.w.org\/images\/core\/emoji\/14.0.0\/svg\/1f4bb.svg\" alt=\"\ud83d\udcbb\" \/>\u00a0Entra en nuestra web y rellena el formulario de contacto que encontrar\u00e1s en la ficha del curso que te interese.<\/li>\n<li><img class=\"emoji\" role=\"img\" draggable=\"false\" src=\"https:\/\/s.w.org\/images\/core\/emoji\/14.0.0\/svg\/1f4de.svg\" alt=\"\ud83d\udcde\" \/>Ll\u00e1manos al tel\u00e9fono gratuito 900 812 902.<\/li>\n<li><img class=\"emoji\" role=\"img\" draggable=\"false\" src=\"https:\/\/s.w.org\/images\/core\/emoji\/14.0.0\/svg\/1f4ac.svg\" alt=\"\ud83d\udcac\" \/>Env\u00eda un WhatsApp al 604 008 706.<\/li>\n<li><img class=\"emoji\" role=\"img\" draggable=\"false\" src=\"https:\/\/s.w.org\/images\/core\/emoji\/14.0.0\/svg\/1f4e9.svg\" alt=\"\ud83d\udce9\" \/>\u00a0Env\u00eda un correo electr\u00f3nico a\u00a0<a href=\"mailto:inscripciones@metodogrupo.com\">inscripciones@metodogrupo.com<\/a>\u00a0con tus datos y el curso que te interese.<\/li>\n<\/ul>\n","protected":false},"excerpt":{"rendered":"<p>\u00bfSab\u00edas que los certificados de profesionalidad han cambiado el nombre? as\u00ed titula Teresa Armas, Directora de Pedagog\u00eda y Soluciones e-learning en M\u00e9todo, su \u00faltimo art\u00edculo en LinkedIn. Y es que, c\u00f3mo explica Teresa en su texto, la denominaci\u00f3n de esta formaci\u00f3n tan demandada ha cambiado. Ahora los \u00abCertificados de profesionalidad\u00bb se denominan \u00abCertificados profesionales\u00bb, t\u00edtulos [&hellip;]<\/p>\n","protected":false},"author":12,"featured_media":3657,"comment_status":"open","ping_status":"open","sticky":false,"template":"","format":"standard","meta":{"_monsterinsights_skip_tracking":false,"_monsterinsights_sitenote_active":false,"_monsterinsights_sitenote_note":"","_monsterinsights_sitenote_category":0},"categories":[5],"tags":[],"yoast_head":"<!-- This site is optimized with the Yoast SEO plugin v19.14 - https:\/\/yoast.com\/wordpress\/plugins\/seo\/ -->\n<title>Certificados profesionales los nuevos certificados de profesionalidad - M\u00e9todo Formaci\u00f3n<\/title>\n<meta name=\"description\" content=\"Los certificados de profesionalidad pasan a denominarse Certificados profesionales. En este art\u00edculo resolvemos algunas dudas frecuentes.\" \/>\n<meta name=\"robots\" content=\"index, follow, max-snippet:-1, max-image-preview:large, max-video-preview:-1\" \/>\n<link rel=\"canonical\" href=\"https:\/\/metodoformacion.com\/blog\/certificados-profesionales-los-nuevos-certificados-de-profesionalidad\/\" \/>\n<meta property=\"og:locale\" content=\"es_ES\" \/>\n<meta property=\"og:type\" content=\"article\" \/>\n<meta property=\"og:title\" content=\"Certificados profesionales los nuevos certificados de profesionalidad - M\u00e9todo Formaci\u00f3n\" \/>\n<meta property=\"og:description\" content=\"Los certificados de profesionalidad pasan a denominarse Certificados profesionales. En este art\u00edculo resolvemos algunas dudas frecuentes.\" \/>\n<meta property=\"og:url\" content=\"https:\/\/metodoformacion.com\/blog\/certificados-profesionales-los-nuevos-certificados-de-profesionalidad\/\" \/>\n<meta property=\"og:site_name\" content=\"Blog sobre formaci\u00f3n subvencionada y empleo\" \/>\n<meta property=\"article:published_time\" content=\"2024-02-15T09:07:13+00:00\" \/>\n<meta property=\"og:image\" content=\"https:\/\/metodoformacion.com\/blog\/wp-content\/uploads\/2024\/02\/Destacada.CertificadosProfesionales.jpg\" \/>\n\t<meta property=\"og:image:width\" content=\"650\" \/>\n\t<meta property=\"og:image:height\" content=\"325\" \/>\n\t<meta property=\"og:image:type\" content=\"image\/jpeg\" \/>\n<meta name=\"author\" content=\"Eva Crispin\" \/>\n<meta name=\"twitter:card\" content=\"summary_large_image\" \/>\n<meta name=\"twitter:label1\" content=\"Escrito por\" \/>\n\t<meta name=\"twitter:data1\" content=\"Eva Crispin\" \/>\n\t<meta name=\"twitter:label2\" content=\"Tiempo de lectura\" \/>\n\t<meta name=\"twitter:data2\" content=\"4 minutos\" \/>\n<script type=\"application\/ld+json\" class=\"yoast-schema-graph\">{\"@context\":\"https:\/\/schema.org\",\"@graph\":[{\"@type\":\"Article\",\"@id\":\"https:\/\/metodoformacion.com\/blog\/certificados-profesionales-los-nuevos-certificados-de-profesionalidad\/#article\",\"isPartOf\":{\"@id\":\"https:\/\/metodoformacion.com\/blog\/certificados-profesionales-los-nuevos-certificados-de-profesionalidad\/\"},\"author\":{\"name\":\"Eva Crispin\",\"@id\":\"https:\/\/metodoformacion.com\/blog\/#\/schema\/person\/e5f5fefa395dddd42ce0a4f49a39cd26\"},\"headline\":\"Certificados profesionales los nuevos certificados de profesionalidad\",\"datePublished\":\"2024-02-15T09:07:13+00:00\",\"dateModified\":\"2024-02-15T09:07:13+00:00\",\"mainEntityOfPage\":{\"@id\":\"https:\/\/metodoformacion.com\/blog\/certificados-profesionales-los-nuevos-certificados-de-profesionalidad\/\"},\"wordCount\":502,\"commentCount\":2,\"publisher\":{\"@id\":\"https:\/\/metodoformacion.com\/blog\/#organization\"},\"articleSection\":[\"Sectores profesionales\"],\"inLanguage\":\"es\",\"potentialAction\":[{\"@type\":\"CommentAction\",\"name\":\"Comment\",\"target\":[\"https:\/\/metodoformacion.com\/blog\/certificados-profesionales-los-nuevos-certificados-de-profesionalidad\/#respond\"]}]},{\"@type\":\"WebPage\",\"@id\":\"https:\/\/metodoformacion.com\/blog\/certificados-profesionales-los-nuevos-certificados-de-profesionalidad\/\",\"url\":\"https:\/\/metodoformacion.com\/blog\/certificados-profesionales-los-nuevos-certificados-de-profesionalidad\/\",\"name\":\"Certificados profesionales los nuevos certificados de profesionalidad - M\u00e9todo Formaci\u00f3n\",\"isPartOf\":{\"@id\":\"https:\/\/metodoformacion.com\/blog\/#website\"},\"datePublished\":\"2024-02-15T09:07:13+00:00\",\"dateModified\":\"2024-02-15T09:07:13+00:00\",\"description\":\"Los certificados de profesionalidad pasan a denominarse Certificados profesionales. En este art\u00edculo resolvemos algunas dudas frecuentes.\",\"breadcrumb\":{\"@id\":\"https:\/\/metodoformacion.com\/blog\/certificados-profesionales-los-nuevos-certificados-de-profesionalidad\/#breadcrumb\"},\"inLanguage\":\"es\",\"potentialAction\":[{\"@type\":\"ReadAction\",\"target\":[\"https:\/\/metodoformacion.com\/blog\/certificados-profesionales-los-nuevos-certificados-de-profesionalidad\/\"]}]},{\"@type\":\"BreadcrumbList\",\"@id\":\"https:\/\/metodoformacion.com\/blog\/certificados-profesionales-los-nuevos-certificados-de-profesionalidad\/#breadcrumb\",\"itemListElement\":[{\"@type\":\"ListItem\",\"position\":1,\"name\":\"Inicio\",\"item\":\"https:\/\/metodoformacion.com\/blog\/\"},{\"@type\":\"ListItem\",\"position\":2,\"name\":\"Certificados profesionales los nuevos certificados de profesionalidad\"}]},{\"@type\":\"WebSite\",\"@id\":\"https:\/\/metodoformacion.com\/blog\/#website\",\"url\":\"https:\/\/metodoformacion.com\/blog\/\",\"name\":\"Blog sobre formaci\u00f3n subvencionada y empleo\",\"description\":\"\",\"publisher\":{\"@id\":\"https:\/\/metodoformacion.com\/blog\/#organization\"},\"potentialAction\":[{\"@type\":\"SearchAction\",\"target\":{\"@type\":\"EntryPoint\",\"urlTemplate\":\"https:\/\/metodoformacion.com\/blog\/?s={search_term_string}\"},\"query-input\":\"required name=search_term_string\"}],\"inLanguage\":\"es\"},{\"@type\":\"Organization\",\"@id\":\"https:\/\/metodoformacion.com\/blog\/#organization\",\"name\":\"Grupo M\u00e9todo\",\"url\":\"https:\/\/metodoformacion.com\/blog\/\",\"logo\":{\"@type\":\"ImageObject\",\"inLanguage\":\"es\",\"@id\":\"https:\/\/metodoformacion.com\/blog\/#\/schema\/logo\/image\/\",\"url\":\"https:\/\/metodoformacion.com\/blog\/wp-content\/uploads\/2019\/12\/logo-transparente.png\",\"contentUrl\":\"https:\/\/metodoformacion.com\/blog\/wp-content\/uploads\/2019\/12\/logo-transparente.png\",\"width\":160,\"height\":70,\"caption\":\"Grupo M\u00e9todo\"},\"image\":{\"@id\":\"https:\/\/metodoformacion.com\/blog\/#\/schema\/logo\/image\/\"}},{\"@type\":\"Person\",\"@id\":\"https:\/\/metodoformacion.com\/blog\/#\/schema\/person\/e5f5fefa395dddd42ce0a4f49a39cd26\",\"name\":\"Eva Crispin\",\"image\":{\"@type\":\"ImageObject\",\"inLanguage\":\"es\",\"@id\":\"https:\/\/metodoformacion.com\/blog\/#\/schema\/person\/image\/\",\"url\":\"https:\/\/secure.gravatar.com\/avatar\/25333dd669cfd710b3c6b298f4202e43?s=96&r=g\",\"contentUrl\":\"https:\/\/secure.gravatar.com\/avatar\/25333dd669cfd710b3c6b298f4202e43?s=96&r=g\",\"caption\":\"Eva Crispin\"},\"description\":\"Departamento de Marketing y Comunicaci\u00f3n\",\"sameAs\":[\"http:\/\/www.metodoformacion.com\"],\"url\":\"https:\/\/metodoformacion.com\/blog\/author\/eva-crispin\/\"}]}<\/script>\n<!-- \/ Yoast SEO plugin. -->","yoast_head_json":{"title":"Certificados profesionales los nuevos certificados de profesionalidad - M\u00e9todo Formaci\u00f3n","description":"Los certificados de profesionalidad pasan a denominarse Certificados profesionales. En este art\u00edculo resolvemos algunas dudas frecuentes.","robots":{"index":"index","follow":"follow","max-snippet":"max-snippet:-1","max-image-preview":"max-image-preview:large","max-video-preview":"max-video-preview:-1"},"canonical":"https:\/\/metodoformacion.com\/blog\/certificados-profesionales-los-nuevos-certificados-de-profesionalidad\/","og_locale":"es_ES","og_type":"article","og_title":"Certificados profesionales los nuevos certificados de profesionalidad - M\u00e9todo Formaci\u00f3n","og_description":"Los certificados de profesionalidad pasan a denominarse Certificados profesionales. En este art\u00edculo resolvemos algunas dudas frecuentes.","og_url":"https:\/\/metodoformacion.com\/blog\/certificados-profesionales-los-nuevos-certificados-de-profesionalidad\/","og_site_name":"Blog sobre formaci\u00f3n subvencionada y empleo","article_published_time":"2024-02-15T09:07:13+00:00","og_image":[{"width":650,"height":325,"url":"https:\/\/metodoformacion.com\/blog\/wp-content\/uploads\/2024\/02\/Destacada.CertificadosProfesionales.jpg","type":"image\/jpeg"}],"author":"Eva Crispin","twitter_card":"summary_large_image","twitter_misc":{"Escrito por":"Eva Crispin","Tiempo de lectura":"4 minutos"},"schema":{"@context":"https:\/\/schema.org","@graph":[{"@type":"Article","@id":"https:\/\/metodoformacion.com\/blog\/certificados-profesionales-los-nuevos-certificados-de-profesionalidad\/#article","isPartOf":{"@id":"https:\/\/metodoformacion.com\/blog\/certificados-profesionales-los-nuevos-certificados-de-profesionalidad\/"},"author":{"name":"Eva Crispin","@id":"https:\/\/metodoformacion.com\/blog\/#\/schema\/person\/e5f5fefa395dddd42ce0a4f49a39cd26"},"headline":"Certificados profesionales los nuevos certificados de profesionalidad","datePublished":"2024-02-15T09:07:13+00:00","dateModified":"2024-02-15T09:07:13+00:00","mainEntityOfPage":{"@id":"https:\/\/metodoformacion.com\/blog\/certificados-profesionales-los-nuevos-certificados-de-profesionalidad\/"},"wordCount":502,"commentCount":2,"publisher":{"@id":"https:\/\/metodoformacion.com\/blog\/#organization"},"articleSection":["Sectores profesionales"],"inLanguage":"es","potentialAction":[{"@type":"CommentAction","name":"Comment","target":["https:\/\/metodoformacion.com\/blog\/certificados-profesionales-los-nuevos-certificados-de-profesionalidad\/#respond"]}]},{"@type":"WebPage","@id":"https:\/\/metodoformacion.com\/blog\/certificados-profesionales-los-nuevos-certificados-de-profesionalidad\/","url":"https:\/\/metodoformacion.com\/blog\/certificados-profesionales-los-nuevos-certificados-de-profesionalidad\/","name":"Certificados profesionales los nuevos certificados de profesionalidad - M\u00e9todo Formaci\u00f3n","isPartOf":{"@id":"https:\/\/metodoformacion.com\/blog\/#website"},"datePublished":"2024-02-15T09:07:13+00:00","dateModified":"2024-02-15T09:07:13+00:00","description":"Los certificados de profesionalidad pasan a denominarse Certificados profesionales. En este art\u00edculo resolvemos algunas dudas frecuentes.","breadcrumb":{"@id":"https:\/\/metodoformacion.com\/blog\/certificados-profesionales-los-nuevos-certificados-de-profesionalidad\/#breadcrumb"},"inLanguage":"es","potentialAction":[{"@type":"ReadAction","target":["https:\/\/metodoformacion.com\/blog\/certificados-profesionales-los-nuevos-certificados-de-profesionalidad\/"]}]},{"@type":"BreadcrumbList","@id":"https:\/\/metodoformacion.com\/blog\/certificados-profesionales-los-nuevos-certificados-de-profesionalidad\/#breadcrumb","itemListElement":[{"@type":"ListItem","position":1,"name":"Inicio","item":"https:\/\/metodoformacion.com\/blog\/"},{"@type":"ListItem","position":2,"name":"Certificados profesionales los nuevos certificados de profesionalidad"}]},{"@type":"WebSite","@id":"https:\/\/metodoformacion.com\/blog\/#website","url":"https:\/\/metodoformacion.com\/blog\/","name":"Blog sobre formaci\u00f3n subvencionada y empleo","description":"","publisher":{"@id":"https:\/\/metodoformacion.com\/blog\/#organization"},"potentialAction":[{"@type":"SearchAction","target":{"@type":"EntryPoint","urlTemplate":"https:\/\/metodoformacion.com\/blog\/?s={search_term_string}"},"query-input":"required name=search_term_string"}],"inLanguage":"es"},{"@type":"Organization","@id":"https:\/\/metodoformacion.com\/blog\/#organization","name":"Grupo M\u00e9todo","url":"https:\/\/metodoformacion.com\/blog\/","logo":{"@type":"ImageObject","inLanguage":"es","@id":"https:\/\/metodoformacion.com\/blog\/#\/schema\/logo\/image\/","url":"https:\/\/metodoformacion.com\/blog\/wp-content\/uploads\/2019\/12\/logo-transparente.png","contentUrl":"https:\/\/metodoformacion.com\/blog\/wp-content\/uploads\/2019\/12\/logo-transparente.png","width":160,"height":70,"caption":"Grupo M\u00e9todo"},"image":{"@id":"https:\/\/metodoformacion.com\/blog\/#\/schema\/logo\/image\/"}},{"@type":"Person","@id":"https:\/\/metodoformacion.com\/blog\/#\/schema\/person\/e5f5fefa395dddd42ce0a4f49a39cd26","name":"Eva Crispin","image":{"@type":"ImageObject","inLanguage":"es","@id":"https:\/\/metodoformacion.com\/blog\/#\/schema\/person\/image\/","url":"https:\/\/secure.gravatar.com\/avatar\/25333dd669cfd710b3c6b298f4202e43?s=96&r=g","contentUrl":"https:\/\/secure.gravatar.com\/avatar\/25333dd669cfd710b3c6b298f4202e43?s=96&r=g","caption":"Eva Crispin"},"description":"Departamento de Marketing y Comunicaci\u00f3n","sameAs":["http:\/\/www.metodoformacion.com"],"url":"https:\/\/metodoformacion.com\/blog\/author\/eva-crispin\/"}]}},"_links":{"self":[{"href":"https:\/\/metodoformacion.com\/blog\/wp-json\/wp\/v2\/posts\/3642"}],"collection":[{"href":"https:\/\/metodoformacion.com\/blog\/wp-json\/wp\/v2\/posts"}],"about":[{"href":"https:\/\/metodoformacion.com\/blog\/wp-json\/wp\/v2\/types\/post"}],"author":[{"embeddable":true,"href":"https:\/\/metodoformacion.com\/blog\/wp-json\/wp\/v2\/users\/12"}],"replies":[{"embeddable":true,"href":"https:\/\/metodoformacion.com\/blog\/wp-json\/wp\/v2\/comments?post=3642"}],"version-history":[{"count":6,"href":"https:\/\/metodoformacion.com\/blog\/wp-json\/wp\/v2\/posts\/3642\/revisions"}],"predecessor-version":[{"id":3658,"href":"https:\/\/metodoformacion.com\/blog\/wp-json\/wp\/v2\/posts\/3642\/revisions\/3658"}],"wp:featuredmedia":[{"embeddable":true,"href":"https:\/\/metodoformacion.com\/blog\/wp-json\/wp\/v2\/media\/3657"}],"wp:attachment":[{"href":"https:\/\/metodoformacion.com\/blog\/wp-json\/wp\/v2\/media?parent=3642"}],"wp:term":[{"taxonomy":"category","embeddable":true,"href":"https:\/\/metodoformacion.com\/blog\/wp-json\/wp\/v2\/categories?post=3642"},{"taxonomy":"post_tag","embeddable":true,"href":"https:\/\/metodoformacion.com\/blog\/wp-json\/wp\/v2\/tags?post=3642"}],"curies":[{"name":"wp","href":"https:\/\/api.w.org\/{rel}","templated":true}]}}