{"id":3785,"date":"2024-06-20T11:18:28","date_gmt":"2024-06-20T11:18:28","guid":{"rendered":"https:\/\/metodoformacion.com\/blog\/?p=3785"},"modified":"2024-09-16T14:38:33","modified_gmt":"2024-09-16T14:38:33","slug":"formacion-gratuita-para-personas-en-erte","status":"publish","type":"post","link":"https:\/\/metodoformacion.com\/blog\/formacion-gratuita-para-personas-en-erte\/","title":{"rendered":"Formaci\u00f3n gratuita para personas en ERTE ofrecida por el SEPE"},"content":{"rendered":"<p>\u00bfCursos gratis y online? El SEPE ofrece formaci\u00f3n gratuita para personas en ERTE (que est\u00e9n actualmente o lo hayan estado). Qu\u00e9date para saber m\u00e1s.<\/p>\n<p><img loading=\"lazy\" class=\"alignnone wp-image-3788 size-large\" src=\"https:\/\/metodoformacion.com\/blog\/wp-content\/uploads\/2024\/06\/Recurso-24-1024x81.png\" alt=\"Organismos encargados de formaci\u00f3n gratuita para personas en ERTE\" width=\"812\" height=\"64\" srcset=\"https:\/\/metodoformacion.com\/blog\/wp-content\/uploads\/2024\/06\/Recurso-24-1024x81.png 1024w, https:\/\/metodoformacion.com\/blog\/wp-content\/uploads\/2024\/06\/Recurso-24-300x24.png 300w, https:\/\/metodoformacion.com\/blog\/wp-content\/uploads\/2024\/06\/Recurso-24-768x61.png 768w, https:\/\/metodoformacion.com\/blog\/wp-content\/uploads\/2024\/06\/Recurso-24.png 1037w\" sizes=\"(max-width: 812px) 100vw, 812px\" \/><\/p>\n<div id=\"ez-toc-container\" class=\"ez-toc-v2_0_62 counter-hierarchy ez-toc-counter ez-toc-custom ez-toc-container-direction\">\n<p class=\"ez-toc-title\">Hablamos sobre...<\/p>\n<label for=\"ez-toc-cssicon-toggle-item-69f311a626708\" class=\"ez-toc-cssicon-toggle-label\"><span class=\"\"><span class=\"eztoc-hide\" style=\"display:none;\">Toggle<\/span><span class=\"ez-toc-icon-toggle-span\"><svg style=\"fill: #000000;color:#000000\" xmlns=\"http:\/\/www.w3.org\/2000\/svg\" class=\"list-377408\" width=\"20px\" height=\"20px\" viewBox=\"0 0 24 24\" fill=\"none\"><path d=\"M6 6H4v2h2V6zm14 0H8v2h12V6zM4 11h2v2H4v-2zm16 0H8v2h12v-2zM4 16h2v2H4v-2zm16 0H8v2h12v-2z\" fill=\"currentColor\"><\/path><\/svg><svg style=\"fill: #000000;color:#000000\" class=\"arrow-unsorted-368013\" xmlns=\"http:\/\/www.w3.org\/2000\/svg\" width=\"10px\" height=\"10px\" viewBox=\"0 0 24 24\" version=\"1.2\" baseProfile=\"tiny\"><path d=\"M18.2 9.3l-6.2-6.3-6.2 6.3c-.2.2-.3.4-.3.7s.1.5.3.7c.2.2.4.3.7.3h11c.3 0 .5-.1.7-.3.2-.2.3-.5.3-.7s-.1-.5-.3-.7zM5.8 14.7l6.2 6.3 6.2-6.3c.2-.2.3-.5.3-.7s-.1-.5-.3-.7c-.2-.2-.4-.3-.7-.3h-11c-.3 0-.5.1-.7.3-.2.2-.3.5-.3.7s.1.5.3.7z\"\/><\/svg><\/span><\/span><\/label><input type=\"checkbox\"  id=\"ez-toc-cssicon-toggle-item-69f311a626708\" checked aria-label=\"Toggle\" \/><nav><ul class='ez-toc-list ez-toc-list-level-1 ' ><li class='ez-toc-page-1 ez-toc-heading-level-2'><a class=\"ez-toc-link ez-toc-heading-1\" href=\"https:\/\/metodoformacion.com\/blog\/formacion-gratuita-para-personas-en-erte\/#Formacion_gratuita_para_personas_en_ERTE\" title=\"Formaci\u00f3n gratuita para personas en ERTE\">Formaci\u00f3n gratuita para personas en ERTE<\/a><\/li><li class='ez-toc-page-1 ez-toc-heading-level-2'><a class=\"ez-toc-link ez-toc-heading-2\" href=\"https:\/\/metodoformacion.com\/blog\/formacion-gratuita-para-personas-en-erte\/#Cursos_y_masteres\" title=\"Cursos y m\u00e1steres\">Cursos y m\u00e1steres<\/a><ul class='ez-toc-list-level-3' ><li class='ez-toc-heading-level-3'><a class=\"ez-toc-link ez-toc-heading-3\" href=\"https:\/\/metodoformacion.com\/blog\/formacion-gratuita-para-personas-en-erte\/#%F0%9F%91%A9%E2%80%8D%F0%9F%92%BB_Area_digital_%E2%80%93_Formacion_gratuita_para_personas_en_ERTE\" title=\"\ud83d\udc69\u200d\ud83d\udcbb \u00c1rea digital &#8211; Formaci\u00f3n gratuita para personas en ERTE\">\ud83d\udc69\u200d\ud83d\udcbb \u00c1rea digital &#8211; Formaci\u00f3n gratuita para personas en ERTE<\/a><\/li><li class='ez-toc-page-1 ez-toc-heading-level-3'><a class=\"ez-toc-link ez-toc-heading-4\" href=\"https:\/\/metodoformacion.com\/blog\/formacion-gratuita-para-personas-en-erte\/#%F0%9F%8C%B1_Area_verde_%E2%80%93_Formacion_gratuita_para_personas_en_ERTE\" title=\"\ud83c\udf31 \u00c1rea verde &#8211; Formaci\u00f3n gratuita para personas en ERTE\">\ud83c\udf31 \u00c1rea verde &#8211; Formaci\u00f3n gratuita para personas en ERTE<\/a><\/li><\/ul><\/li><li class='ez-toc-page-1 ez-toc-heading-level-2'><a class=\"ez-toc-link ez-toc-heading-5\" href=\"https:\/\/metodoformacion.com\/blog\/formacion-gratuita-para-personas-en-erte\/#Ventajas_y_como_participar\" title=\"Ventajas y c\u00f3mo participar\">Ventajas y c\u00f3mo participar<\/a><\/li><\/ul><\/nav><\/div>\n<h2><span class=\"ez-toc-section\" id=\"Formacion_gratuita_para_personas_en_ERTE\"><\/span>Formaci\u00f3n gratuita para personas en ERTE<span class=\"ez-toc-section-end\"><\/span><\/h2>\n<p>Dentro del <span style=\"color: #333333;\"><a style=\"color: #333333;\" href=\"https:\/\/planderecuperacion.gob.es\/\">Plan de Recuperaci\u00f3n, Transformaci\u00f3n y Resiliencia<\/a>,<\/span> y con el objetivo de recualificar a personas afectadas por el Expediente de Regulaci\u00f3n Temporal de Empleo, el Servicio P\u00fablico de Empleo Estatal ha lanzado un programa de formaci\u00f3n gratuita y online.\u00a0A trav\u00e9s de este, los profesionales podr\u00e1n formarse en dos \u00e1reas, verde y digital.<\/p>\n<p>\u00bfQui\u00e9n impartir\u00e1 esta formaci\u00f3n? Aqu\u00ed entra en acci\u00f3n M\u00e9todo. Nuestros tutores especializados en las diferentes ramas ser\u00e1n los encargados de guiarte y asegurarse de que el aprendizaje sea \u00f3ptimo.<\/p>\n<h2><span class=\"ez-toc-section\" id=\"Cursos_y_masteres\"><\/span>Cursos y m\u00e1steres<span class=\"ez-toc-section-end\"><\/span><\/h2>\n<p>Al completar cualquiera de nuestros cursos del plan, los alumnos recibir\u00e1n un <b>diploma oficial<\/b> de la especialidad, avalado por el <b>SEPE<\/b>, adem\u00e1s de un <b>T\u00edtulo Propio<\/b> de la <b>Universidade Atl\u00e2ntica de Lisboa<\/b>. \u00a1Un reconocimiento doble para tu formaci\u00f3n!<\/p>\n<p>Estos son los<strong> m\u00e1steres<\/strong> que hemos dise\u00f1ado para ti, con los que adem\u00e1s de formarte, <strong>obtendr\u00e1s una titulaci\u00f3n de m\u00e1ster de 12 ECTS por la Universidade Atl\u00e2ntica de Lisboa<\/strong>.<\/p>\n<ol>\n<li><span style=\"text-decoration: underline; font-size: 12pt;\"><strong>Big Data y gesti\u00f3n de recursos energ\u00e9ticos<\/strong><\/span><\/li>\n<li><span style=\"text-decoration: underline; font-size: 12pt;\"><strong>Gesti\u00f3n de recursos energ\u00e9ticos y an\u00e1lisis de datos con Excel<\/strong><\/span><\/li>\n<li><span style=\"text-decoration: underline; font-size: 12pt;\"><strong>Digital &amp; Automation Marketing y recursos energ\u00e9ticos<\/strong><\/span><\/li>\n<\/ol>\n<p>Si tus intereses o disponibilidad son otros, puedes formarte con lo siguientes cursos:<\/p>\n<h3><span class=\"ez-toc-section\" id=\"%F0%9F%91%A9%E2%80%8D%F0%9F%92%BB_Area_digital_%E2%80%93_Formacion_gratuita_para_personas_en_ERTE\"><\/span><span style=\"color: #000000;\">\ud83d\udc69\u200d\ud83d\udcbb <a style=\"color: #000000;\" href=\"https:\/\/metodoformacion.com\/campa%C3%B1as\/cursos_gratuitos_erte_digital-623?utm_source=blog&amp;utm_medium=post&amp;utm_campaign=Erte&amp;utm_content=area-digital\">\u00c1rea digital &#8211; Formaci\u00f3n gratuita para personas en ERTE<\/a><\/span><span class=\"ez-toc-section-end\"><\/span><\/h3>\n<ul>\n<li><span style=\"color: #333333;\"><a style=\"color: #333333;\" href=\"https:\/\/metodoformacion.com\/cursos\/curso_gratuito_analisis_de_datos_con_excel_power_query_power_pivot_power_bi-3731?landing=true&amp;utm_source=blog&amp;utm_medium=post&amp;utm_campaign=Erte&amp;utm_content=excel\">An\u00e1lisis de datos con excel: Power Query, Power Pivot, Power BI<\/a><\/span><\/li>\n<li><span style=\"color: #333333;\"><a style=\"color: #333333;\" href=\"https:\/\/metodoformacion.com\/cursos\/curso_online_de_big_data_y_business_intelligence-3732?landing=true&amp;utm_source=blog&amp;utm_medium=post&amp;utm_campaign=Erte&amp;utm_content=big-data\">Big Data y Business Intelligence<\/a><\/span><\/li>\n<li><span style=\"color: #333333;\"><a style=\"color: #333333;\" href=\"https:\/\/metodoformacion.com\/cursos\/curso_online_de_herramientas_digitales_microsoft_365_nivel_intermedio-3736?landing=true&amp;utm_source=blog&amp;utm_medium=post&amp;utm_campaign=Erte&amp;utm_content=microsoft-365\">Herramientas digitales Microsoft 365 Nivel Intermedio<\/a><\/span><\/li>\n<li><span style=\"color: #333333;\"><a style=\"color: #333333;\" href=\"https:\/\/metodoformacion.com\/cursos\/curso_gratuito_de_digital_marketing__automation_marketing_-3737?landing=true&amp;utm_source=blog&amp;utm_medium=post&amp;utm_campaign=Erte&amp;utm_content=automation-marketing\">Digital Marketing &amp; Automation Marketing<\/a><\/span><\/li>\n<li><span style=\"color: #333333;\"><a style=\"color: #333333;\" href=\"https:\/\/metodoformacion.com\/cursos\/curso_online_gratuito_ciberseguridad_prevencion_analisis_y_respuesta_a_incidentes_de_seguridad-3745?landing=true&amp;utm_source=blog&amp;utm_medium=post&amp;utm_campaign=Erte&amp;utm_content=ciberseguridad\">Ciberseguridad: prevenci\u00f3n, an\u00e1lisis y respuesta a incidentes de seguridad<\/a><\/span><\/li>\n<li><span style=\"color: #333333;\"><a style=\"color: #333333;\" href=\"https:\/\/metodoformacion.com\/cursos\/curso_online_gratuito_venta_online_en_la_empresa_redes_sociales_y_herramientas_de_comunicacion-3746?landing=true&amp;utm_source=blog&amp;utm_medium=post&amp;utm_campaign=Erte&amp;utm_content=venta-online\">Venta online en la empresa: Redes sociales y herramientas de comunicaci\u00f3n<\/a><\/span><\/li>\n<li><span style=\"color: #333333;\"><a style=\"color: #333333;\" href=\"https:\/\/metodoformacion.com\/cursos\/curso_online_gratuito_de_gamificacion_y_gestion_de_recursos_digitales-3747?landing=true&amp;utm_source=blog&amp;utm_medium=post&amp;utm_campaign=Erte&amp;utm_content=gamificacion\">Gamificaci\u00f3n y gesti\u00f3n de recursos digitales<\/a><\/span><\/li>\n<\/ul>\n<h3><span class=\"ez-toc-section\" id=\"%F0%9F%8C%B1_Area_verde_%E2%80%93_Formacion_gratuita_para_personas_en_ERTE\"><\/span><span style=\"color: #000000;\">\ud83c\udf31 <a style=\"color: #000000;\" href=\"https:\/\/metodoformacion.com\/campa%C3%B1as\/cursos_gratuitos_erte_verde-624?utm_source=blog&amp;utm_medium=post&amp;utm_campaign=Erte&amp;utm_content=area-verde\">\u00c1rea verde &#8211; Formaci\u00f3n gratuita para personas en ERTE<\/a><\/span><span class=\"ez-toc-section-end\"><\/span><\/h3>\n<ul>\n<li><span style=\"color: #333333;\"><a style=\"color: #333333;\" href=\"https:\/\/metodoformacion.com\/cursos\/curso_gratuito_de_gestion_de_recursos_energeticos_en_la_empresa-3733?landing=true&amp;utm_source=blog&amp;utm_medium=post&amp;utm_campaign=Erte&amp;utm_content=recursos-energeticos\">Gesti\u00f3n de recursos energ\u00e9ticos en la empresa<\/a><\/span><\/li>\n<li><span style=\"color: #333333;\"><a style=\"color: #333333;\" href=\"https:\/\/metodoformacion.com\/cursos\/curso_online_gratuito_de_desarrollo_sostenible_y_gestion_ambiental-3734?landing=true&amp;utm_source=blog&amp;utm_medium=post&amp;utm_campaign=Erte&amp;utm_content=desarrollo-sostenible\">Desarrollo sostenible y Gesti\u00f3n Ambiental<\/a><\/span><\/li>\n<\/ul>\n<h2><span class=\"ez-toc-section\" id=\"Ventajas_y_como_participar\"><\/span>Ventajas y c\u00f3mo participar<span class=\"ez-toc-section-end\"><\/span><\/h2>\n<p>\u00bfCu\u00e1les son las ventajas de realizar esta formaci\u00f3n?<\/p>\n<ul>\n<li>Oportunidad de actualizar tus competencias y <strong>posibilidad de obtener un m\u00e1ster<\/strong><\/li>\n<li>Est\u00e1 <strong>100% subvencionada<\/strong>, no tiene coste para ti<\/li>\n<li>La realizas a trav\u00e9s de nuestra plataforma virtual,<strong> sin horarios y a tu ritmo<\/strong><\/li>\n<li>Contar\u00e1s con la <strong>ayuda de especialistas<\/strong> que resolver\u00e1n tus dudas<\/li>\n<li>Al finalizar recibir\u00e1s un <strong>diploma<\/strong> de aprovechamiento acreditado por el Sepe<\/li>\n<\/ul>\n<p><strong>\u00bfTe has encontrado en situaci\u00f3n de ERTE y quieres inscribirte?<\/strong> Tienes las siguientes opciones:<\/p>\n<ul>\n<li>Cont\u00e1ctanos en el tel\u00e9fono gratuito \ud83d\udcde 900 812 902<\/li>\n<li>Rellena el <span style=\"color: #333333;\"><a style=\"color: #333333;\" href=\"https:\/\/metodoformacion.com\/contacto\/?utm_source=blog&amp;utm_medium=post&amp;utm_campaign=Erte&amp;utm_content=contacto\">formulario de contacto<\/a> en nuestra web<\/span><\/li>\n<li>Escr\u00edbenos a \ud83d\udce9 inscripciones@metodogrupo.com<\/li>\n<\/ul>\n<p>&nbsp;<\/p>\n","protected":false},"excerpt":{"rendered":"<p>\u00bfCursos gratis y online? El SEPE ofrece formaci\u00f3n gratuita para personas en ERTE (que est\u00e9n actualmente o lo hayan estado). Qu\u00e9date para saber m\u00e1s. Formaci\u00f3n gratuita para personas en ERTE Dentro del Plan de Recuperaci\u00f3n, Transformaci\u00f3n y Resiliencia, y con el objetivo de recualificar a personas afectadas por el Expediente de Regulaci\u00f3n Temporal de Empleo, [&hellip;]<\/p>\n","protected":false},"author":10,"featured_media":3791,"comment_status":"open","ping_status":"open","sticky":false,"template":"","format":"standard","meta":{"_monsterinsights_skip_tracking":false,"_monsterinsights_sitenote_active":false,"_monsterinsights_sitenote_note":"","_monsterinsights_sitenote_category":0},"categories":[61,45,34,37,19,29],"tags":[],"yoast_head":"<!-- This site is optimized with the Yoast SEO plugin v19.14 - https:\/\/yoast.com\/wordpress\/plugins\/seo\/ -->\n<title>Formaci\u00f3n gratuita para personas en ERTE ofrecida por el SEPE<\/title>\n<meta name=\"description\" content=\"El Sepe ofrece formaci\u00f3n gratuita para personas en ERTE mediante la cual podr\u00e1n obtener cr\u00e9ditos ECTS combinando cursos verdes y digitales.\" \/>\n<meta name=\"robots\" content=\"index, follow, max-snippet:-1, max-image-preview:large, max-video-preview:-1\" \/>\n<link rel=\"canonical\" href=\"https:\/\/metodoformacion.com\/blog\/formacion-gratuita-para-personas-en-erte\/\" \/>\n<meta property=\"og:locale\" content=\"es_ES\" \/>\n<meta property=\"og:type\" content=\"article\" \/>\n<meta property=\"og:title\" content=\"Formaci\u00f3n gratuita para personas en ERTE ofrecida por el SEPE\" \/>\n<meta property=\"og:description\" content=\"El Sepe ofrece formaci\u00f3n gratuita para personas en ERTE mediante la cual podr\u00e1n obtener cr\u00e9ditos ECTS combinando cursos verdes y digitales.\" \/>\n<meta property=\"og:url\" content=\"https:\/\/metodoformacion.com\/blog\/formacion-gratuita-para-personas-en-erte\/\" \/>\n<meta property=\"og:site_name\" content=\"Blog sobre formaci\u00f3n subvencionada y empleo\" \/>\n<meta property=\"article:published_time\" content=\"2024-06-20T11:18:28+00:00\" \/>\n<meta property=\"article:modified_time\" content=\"2024-09-16T14:38:33+00:00\" \/>\n<meta property=\"og:image\" content=\"https:\/\/metodoformacion.com\/blog\/wp-content\/uploads\/2024\/06\/PLANTILLA-IMAGEN-DESTACADA-BLOG.jpg\" \/>\n\t<meta property=\"og:image:width\" content=\"650\" \/>\n\t<meta property=\"og:image:height\" content=\"325\" \/>\n\t<meta property=\"og:image:type\" content=\"image\/jpeg\" \/>\n<meta name=\"author\" content=\"Noelia Costas\" \/>\n<meta name=\"twitter:card\" content=\"summary_large_image\" \/>\n<meta name=\"twitter:label1\" content=\"Escrito por\" \/>\n\t<meta name=\"twitter:data1\" content=\"Noelia Costas\" \/>\n\t<meta name=\"twitter:label2\" content=\"Tiempo de lectura\" \/>\n\t<meta name=\"twitter:data2\" content=\"3 minutos\" \/>\n<script type=\"application\/ld+json\" class=\"yoast-schema-graph\">{\"@context\":\"https:\/\/schema.org\",\"@graph\":[{\"@type\":\"Article\",\"@id\":\"https:\/\/metodoformacion.com\/blog\/formacion-gratuita-para-personas-en-erte\/#article\",\"isPartOf\":{\"@id\":\"https:\/\/metodoformacion.com\/blog\/formacion-gratuita-para-personas-en-erte\/\"},\"author\":{\"name\":\"Noelia Costas\",\"@id\":\"https:\/\/metodoformacion.com\/blog\/#\/schema\/person\/45ea4aca366c699abdab7a1dd90acafc\"},\"headline\":\"Formaci\u00f3n gratuita para personas en ERTE ofrecida por el SEPE\",\"datePublished\":\"2024-06-20T11:18:28+00:00\",\"dateModified\":\"2024-09-16T14:38:33+00:00\",\"mainEntityOfPage\":{\"@id\":\"https:\/\/metodoformacion.com\/blog\/formacion-gratuita-para-personas-en-erte\/\"},\"wordCount\":469,\"commentCount\":0,\"publisher\":{\"@id\":\"https:\/\/metodoformacion.com\/blog\/#organization\"},\"articleSection\":[\"Cursos gratis\",\"ERTE\",\"Formaci\u00f3n subvencionada\",\"Marketing digital\",\"Medioambiente\",\"Noticias\"],\"inLanguage\":\"es\",\"potentialAction\":[{\"@type\":\"CommentAction\",\"name\":\"Comment\",\"target\":[\"https:\/\/metodoformacion.com\/blog\/formacion-gratuita-para-personas-en-erte\/#respond\"]}]},{\"@type\":\"WebPage\",\"@id\":\"https:\/\/metodoformacion.com\/blog\/formacion-gratuita-para-personas-en-erte\/\",\"url\":\"https:\/\/metodoformacion.com\/blog\/formacion-gratuita-para-personas-en-erte\/\",\"name\":\"Formaci\u00f3n gratuita para personas en ERTE ofrecida por el SEPE\",\"isPartOf\":{\"@id\":\"https:\/\/metodoformacion.com\/blog\/#website\"},\"datePublished\":\"2024-06-20T11:18:28+00:00\",\"dateModified\":\"2024-09-16T14:38:33+00:00\",\"description\":\"El Sepe ofrece formaci\u00f3n gratuita para personas en ERTE mediante la cual podr\u00e1n obtener cr\u00e9ditos ECTS combinando cursos verdes y digitales.\",\"breadcrumb\":{\"@id\":\"https:\/\/metodoformacion.com\/blog\/formacion-gratuita-para-personas-en-erte\/#breadcrumb\"},\"inLanguage\":\"es\",\"potentialAction\":[{\"@type\":\"ReadAction\",\"target\":[\"https:\/\/metodoformacion.com\/blog\/formacion-gratuita-para-personas-en-erte\/\"]}]},{\"@type\":\"BreadcrumbList\",\"@id\":\"https:\/\/metodoformacion.com\/blog\/formacion-gratuita-para-personas-en-erte\/#breadcrumb\",\"itemListElement\":[{\"@type\":\"ListItem\",\"position\":1,\"name\":\"Inicio\",\"item\":\"https:\/\/metodoformacion.com\/blog\/\"},{\"@type\":\"ListItem\",\"position\":2,\"name\":\"Formaci\u00f3n gratuita para personas en ERTE ofrecida por el SEPE\"}]},{\"@type\":\"WebSite\",\"@id\":\"https:\/\/metodoformacion.com\/blog\/#website\",\"url\":\"https:\/\/metodoformacion.com\/blog\/\",\"name\":\"Blog sobre formaci\u00f3n subvencionada y empleo\",\"description\":\"\",\"publisher\":{\"@id\":\"https:\/\/metodoformacion.com\/blog\/#organization\"},\"potentialAction\":[{\"@type\":\"SearchAction\",\"target\":{\"@type\":\"EntryPoint\",\"urlTemplate\":\"https:\/\/metodoformacion.com\/blog\/?s={search_term_string}\"},\"query-input\":\"required name=search_term_string\"}],\"inLanguage\":\"es\"},{\"@type\":\"Organization\",\"@id\":\"https:\/\/metodoformacion.com\/blog\/#organization\",\"name\":\"Grupo M\u00e9todo\",\"url\":\"https:\/\/metodoformacion.com\/blog\/\",\"logo\":{\"@type\":\"ImageObject\",\"inLanguage\":\"es\",\"@id\":\"https:\/\/metodoformacion.com\/blog\/#\/schema\/logo\/image\/\",\"url\":\"https:\/\/metodoformacion.com\/blog\/wp-content\/uploads\/2019\/12\/logo-transparente.png\",\"contentUrl\":\"https:\/\/metodoformacion.com\/blog\/wp-content\/uploads\/2019\/12\/logo-transparente.png\",\"width\":160,\"height\":70,\"caption\":\"Grupo M\u00e9todo\"},\"image\":{\"@id\":\"https:\/\/metodoformacion.com\/blog\/#\/schema\/logo\/image\/\"}},{\"@type\":\"Person\",\"@id\":\"https:\/\/metodoformacion.com\/blog\/#\/schema\/person\/45ea4aca366c699abdab7a1dd90acafc\",\"name\":\"Noelia Costas\",\"image\":{\"@type\":\"ImageObject\",\"inLanguage\":\"es\",\"@id\":\"https:\/\/metodoformacion.com\/blog\/#\/schema\/person\/image\/\",\"url\":\"https:\/\/secure.gravatar.com\/avatar\/45655b4bbaf4ee3de5b6f1c6fd4ea511?s=96&r=g\",\"contentUrl\":\"https:\/\/secure.gravatar.com\/avatar\/45655b4bbaf4ee3de5b6f1c6fd4ea511?s=96&r=g\",\"caption\":\"Noelia Costas\"},\"description\":\"Graduada en Comunicaci\u00f3n Audiovisual. Departamento de Marketing y Comunicaci\u00f3n de Grupo M\u00e9todo.\",\"url\":\"https:\/\/metodoformacion.com\/blog\/author\/noelia-costas\/\"}]}<\/script>\n<!-- \/ Yoast SEO plugin. -->","yoast_head_json":{"title":"Formaci\u00f3n gratuita para personas en ERTE ofrecida por el SEPE","description":"El Sepe ofrece formaci\u00f3n gratuita para personas en ERTE mediante la cual podr\u00e1n obtener cr\u00e9ditos ECTS combinando cursos verdes y digitales.","robots":{"index":"index","follow":"follow","max-snippet":"max-snippet:-1","max-image-preview":"max-image-preview:large","max-video-preview":"max-video-preview:-1"},"canonical":"https:\/\/metodoformacion.com\/blog\/formacion-gratuita-para-personas-en-erte\/","og_locale":"es_ES","og_type":"article","og_title":"Formaci\u00f3n gratuita para personas en ERTE ofrecida por el SEPE","og_description":"El Sepe ofrece formaci\u00f3n gratuita para personas en ERTE mediante la cual podr\u00e1n obtener cr\u00e9ditos ECTS combinando cursos verdes y digitales.","og_url":"https:\/\/metodoformacion.com\/blog\/formacion-gratuita-para-personas-en-erte\/","og_site_name":"Blog sobre formaci\u00f3n subvencionada y empleo","article_published_time":"2024-06-20T11:18:28+00:00","article_modified_time":"2024-09-16T14:38:33+00:00","og_image":[{"width":650,"height":325,"url":"https:\/\/metodoformacion.com\/blog\/wp-content\/uploads\/2024\/06\/PLANTILLA-IMAGEN-DESTACADA-BLOG.jpg","type":"image\/jpeg"}],"author":"Noelia Costas","twitter_card":"summary_large_image","twitter_misc":{"Escrito por":"Noelia Costas","Tiempo de lectura":"3 minutos"},"schema":{"@context":"https:\/\/schema.org","@graph":[{"@type":"Article","@id":"https:\/\/metodoformacion.com\/blog\/formacion-gratuita-para-personas-en-erte\/#article","isPartOf":{"@id":"https:\/\/metodoformacion.com\/blog\/formacion-gratuita-para-personas-en-erte\/"},"author":{"name":"Noelia Costas","@id":"https:\/\/metodoformacion.com\/blog\/#\/schema\/person\/45ea4aca366c699abdab7a1dd90acafc"},"headline":"Formaci\u00f3n gratuita para personas en ERTE ofrecida por el SEPE","datePublished":"2024-06-20T11:18:28+00:00","dateModified":"2024-09-16T14:38:33+00:00","mainEntityOfPage":{"@id":"https:\/\/metodoformacion.com\/blog\/formacion-gratuita-para-personas-en-erte\/"},"wordCount":469,"commentCount":0,"publisher":{"@id":"https:\/\/metodoformacion.com\/blog\/#organization"},"articleSection":["Cursos gratis","ERTE","Formaci\u00f3n subvencionada","Marketing digital","Medioambiente","Noticias"],"inLanguage":"es","potentialAction":[{"@type":"CommentAction","name":"Comment","target":["https:\/\/metodoformacion.com\/blog\/formacion-gratuita-para-personas-en-erte\/#respond"]}]},{"@type":"WebPage","@id":"https:\/\/metodoformacion.com\/blog\/formacion-gratuita-para-personas-en-erte\/","url":"https:\/\/metodoformacion.com\/blog\/formacion-gratuita-para-personas-en-erte\/","name":"Formaci\u00f3n gratuita para personas en ERTE ofrecida por el SEPE","isPartOf":{"@id":"https:\/\/metodoformacion.com\/blog\/#website"},"datePublished":"2024-06-20T11:18:28+00:00","dateModified":"2024-09-16T14:38:33+00:00","description":"El Sepe ofrece formaci\u00f3n gratuita para personas en ERTE mediante la cual podr\u00e1n obtener cr\u00e9ditos ECTS combinando cursos verdes y digitales.","breadcrumb":{"@id":"https:\/\/metodoformacion.com\/blog\/formacion-gratuita-para-personas-en-erte\/#breadcrumb"},"inLanguage":"es","potentialAction":[{"@type":"ReadAction","target":["https:\/\/metodoformacion.com\/blog\/formacion-gratuita-para-personas-en-erte\/"]}]},{"@type":"BreadcrumbList","@id":"https:\/\/metodoformacion.com\/blog\/formacion-gratuita-para-personas-en-erte\/#breadcrumb","itemListElement":[{"@type":"ListItem","position":1,"name":"Inicio","item":"https:\/\/metodoformacion.com\/blog\/"},{"@type":"ListItem","position":2,"name":"Formaci\u00f3n gratuita para personas en ERTE ofrecida por el SEPE"}]},{"@type":"WebSite","@id":"https:\/\/metodoformacion.com\/blog\/#website","url":"https:\/\/metodoformacion.com\/blog\/","name":"Blog sobre formaci\u00f3n subvencionada y empleo","description":"","publisher":{"@id":"https:\/\/metodoformacion.com\/blog\/#organization"},"potentialAction":[{"@type":"SearchAction","target":{"@type":"EntryPoint","urlTemplate":"https:\/\/metodoformacion.com\/blog\/?s={search_term_string}"},"query-input":"required name=search_term_string"}],"inLanguage":"es"},{"@type":"Organization","@id":"https:\/\/metodoformacion.com\/blog\/#organization","name":"Grupo M\u00e9todo","url":"https:\/\/metodoformacion.com\/blog\/","logo":{"@type":"ImageObject","inLanguage":"es","@id":"https:\/\/metodoformacion.com\/blog\/#\/schema\/logo\/image\/","url":"https:\/\/metodoformacion.com\/blog\/wp-content\/uploads\/2019\/12\/logo-transparente.png","contentUrl":"https:\/\/metodoformacion.com\/blog\/wp-content\/uploads\/2019\/12\/logo-transparente.png","width":160,"height":70,"caption":"Grupo M\u00e9todo"},"image":{"@id":"https:\/\/metodoformacion.com\/blog\/#\/schema\/logo\/image\/"}},{"@type":"Person","@id":"https:\/\/metodoformacion.com\/blog\/#\/schema\/person\/45ea4aca366c699abdab7a1dd90acafc","name":"Noelia Costas","image":{"@type":"ImageObject","inLanguage":"es","@id":"https:\/\/metodoformacion.com\/blog\/#\/schema\/person\/image\/","url":"https:\/\/secure.gravatar.com\/avatar\/45655b4bbaf4ee3de5b6f1c6fd4ea511?s=96&r=g","contentUrl":"https:\/\/secure.gravatar.com\/avatar\/45655b4bbaf4ee3de5b6f1c6fd4ea511?s=96&r=g","caption":"Noelia Costas"},"description":"Graduada en Comunicaci\u00f3n Audiovisual. Departamento de Marketing y Comunicaci\u00f3n de Grupo M\u00e9todo.","url":"https:\/\/metodoformacion.com\/blog\/author\/noelia-costas\/"}]}},"_links":{"self":[{"href":"https:\/\/metodoformacion.com\/blog\/wp-json\/wp\/v2\/posts\/3785"}],"collection":[{"href":"https:\/\/metodoformacion.com\/blog\/wp-json\/wp\/v2\/posts"}],"about":[{"href":"https:\/\/metodoformacion.com\/blog\/wp-json\/wp\/v2\/types\/post"}],"author":[{"embeddable":true,"href":"https:\/\/metodoformacion.com\/blog\/wp-json\/wp\/v2\/users\/10"}],"replies":[{"embeddable":true,"href":"https:\/\/metodoformacion.com\/blog\/wp-json\/wp\/v2\/comments?post=3785"}],"version-history":[{"count":15,"href":"https:\/\/metodoformacion.com\/blog\/wp-json\/wp\/v2\/posts\/3785\/revisions"}],"predecessor-version":[{"id":3890,"href":"https:\/\/metodoformacion.com\/blog\/wp-json\/wp\/v2\/posts\/3785\/revisions\/3890"}],"wp:featuredmedia":[{"embeddable":true,"href":"https:\/\/metodoformacion.com\/blog\/wp-json\/wp\/v2\/media\/3791"}],"wp:attachment":[{"href":"https:\/\/metodoformacion.com\/blog\/wp-json\/wp\/v2\/media?parent=3785"}],"wp:term":[{"taxonomy":"category","embeddable":true,"href":"https:\/\/metodoformacion.com\/blog\/wp-json\/wp\/v2\/categories?post=3785"},{"taxonomy":"post_tag","embeddable":true,"href":"https:\/\/metodoformacion.com\/blog\/wp-json\/wp\/v2\/tags?post=3785"}],"curies":[{"name":"wp","href":"https:\/\/api.w.org\/{rel}","templated":true}]}}