{"id":3972,"date":"2025-01-27T12:03:08","date_gmt":"2025-01-27T12:03:08","guid":{"rendered":"https:\/\/metodoformacion.com\/blog\/?p=3972"},"modified":"2025-01-27T12:03:08","modified_gmt":"2025-01-27T12:03:08","slug":"cursos-gratuitos-comunidad-valenciana-2024","status":"publish","type":"post","link":"https:\/\/metodoformacion.com\/blog\/cursos-gratuitos-comunidad-valenciana-2024\/","title":{"rendered":"Cursos gratuitos en la Comunidad Valenciana: convocatoria 2024"},"content":{"rendered":"<p>Hola, Comunidad Valenciana. Si ya nos conoces de antes no te sorprender\u00e1 que te contemos que la <span style=\"color: #e64684;\">nueva convocatoria 2024 de formaci\u00f3n para el empleo de la Comunidad Valenciana<\/span> ya este aqu\u00ed. Y es que as\u00ed es, empezamos el a\u00f1o cargados de Certificados Profesionales y cursos gratuitos en la Comunidad Valenciana. En este art\u00edculo te contamos todos los detalles, \u00a1sigue leyendo!<\/p>\n<div id=\"ez-toc-container\" class=\"ez-toc-v2_0_62 counter-hierarchy ez-toc-counter ez-toc-custom ez-toc-container-direction\">\n<p class=\"ez-toc-title\">Hablamos sobre...<\/p>\n<label for=\"ez-toc-cssicon-toggle-item-69f3c76b31144\" class=\"ez-toc-cssicon-toggle-label\"><span class=\"\"><span class=\"eztoc-hide\" style=\"display:none;\">Toggle<\/span><span class=\"ez-toc-icon-toggle-span\"><svg style=\"fill: #000000;color:#000000\" xmlns=\"http:\/\/www.w3.org\/2000\/svg\" class=\"list-377408\" width=\"20px\" height=\"20px\" viewBox=\"0 0 24 24\" fill=\"none\"><path d=\"M6 6H4v2h2V6zm14 0H8v2h12V6zM4 11h2v2H4v-2zm16 0H8v2h12v-2zM4 16h2v2H4v-2zm16 0H8v2h12v-2z\" fill=\"currentColor\"><\/path><\/svg><svg style=\"fill: #000000;color:#000000\" class=\"arrow-unsorted-368013\" xmlns=\"http:\/\/www.w3.org\/2000\/svg\" width=\"10px\" height=\"10px\" viewBox=\"0 0 24 24\" version=\"1.2\" baseProfile=\"tiny\"><path d=\"M18.2 9.3l-6.2-6.3-6.2 6.3c-.2.2-.3.4-.3.7s.1.5.3.7c.2.2.4.3.7.3h11c.3 0 .5-.1.7-.3.2-.2.3-.5.3-.7s-.1-.5-.3-.7zM5.8 14.7l6.2 6.3 6.2-6.3c.2-.2.3-.5.3-.7s-.1-.5-.3-.7c-.2-.2-.4-.3-.7-.3h-11c-.3 0-.5.1-.7.3-.2.2-.3.5-.3.7s.1.5.3.7z\"\/><\/svg><\/span><\/span><\/label><input type=\"checkbox\"  id=\"ez-toc-cssicon-toggle-item-69f3c76b31144\" checked aria-label=\"Toggle\" \/><nav><ul class='ez-toc-list ez-toc-list-level-1 ' ><li class='ez-toc-page-1 ez-toc-heading-level-2'><a class=\"ez-toc-link ez-toc-heading-1\" href=\"https:\/\/metodoformacion.com\/blog\/cursos-gratuitos-comunidad-valenciana-2024\/#Formacion_gratuita_en_la_Comunidad_Valenciana\" title=\"Formaci\u00f3n gratuita en la Comunidad Valenciana\">Formaci\u00f3n gratuita en la Comunidad Valenciana<\/a><ul class='ez-toc-list-level-3' ><li class='ez-toc-heading-level-3'><a class=\"ez-toc-link ez-toc-heading-2\" href=\"https:\/\/metodoformacion.com\/blog\/cursos-gratuitos-comunidad-valenciana-2024\/#Formacion_online\" title=\"Formaci\u00f3n online\">Formaci\u00f3n online<\/a><\/li><li class='ez-toc-page-1 ez-toc-heading-level-3'><a class=\"ez-toc-link ez-toc-heading-3\" href=\"https:\/\/metodoformacion.com\/blog\/cursos-gratuitos-comunidad-valenciana-2024\/#Formacion_presencial\" title=\"Formaci\u00f3n presencial\">Formaci\u00f3n presencial<\/a><\/li><li class='ez-toc-page-1 ez-toc-heading-level-3'><a class=\"ez-toc-link ez-toc-heading-4\" href=\"https:\/\/metodoformacion.com\/blog\/cursos-gratuitos-comunidad-valenciana-2024\/#Formacion_para_el_sector_Economia_Social\" title=\"Formaci\u00f3n para el sector Econom\u00eda Social\">Formaci\u00f3n para el sector Econom\u00eda Social<\/a><\/li><li class='ez-toc-page-1 ez-toc-heading-level-3'><a class=\"ez-toc-link ez-toc-heading-5\" href=\"https:\/\/metodoformacion.com\/blog\/cursos-gratuitos-comunidad-valenciana-2024\/#%C2%BFComo_me_inscribo_en_los_Cursos_gratis_en_la_Comunidad_Valenciana\" title=\"\u00bfC\u00f3mo me inscribo en los Cursos gratis en la Comunidad Valenciana?\">\u00bfC\u00f3mo me inscribo en los Cursos gratis en la Comunidad Valenciana?<\/a><\/li><\/ul><\/li><\/ul><\/nav><\/div>\n<h2><span class=\"ez-toc-section\" id=\"Formacion_gratuita_en_la_Comunidad_Valenciana\"><\/span>Formaci\u00f3n gratuita en la Comunidad Valenciana<span class=\"ez-toc-section-end\"><\/span><\/h2>\n<p>A estas alturas tendr\u00e1s muchas preguntas, \u00bfpara qui\u00e9n?, \u00bfc\u00f3mo?, \u00bfd\u00f3nde?&#8230; muy f\u00e1cil. Nuestros cursos gratuitos est\u00e1n dirigidos para <span style=\"color: #e64684;\">demandantes de empleo y trabajadores<\/span>, adem\u00e1s impartimos <span style=\"color: #e64684;\">formaci\u00f3n online y presencial<\/span> en nuestros centros repartidos por las tres provincias. \u00a0La temporada pasada ofrecimos m\u00e1s de 50 cursos diferentes para elegir y este a\u00f1o no ser\u00e1 la excepci\u00f3n. Y s\u00ed, sabemos que la convocatoria se llama 2024, y no, no es un error: podr\u00e1s formarte con nosotros este 2025.<\/p>\n<p>Uno de los detalles que debes conocer es que, una vez m\u00e1s, aunque los cursos est\u00e1n destinados a determinados sectores,\u00a0todos los profesionales en activo podr\u00e1n acceder a ellos\u00a0(a excepci\u00f3n de los destinados a Econom\u00eda Social). A partir de ah\u00ed, podr\u00e1s elegir entre certificados de profesionalidad o cursos.\u00a0<a href=\"https:\/\/metodoformacion.com\/blog\/certificados-de-profesionalidad-que-son-y-como-conseguirlos\/\">Recuerda que, para acceder a los primeros, salvo en los de nivel 1, deber\u00e1s cumplir tambi\u00e9n unos requisitos acad\u00e9micos<\/a>.<\/p>\n<p>\u00bfEres demandante de empleo? Entonces tu hueco estar\u00e1 en la formaci\u00f3n presencial, pero ojo, \u00a1date prisa, las plazas son limitadas!<\/p>\n<h3><span class=\"ez-toc-section\" id=\"Formacion_online\"><\/span>Formaci\u00f3n online<span class=\"ez-toc-section-end\"><\/span><\/h3>\n<p>Si te decantas por la formaci\u00f3n a distancia (o teleformaci\u00f3n), tambi\u00e9n tendr\u00e1s la posibilidad de escoger entre\u00a0<a href=\"https:\/\/metodoformacion.com\/campa%C3%B1as\/cursos_online_gratuitos_valencia_2024-683?utm_source=Blog&amp;utm_medium=Post&amp;utm_campaign=Valencia24\">cursos<\/a>\u00a0o\u00a0<a href=\"https:\/\/metodoformacion.com\/campa%C3%B1as\/certificados_de_profesionalidad_nivel_3-682?utm_source=Blog&amp;utm_medium=Post&amp;utm_campaign=Valencia24\">certificados de profesionalidad<\/a>. Sin embargo, tendr\u00e1s que tener en cuenta que en estos \u00faltimos las<span style=\"color: #e64684;\">\u00a0tutor\u00edas y ex\u00e1menes se realizar\u00e1n siempre en modalidad presencial<\/span>.<\/p>\n<p>Entre las m\u00faltiples ventajas de esta modalidad destacamos la\u00a0<span style=\"color: #e64684;\">total flexibilidad horaria<\/span>\u00a0(cuando quieras, donde quieras), el <span style=\"color: #e64684;\">acceso abierto 24\/7 al aula virtual<\/span> y el tener un\u00a0<span style=\"color: #e64684;\">tutor a tu disposici\u00f3n<\/span> (para acompa\u00f1arte en todo el proceso y resolver todas tus dudas).<\/p>\n<h3><span class=\"ez-toc-section\" id=\"Formacion_presencial\"><\/span>Formaci\u00f3n presencial<span class=\"ez-toc-section-end\"><\/span><\/h3>\n<p>Como te adelant\u00e1bamos, en la modalidad presencial encontrar\u00e1s tambi\u00e9n <span style=\"color: #e64684;\">plazas para demandantes de empleo<\/span>. \u00bfD\u00f3nde se realiza? La impartiremos en los siguientes\u00a0centros\u00a0(\u00a1puedes acercarte tambi\u00e9n a conocernos!):<\/p>\n<ul>\n<li><a href=\"https:\/\/metodoformacion.com\/campa%C3%B1as\/cursos_presenciales_gratuitos_en_alaquas-703?utm_source=Blog&amp;utm_medium=Post&amp;utm_campaign=Valencia24\">Alaqu\u00e0s<\/a>: <span class=\"w8qArf FoJoyf\">\u00a0<a href=\"https:\/\/www.google.com\/maps\/place\/\/data=!4m2!3m1!1s0xd60503ba5090157:0xf87d21565f2eb495?sa=X&amp;ved=1t:8290&amp;ictx=111\">Carrer de la Ind\u00fastria, n\u00ba1<\/a><\/span><\/li>\n<li><a href=\"https:\/\/metodoformacion.com\/campa%C3%B1as\/cursos_presenciales_castellon-704?utm_source=Blog&amp;utm_medium=Post&amp;utm_campaign=Valencia24\">Castell\u00f3n<\/a>: <a tabindex=\"0\" href=\"https:\/\/www.google.com\/maps\/place\/\/data=!4m2!3m1!1s0xd60018cb55af3ab:0x37d6d7d0cd8c7375?sa=X&amp;ved=1t:8290&amp;ictx=111\" data-url=\"\/maps\/place\/\/data=!4m2!3m1!1s0xd60018cb55af3ab:0x37d6d7d0cd8c7375?sa=X&amp;ved=2ahUKEwj6o8yGs4uLAxWScfEDHdbzDNoQ4kB6BAgFEAA\">Carrer de Ferran el Cat\u00f2lic, 4<\/a><\/li>\n<li><a href=\"https:\/\/metodoformacion.com\/campa%C3%B1as\/cursos_presenciales_gratuitos_Petrer-705?utm_source=Blog&amp;utm_medium=Post&amp;utm_campaign=Valencia24\">Petrer<\/a>: <a href=\"https:\/\/www.google.com\/maps\/place\/\/data=!4m2!3m1!1s0xd63c5dc598061af:0x4cd4f7e28dd5be8a?sa=X&amp;ved=1t:8290&amp;ictx=111\">c\/ Poeta Enrique Amat, 4B<\/a><\/li>\n<li><a href=\"https:\/\/metodoformacion.com\/campa%C3%B1as\/cursos_presenciales_gratuitos_alboraya-702?utm_source=Blog&amp;utm_medium=Post&amp;utm_campaign=Valencia24\">Alboraya<\/a>: <a href=\"https:\/\/www.google.com\/maps\/place\/CMA+Centro+de+Formaci%C3%B3n+-+Alboraia\/@39.498383,-0.3522015,839m\/data=!3m2!1e3!4b1!4m6!3m5!1s0xd6047700bd2dea7:0xcdb2cc8b04b9d78b!8m2!3d39.4983789!4d-0.3496266!16s%2Fg%2F11twwc3rs7?entry=ttu&amp;g_ep=EgoyMDI1MDEyMS4wIKXMDSoASAFQAw%3D%3D\">c\/ Bot\u00e1nico Cabanilles, 43, bajo<\/a><\/li>\n<\/ul>\n<h3><span class=\"ez-toc-section\" id=\"Formacion_para_el_sector_Economia_Social\"><\/span>Formaci\u00f3n para el sector Econom\u00eda Social<span class=\"ez-toc-section-end\"><\/span><\/h3>\n<p>C\u00f3mo avanzamos unas l\u00edneas m\u00e1s arriba los profesionales de este sector cuentan con acciones formativas propias. En <a href=\"https:\/\/metodoformacion.com\/campa%C3%B1as\/cursos_online_gratuitos_economia_social_2024-684?utm_source=Blog&amp;utm_medium=Post&amp;utm_campaign=Valencia24-EcSocial\">este enlace<\/a> puedes encontrar todos los cursos que tenemos disponibles en este momento. Te preguntar\u00e1s, \u00bfa qui\u00e9n incluye el <span style=\"color: #e64684;\">sector Econom\u00eda Social<\/span>? Pues bien, forman parte de este los siguientes:<\/p>\n<ul>\n<li>Cooperativas<\/li>\n<li>Sociedades Agrarias de Transformaci\u00f3n (SAT)<\/li>\n<li>Asociaciones y Fundaciones<\/li>\n<li>Sociedades An\u00f3nimas laborales (SAL)<\/li>\n<li>Sociedades Limitadas Laborales (SLL)<\/li>\n<li>Empresas de inserci\u00f3n<\/li>\n<li>Centros especiales de empleo (CEE)<\/li>\n<\/ul>\n<h3><span class=\"ez-toc-section\" id=\"%C2%BFComo_me_inscribo_en_los_Cursos_gratis_en_la_Comunidad_Valenciana\"><\/span>\u00bfC\u00f3mo me inscribo en los Cursos gratis en la Comunidad Valenciana?<span class=\"ez-toc-section-end\"><\/span><\/h3>\n<p>Reserva tu plaza es muy sencillo, tan solo debes seguir estos pasos:<\/p>\n<ol>\n<li><span style=\"color: #e64684;\">Elige el curso<\/span>\u00a0que mejor se adapte a ti, \u00a1no olvides revisar los requisitos de acceso!<\/li>\n<li><span style=\"color: #e64684;\">Rellena el formulario<\/span>\u00a0que encontrar\u00e1s en su ficha.<\/li>\n<li><span style=\"color: #e64684;\">Espera nuestra llamada<\/span>, nos pondremos\u00a0contigo tan pronto c\u00f3mo podamos para darte m\u00e1s detalles, resolver todas tus dudas y que puedas iniciar lo antes posible tu aventura formativa.<\/li>\n<\/ol>\n<p><img loading=\"lazy\" class=\"aligncenter wp-image-3981\" src=\"https:\/\/metodoformacion.com\/blog\/wp-content\/uploads\/2025\/01\/c.valenciana1.jpg\" alt=\"\" width=\"906\" height=\"170\" srcset=\"https:\/\/metodoformacion.com\/blog\/wp-content\/uploads\/2025\/01\/c.valenciana1.jpg 1306w, https:\/\/metodoformacion.com\/blog\/wp-content\/uploads\/2025\/01\/c.valenciana1-300x56.jpg 300w, https:\/\/metodoformacion.com\/blog\/wp-content\/uploads\/2025\/01\/c.valenciana1-1024x192.jpg 1024w, https:\/\/metodoformacion.com\/blog\/wp-content\/uploads\/2025\/01\/c.valenciana1-768x144.jpg 768w\" sizes=\"(max-width: 906px) 100vw, 906px\" \/><\/p>\n","protected":false},"excerpt":{"rendered":"<p>Hola, Comunidad Valenciana. Si ya nos conoces de antes no te sorprender\u00e1 que te contemos que la nueva convocatoria 2024 de formaci\u00f3n para el empleo de la Comunidad Valenciana ya este aqu\u00ed. Y es que as\u00ed es, empezamos el a\u00f1o cargados de Certificados Profesionales y cursos gratuitos en la Comunidad Valenciana. En este art\u00edculo te [&hellip;]<\/p>\n","protected":false},"author":12,"featured_media":3974,"comment_status":"open","ping_status":"open","sticky":false,"template":"","format":"standard","meta":{"_monsterinsights_skip_tracking":false,"_monsterinsights_sitenote_active":false,"_monsterinsights_sitenote_note":"","_monsterinsights_sitenote_category":0},"categories":[5],"tags":[],"yoast_head":"<!-- This site is optimized with the Yoast SEO plugin v19.14 - https:\/\/yoast.com\/wordpress\/plugins\/seo\/ -->\n<title>Cursos gratuitos en la Comunidad Valenciana: convocatoria 2024<\/title>\n<meta name=\"description\" content=\"Cursos gratuitos en la Comunidad Valenciana: formaci\u00f3n online y presencial para trabajadores y desempleados. \u00a1Inf\u00f3rmate y reserva tu plaza!\" \/>\n<meta name=\"robots\" content=\"index, follow, max-snippet:-1, max-image-preview:large, max-video-preview:-1\" \/>\n<link rel=\"canonical\" href=\"https:\/\/metodoformacion.com\/blog\/cursos-gratuitos-comunidad-valenciana-2024\/\" \/>\n<meta property=\"og:locale\" content=\"es_ES\" \/>\n<meta property=\"og:type\" content=\"article\" \/>\n<meta property=\"og:title\" content=\"Cursos gratuitos en la Comunidad Valenciana: convocatoria 2024\" \/>\n<meta property=\"og:description\" content=\"Cursos gratuitos en la Comunidad Valenciana: formaci\u00f3n online y presencial para trabajadores y desempleados. \u00a1Inf\u00f3rmate y reserva tu plaza!\" \/>\n<meta property=\"og:url\" content=\"https:\/\/metodoformacion.com\/blog\/cursos-gratuitos-comunidad-valenciana-2024\/\" \/>\n<meta property=\"og:site_name\" content=\"Blog sobre formaci\u00f3n subvencionada y empleo\" \/>\n<meta property=\"article:published_time\" content=\"2025-01-27T12:03:08+00:00\" \/>\n<meta property=\"og:image\" content=\"https:\/\/metodoformacion.com\/blog\/wp-content\/uploads\/2025\/01\/Portada.Valencia24.jpg\" \/>\n\t<meta property=\"og:image:width\" content=\"650\" \/>\n\t<meta property=\"og:image:height\" content=\"325\" \/>\n\t<meta property=\"og:image:type\" content=\"image\/jpeg\" \/>\n<meta name=\"author\" content=\"Eva Crispin\" \/>\n<meta name=\"twitter:card\" content=\"summary_large_image\" \/>\n<meta name=\"twitter:label1\" content=\"Escrito por\" \/>\n\t<meta name=\"twitter:data1\" content=\"Eva Crispin\" \/>\n\t<meta name=\"twitter:label2\" content=\"Tiempo de lectura\" \/>\n\t<meta name=\"twitter:data2\" content=\"3 minutos\" \/>\n<script type=\"application\/ld+json\" class=\"yoast-schema-graph\">{\"@context\":\"https:\/\/schema.org\",\"@graph\":[{\"@type\":\"Article\",\"@id\":\"https:\/\/metodoformacion.com\/blog\/cursos-gratuitos-comunidad-valenciana-2024\/#article\",\"isPartOf\":{\"@id\":\"https:\/\/metodoformacion.com\/blog\/cursos-gratuitos-comunidad-valenciana-2024\/\"},\"author\":{\"name\":\"Eva Crispin\",\"@id\":\"https:\/\/metodoformacion.com\/blog\/#\/schema\/person\/e5f5fefa395dddd42ce0a4f49a39cd26\"},\"headline\":\"Cursos gratuitos en la Comunidad Valenciana: convocatoria 2024\",\"datePublished\":\"2025-01-27T12:03:08+00:00\",\"dateModified\":\"2025-01-27T12:03:08+00:00\",\"mainEntityOfPage\":{\"@id\":\"https:\/\/metodoformacion.com\/blog\/cursos-gratuitos-comunidad-valenciana-2024\/\"},\"wordCount\":589,\"commentCount\":0,\"publisher\":{\"@id\":\"https:\/\/metodoformacion.com\/blog\/#organization\"},\"articleSection\":[\"Sectores profesionales\"],\"inLanguage\":\"es\",\"potentialAction\":[{\"@type\":\"CommentAction\",\"name\":\"Comment\",\"target\":[\"https:\/\/metodoformacion.com\/blog\/cursos-gratuitos-comunidad-valenciana-2024\/#respond\"]}]},{\"@type\":\"WebPage\",\"@id\":\"https:\/\/metodoformacion.com\/blog\/cursos-gratuitos-comunidad-valenciana-2024\/\",\"url\":\"https:\/\/metodoformacion.com\/blog\/cursos-gratuitos-comunidad-valenciana-2024\/\",\"name\":\"Cursos gratuitos en la Comunidad Valenciana: convocatoria 2024\",\"isPartOf\":{\"@id\":\"https:\/\/metodoformacion.com\/blog\/#website\"},\"datePublished\":\"2025-01-27T12:03:08+00:00\",\"dateModified\":\"2025-01-27T12:03:08+00:00\",\"description\":\"Cursos gratuitos en la Comunidad Valenciana: formaci\u00f3n online y presencial para trabajadores y desempleados. \u00a1Inf\u00f3rmate y reserva tu plaza!\",\"breadcrumb\":{\"@id\":\"https:\/\/metodoformacion.com\/blog\/cursos-gratuitos-comunidad-valenciana-2024\/#breadcrumb\"},\"inLanguage\":\"es\",\"potentialAction\":[{\"@type\":\"ReadAction\",\"target\":[\"https:\/\/metodoformacion.com\/blog\/cursos-gratuitos-comunidad-valenciana-2024\/\"]}]},{\"@type\":\"BreadcrumbList\",\"@id\":\"https:\/\/metodoformacion.com\/blog\/cursos-gratuitos-comunidad-valenciana-2024\/#breadcrumb\",\"itemListElement\":[{\"@type\":\"ListItem\",\"position\":1,\"name\":\"Inicio\",\"item\":\"https:\/\/metodoformacion.com\/blog\/\"},{\"@type\":\"ListItem\",\"position\":2,\"name\":\"Cursos gratuitos en la Comunidad Valenciana: convocatoria 2024\"}]},{\"@type\":\"WebSite\",\"@id\":\"https:\/\/metodoformacion.com\/blog\/#website\",\"url\":\"https:\/\/metodoformacion.com\/blog\/\",\"name\":\"Blog sobre formaci\u00f3n subvencionada y empleo\",\"description\":\"\",\"publisher\":{\"@id\":\"https:\/\/metodoformacion.com\/blog\/#organization\"},\"potentialAction\":[{\"@type\":\"SearchAction\",\"target\":{\"@type\":\"EntryPoint\",\"urlTemplate\":\"https:\/\/metodoformacion.com\/blog\/?s={search_term_string}\"},\"query-input\":\"required name=search_term_string\"}],\"inLanguage\":\"es\"},{\"@type\":\"Organization\",\"@id\":\"https:\/\/metodoformacion.com\/blog\/#organization\",\"name\":\"Grupo M\u00e9todo\",\"url\":\"https:\/\/metodoformacion.com\/blog\/\",\"logo\":{\"@type\":\"ImageObject\",\"inLanguage\":\"es\",\"@id\":\"https:\/\/metodoformacion.com\/blog\/#\/schema\/logo\/image\/\",\"url\":\"https:\/\/metodoformacion.com\/blog\/wp-content\/uploads\/2019\/12\/logo-transparente.png\",\"contentUrl\":\"https:\/\/metodoformacion.com\/blog\/wp-content\/uploads\/2019\/12\/logo-transparente.png\",\"width\":160,\"height\":70,\"caption\":\"Grupo M\u00e9todo\"},\"image\":{\"@id\":\"https:\/\/metodoformacion.com\/blog\/#\/schema\/logo\/image\/\"}},{\"@type\":\"Person\",\"@id\":\"https:\/\/metodoformacion.com\/blog\/#\/schema\/person\/e5f5fefa395dddd42ce0a4f49a39cd26\",\"name\":\"Eva Crispin\",\"image\":{\"@type\":\"ImageObject\",\"inLanguage\":\"es\",\"@id\":\"https:\/\/metodoformacion.com\/blog\/#\/schema\/person\/image\/\",\"url\":\"https:\/\/secure.gravatar.com\/avatar\/25333dd669cfd710b3c6b298f4202e43?s=96&r=g\",\"contentUrl\":\"https:\/\/secure.gravatar.com\/avatar\/25333dd669cfd710b3c6b298f4202e43?s=96&r=g\",\"caption\":\"Eva Crispin\"},\"description\":\"Departamento de Marketing y Comunicaci\u00f3n\",\"sameAs\":[\"http:\/\/www.metodoformacion.com\"],\"url\":\"https:\/\/metodoformacion.com\/blog\/author\/eva-crispin\/\"}]}<\/script>\n<!-- \/ Yoast SEO plugin. -->","yoast_head_json":{"title":"Cursos gratuitos en la Comunidad Valenciana: convocatoria 2024","description":"Cursos gratuitos en la Comunidad Valenciana: formaci\u00f3n online y presencial para trabajadores y desempleados. \u00a1Inf\u00f3rmate y reserva tu plaza!","robots":{"index":"index","follow":"follow","max-snippet":"max-snippet:-1","max-image-preview":"max-image-preview:large","max-video-preview":"max-video-preview:-1"},"canonical":"https:\/\/metodoformacion.com\/blog\/cursos-gratuitos-comunidad-valenciana-2024\/","og_locale":"es_ES","og_type":"article","og_title":"Cursos gratuitos en la Comunidad Valenciana: convocatoria 2024","og_description":"Cursos gratuitos en la Comunidad Valenciana: formaci\u00f3n online y presencial para trabajadores y desempleados. \u00a1Inf\u00f3rmate y reserva tu plaza!","og_url":"https:\/\/metodoformacion.com\/blog\/cursos-gratuitos-comunidad-valenciana-2024\/","og_site_name":"Blog sobre formaci\u00f3n subvencionada y empleo","article_published_time":"2025-01-27T12:03:08+00:00","og_image":[{"width":650,"height":325,"url":"https:\/\/metodoformacion.com\/blog\/wp-content\/uploads\/2025\/01\/Portada.Valencia24.jpg","type":"image\/jpeg"}],"author":"Eva Crispin","twitter_card":"summary_large_image","twitter_misc":{"Escrito por":"Eva Crispin","Tiempo de lectura":"3 minutos"},"schema":{"@context":"https:\/\/schema.org","@graph":[{"@type":"Article","@id":"https:\/\/metodoformacion.com\/blog\/cursos-gratuitos-comunidad-valenciana-2024\/#article","isPartOf":{"@id":"https:\/\/metodoformacion.com\/blog\/cursos-gratuitos-comunidad-valenciana-2024\/"},"author":{"name":"Eva Crispin","@id":"https:\/\/metodoformacion.com\/blog\/#\/schema\/person\/e5f5fefa395dddd42ce0a4f49a39cd26"},"headline":"Cursos gratuitos en la Comunidad Valenciana: convocatoria 2024","datePublished":"2025-01-27T12:03:08+00:00","dateModified":"2025-01-27T12:03:08+00:00","mainEntityOfPage":{"@id":"https:\/\/metodoformacion.com\/blog\/cursos-gratuitos-comunidad-valenciana-2024\/"},"wordCount":589,"commentCount":0,"publisher":{"@id":"https:\/\/metodoformacion.com\/blog\/#organization"},"articleSection":["Sectores profesionales"],"inLanguage":"es","potentialAction":[{"@type":"CommentAction","name":"Comment","target":["https:\/\/metodoformacion.com\/blog\/cursos-gratuitos-comunidad-valenciana-2024\/#respond"]}]},{"@type":"WebPage","@id":"https:\/\/metodoformacion.com\/blog\/cursos-gratuitos-comunidad-valenciana-2024\/","url":"https:\/\/metodoformacion.com\/blog\/cursos-gratuitos-comunidad-valenciana-2024\/","name":"Cursos gratuitos en la Comunidad Valenciana: convocatoria 2024","isPartOf":{"@id":"https:\/\/metodoformacion.com\/blog\/#website"},"datePublished":"2025-01-27T12:03:08+00:00","dateModified":"2025-01-27T12:03:08+00:00","description":"Cursos gratuitos en la Comunidad Valenciana: formaci\u00f3n online y presencial para trabajadores y desempleados. \u00a1Inf\u00f3rmate y reserva tu plaza!","breadcrumb":{"@id":"https:\/\/metodoformacion.com\/blog\/cursos-gratuitos-comunidad-valenciana-2024\/#breadcrumb"},"inLanguage":"es","potentialAction":[{"@type":"ReadAction","target":["https:\/\/metodoformacion.com\/blog\/cursos-gratuitos-comunidad-valenciana-2024\/"]}]},{"@type":"BreadcrumbList","@id":"https:\/\/metodoformacion.com\/blog\/cursos-gratuitos-comunidad-valenciana-2024\/#breadcrumb","itemListElement":[{"@type":"ListItem","position":1,"name":"Inicio","item":"https:\/\/metodoformacion.com\/blog\/"},{"@type":"ListItem","position":2,"name":"Cursos gratuitos en la Comunidad Valenciana: convocatoria 2024"}]},{"@type":"WebSite","@id":"https:\/\/metodoformacion.com\/blog\/#website","url":"https:\/\/metodoformacion.com\/blog\/","name":"Blog sobre formaci\u00f3n subvencionada y empleo","description":"","publisher":{"@id":"https:\/\/metodoformacion.com\/blog\/#organization"},"potentialAction":[{"@type":"SearchAction","target":{"@type":"EntryPoint","urlTemplate":"https:\/\/metodoformacion.com\/blog\/?s={search_term_string}"},"query-input":"required name=search_term_string"}],"inLanguage":"es"},{"@type":"Organization","@id":"https:\/\/metodoformacion.com\/blog\/#organization","name":"Grupo M\u00e9todo","url":"https:\/\/metodoformacion.com\/blog\/","logo":{"@type":"ImageObject","inLanguage":"es","@id":"https:\/\/metodoformacion.com\/blog\/#\/schema\/logo\/image\/","url":"https:\/\/metodoformacion.com\/blog\/wp-content\/uploads\/2019\/12\/logo-transparente.png","contentUrl":"https:\/\/metodoformacion.com\/blog\/wp-content\/uploads\/2019\/12\/logo-transparente.png","width":160,"height":70,"caption":"Grupo M\u00e9todo"},"image":{"@id":"https:\/\/metodoformacion.com\/blog\/#\/schema\/logo\/image\/"}},{"@type":"Person","@id":"https:\/\/metodoformacion.com\/blog\/#\/schema\/person\/e5f5fefa395dddd42ce0a4f49a39cd26","name":"Eva Crispin","image":{"@type":"ImageObject","inLanguage":"es","@id":"https:\/\/metodoformacion.com\/blog\/#\/schema\/person\/image\/","url":"https:\/\/secure.gravatar.com\/avatar\/25333dd669cfd710b3c6b298f4202e43?s=96&r=g","contentUrl":"https:\/\/secure.gravatar.com\/avatar\/25333dd669cfd710b3c6b298f4202e43?s=96&r=g","caption":"Eva Crispin"},"description":"Departamento de Marketing y Comunicaci\u00f3n","sameAs":["http:\/\/www.metodoformacion.com"],"url":"https:\/\/metodoformacion.com\/blog\/author\/eva-crispin\/"}]}},"_links":{"self":[{"href":"https:\/\/metodoformacion.com\/blog\/wp-json\/wp\/v2\/posts\/3972"}],"collection":[{"href":"https:\/\/metodoformacion.com\/blog\/wp-json\/wp\/v2\/posts"}],"about":[{"href":"https:\/\/metodoformacion.com\/blog\/wp-json\/wp\/v2\/types\/post"}],"author":[{"embeddable":true,"href":"https:\/\/metodoformacion.com\/blog\/wp-json\/wp\/v2\/users\/12"}],"replies":[{"embeddable":true,"href":"https:\/\/metodoformacion.com\/blog\/wp-json\/wp\/v2\/comments?post=3972"}],"version-history":[{"count":3,"href":"https:\/\/metodoformacion.com\/blog\/wp-json\/wp\/v2\/posts\/3972\/revisions"}],"predecessor-version":[{"id":3982,"href":"https:\/\/metodoformacion.com\/blog\/wp-json\/wp\/v2\/posts\/3972\/revisions\/3982"}],"wp:featuredmedia":[{"embeddable":true,"href":"https:\/\/metodoformacion.com\/blog\/wp-json\/wp\/v2\/media\/3974"}],"wp:attachment":[{"href":"https:\/\/metodoformacion.com\/blog\/wp-json\/wp\/v2\/media?parent=3972"}],"wp:term":[{"taxonomy":"category","embeddable":true,"href":"https:\/\/metodoformacion.com\/blog\/wp-json\/wp\/v2\/categories?post=3972"},{"taxonomy":"post_tag","embeddable":true,"href":"https:\/\/metodoformacion.com\/blog\/wp-json\/wp\/v2\/tags?post=3972"}],"curies":[{"name":"wp","href":"https:\/\/api.w.org\/{rel}","templated":true}]}}